{"id":2760,"date":"2019-03-13T12:10:00","date_gmt":"2019-03-13T15:10:00","guid":{"rendered":"https:\/\/apublica.org\/impeachment-bolsonaro.new\/pedido-0002\/"},"modified":"2022-05-27T22:57:51","modified_gmt":"2022-05-28T01:57:51","slug":"pedido-0002","status":"publish","type":"post","link":"https:\/\/apublica.org\/impeachment-bolsonaro\/pedido-0002\/","title":{"rendered":"Pedido 002"},"content":{"rendered":"\n<p>A divulga\u00e7\u00e3o de um v\u00eddeo em uma rede social do presidente motivou o pedido de impeachment protocolado pela advogada e artista pl\u00e1stica Diva Maria Piedade Vieira dos Santos, moradora da cidade de S\u00e3o Paulo, no dia 13 de mar\u00e7o de 2019. Foi o segundo pedido de impeachment protocolado contra Bolsonaro, que na \u00e9poca tinha apenas tr\u00eas meses de governo. \u00c9 o mais antigo dos pedidos sob an\u00e1lise, uma vez que o primeiro foi arquivado por n\u00e3o cumprir requisitos documentais.&nbsp;<\/p>\n\n\n\n<p>No dia 5 de mar\u00e7o, o presidente Jair Bolsonaro (sem partido) postou, no seu perfil do Twitter, um v\u00eddeo com uma cena de um bloco de carnaval, com forte conte\u00fado pornogr\u00e1fico e escreveu: \u201cO que \u00e9 golden shower?\u201d<\/p>\n\n\n\n<p>A pretexto de cr\u00edtica ao carnaval brasileiro, Bolsonaro teria \u201cescandalizado n\u00e3o apenas seus seguidores, como grande parte dos cidad\u00e3os do pa\u00eds\u201d, diz a den\u00fancia. \u201cJamais se viu uma conduta t\u00e3o desrespeitosa \u00e0 institui\u00e7\u00e3o Presid\u00eancia da Rep\u00fablica, ao decoro, \u00e0 honra e \u00e0 dignidade do cargo, ofensiva ao pa\u00eds, \u00e0 cultura nacional e \u00e0 cidadania de forma geral\u201d, argumenta a advogada.<\/p>\n\n\n\n<p>O fato teria relev\u00e2ncia penal tipificada no artigo 218-C do C\u00f3digo Penal. Al\u00e9m disso, ao publicar o v\u00eddeo o presidente teria cometido crime de responsabilidade previsto no Artigo 9 da Lei 1.079\/50, que cita \u201c procedimento de modo incompat\u00edvel com a dignidade, a honra e o decoro do cargo.\u201d<\/p>\n","protected":false},"excerpt":{"rendered":"<p>A divulga\u00e7\u00e3o de um v\u00eddeo em uma rede social do presidente motivou o pedido de impeachment protocolado pela advogada e artista pl\u00e1stica Diva Maria Piedade Vieira dos Santos, moradora da cidade de S\u00e3o Paulo, no dia 13 de mar\u00e7o de 2019. Foi o segundo pedido de impeachment protocolado contra Bolsonaro, que na \u00e9poca tinha apenas<\/p>\n","protected":false},"author":24,"featured_media":778,"comment_status":"closed","ping_status":"closed","sticky":false,"template":"","format":"standard","meta":{"_acf_changed":false,"_jetpack_memberships_contains_paid_content":false,"footnotes":""},"categories":[1],"tags":[5],"coauthors":[],"class_list":["post-2760","post","type-post","status-publish","format-standard","has-post-thumbnail","hentry","category-sem-categoria","tag-quebra-de-decoro"],"acf":[],"yoast_head":"<!-- This site is optimized with the Yoast SEO plugin v27.5 - https:\/\/yoast.com\/product\/yoast-seo-wordpress\/ -->\n<title>Primeiro pedido de impeachment foi motivado por tu\u00edte do presidente que citava \u2018golden shower\u2019<\/title>\n<meta name=\"robots\" content=\"index, follow, max-snippet:-1, max-image-preview:large, max-video-preview:-1\" \/>\n<link rel=\"canonical\" href=\"https:\/\/apublica.org\/impeachment-bolsonaro\/pedido-0002\/\" \/>\n<meta property=\"og:locale\" content=\"pt_BR\" \/>\n<meta property=\"og:type\" content=\"article\" \/>\n<meta property=\"og:title\" content=\"Primeiro pedido de impeachment foi motivado por tu\u00edte do presidente que citava \u2018golden shower\u2019\" \/>\n<meta property=\"og:description\" content=\"A divulga\u00e7\u00e3o de um v\u00eddeo em uma rede social do presidente motivou o pedido de impeachment protocolado pela advogada e artista pl\u00e1stica Diva Maria Piedade Vieira dos Santos, moradora da cidade de S\u00e3o Paulo, no dia 13 de mar\u00e7o de 2019. Foi o segundo pedido de impeachment protocolado contra Bolsonaro, que na \u00e9poca tinha apenas\" \/>\n<meta property=\"og:url\" content=\"https:\/\/apublica.org\/impeachment-bolsonaro\/pedido-0002\/\" \/>\n<meta property=\"og:site_name\" content=\"Os pedidos de impeachment de Bolsonaro\" \/>\n<meta property=\"article:published_time\" content=\"2019-03-13T15:10:00+00:00\" \/>\n<meta property=\"article:modified_time\" content=\"2022-05-28T01:57:51+00:00\" \/>\n<meta property=\"og:image\" content=\"https:\/\/i0.wp.com\/apublica.org\/impeachment-bolsonaro\/wp-content\/uploads\/2020\/05\/imagem-pedido-diva-maria-piedade-vieira-dos-santos-antonio-cruz-agencia-brasil-e1590956774821.png?fit=1530%2C719&ssl=1\" \/>\n\t<meta property=\"og:image:width\" content=\"1530\" \/>\n\t<meta property=\"og:image:height\" content=\"719\" \/>\n\t<meta property=\"og:image:type\" content=\"image\/png\" \/>\n<meta name=\"author\" content=\"Mariama Correia\" \/>\n<meta name=\"twitter:card\" content=\"summary_large_image\" \/>\n<meta name=\"twitter:label1\" content=\"Escrito por\" \/>\n\t<meta name=\"twitter:data1\" content=\"Mariama Correia\" \/>\n\t<meta name=\"twitter:label2\" content=\"Est. tempo de leitura\" \/>\n\t<meta name=\"twitter:data2\" content=\"1 minuto\" \/>\n\t<meta name=\"twitter:label3\" content=\"Written by\" \/>\n\t<meta name=\"twitter:data3\" content=\"Mariama Correia\" \/>\n<script type=\"application\/ld+json\" class=\"yoast-schema-graph\">{\"@context\":\"https:\\\/\\\/schema.org\",\"@graph\":[{\"@type\":\"Article\",\"@id\":\"https:\\\/\\\/apublica.org\\\/impeachment-bolsonaro\\\/pedido-0002\\\/#article\",\"isPartOf\":{\"@id\":\"https:\\\/\\\/apublica.org\\\/impeachment-bolsonaro\\\/pedido-0002\\\/\"},\"author\":{\"name\":\"Mariama Correia\",\"@id\":\"https:\\\/\\\/apublica.org\\\/impeachment-bolsonaro\\\/#\\\/schema\\\/person\\\/8623a96115a50fbdb34c523c66189ee8\"},\"headline\":\"Pedido 002\",\"datePublished\":\"2019-03-13T15:10:00+00:00\",\"dateModified\":\"2022-05-28T01:57:51+00:00\",\"mainEntityOfPage\":{\"@id\":\"https:\\\/\\\/apublica.org\\\/impeachment-bolsonaro\\\/pedido-0002\\\/\"},\"wordCount\":242,\"image\":{\"@id\":\"https:\\\/\\\/apublica.org\\\/impeachment-bolsonaro\\\/pedido-0002\\\/#primaryimage\"},\"thumbnailUrl\":\"https:\\\/\\\/i0.wp.com\\\/apublica.org\\\/impeachment-bolsonaro\\\/wp-content\\\/uploads\\\/2020\\\/05\\\/imagem-pedido-diva-maria-piedade-vieira-dos-santos-antonio-cruz-agencia-brasil-e1590956774821.png?fit=1530%2C719&ssl=1\",\"keywords\":[\"quebra de decoro\"],\"inLanguage\":\"pt-BR\"},{\"@type\":\"WebPage\",\"@id\":\"https:\\\/\\\/apublica.org\\\/impeachment-bolsonaro\\\/pedido-0002\\\/\",\"url\":\"https:\\\/\\\/apublica.org\\\/impeachment-bolsonaro\\\/pedido-0002\\\/\",\"name\":\"Primeiro pedido de impeachment foi motivado por tu\u00edte do presidente que citava \u2018golden shower\u2019\",\"isPartOf\":{\"@id\":\"https:\\\/\\\/apublica.org\\\/impeachment-bolsonaro\\\/#website\"},\"primaryImageOfPage\":{\"@id\":\"https:\\\/\\\/apublica.org\\\/impeachment-bolsonaro\\\/pedido-0002\\\/#primaryimage\"},\"image\":{\"@id\":\"https:\\\/\\\/apublica.org\\\/impeachment-bolsonaro\\\/pedido-0002\\\/#primaryimage\"},\"thumbnailUrl\":\"https:\\\/\\\/i0.wp.com\\\/apublica.org\\\/impeachment-bolsonaro\\\/wp-content\\\/uploads\\\/2020\\\/05\\\/imagem-pedido-diva-maria-piedade-vieira-dos-santos-antonio-cruz-agencia-brasil-e1590956774821.png?fit=1530%2C719&ssl=1\",\"datePublished\":\"2019-03-13T15:10:00+00:00\",\"dateModified\":\"2022-05-28T01:57:51+00:00\",\"author\":{\"@id\":\"https:\\\/\\\/apublica.org\\\/impeachment-bolsonaro\\\/#\\\/schema\\\/person\\\/8623a96115a50fbdb34c523c66189ee8\"},\"breadcrumb\":{\"@id\":\"https:\\\/\\\/apublica.org\\\/impeachment-bolsonaro\\\/pedido-0002\\\/#breadcrumb\"},\"inLanguage\":\"pt-BR\",\"potentialAction\":[{\"@type\":\"ReadAction\",\"target\":[\"https:\\\/\\\/apublica.org\\\/impeachment-bolsonaro\\\/pedido-0002\\\/\"]}]},{\"@type\":\"ImageObject\",\"inLanguage\":\"pt-BR\",\"@id\":\"https:\\\/\\\/apublica.org\\\/impeachment-bolsonaro\\\/pedido-0002\\\/#primaryimage\",\"url\":\"https:\\\/\\\/i0.wp.com\\\/apublica.org\\\/impeachment-bolsonaro\\\/wp-content\\\/uploads\\\/2020\\\/05\\\/imagem-pedido-diva-maria-piedade-vieira-dos-santos-antonio-cruz-agencia-brasil-e1590956774821.png?fit=1530%2C719&ssl=1\",\"contentUrl\":\"https:\\\/\\\/i0.wp.com\\\/apublica.org\\\/impeachment-bolsonaro\\\/wp-content\\\/uploads\\\/2020\\\/05\\\/imagem-pedido-diva-maria-piedade-vieira-dos-santos-antonio-cruz-agencia-brasil-e1590956774821.png?fit=1530%2C719&ssl=1\",\"width\":1530,\"height\":719},{\"@type\":\"BreadcrumbList\",\"@id\":\"https:\\\/\\\/apublica.org\\\/impeachment-bolsonaro\\\/pedido-0002\\\/#breadcrumb\",\"itemListElement\":[{\"@type\":\"ListItem\",\"position\":1,\"name\":\"In\u00edcio\",\"item\":\"https:\\\/\\\/apublica.org\\\/impeachment-bolsonaro\\\/\"},{\"@type\":\"ListItem\",\"position\":2,\"name\":\"Pedido 002\"}]},{\"@type\":\"WebSite\",\"@id\":\"https:\\\/\\\/apublica.org\\\/impeachment-bolsonaro\\\/#website\",\"url\":\"https:\\\/\\\/apublica.org\\\/impeachment-bolsonaro\\\/\",\"name\":\"Os pedidos de impeachment de Bolsonaro\",\"description\":\"\",\"potentialAction\":[{\"@type\":\"SearchAction\",\"target\":{\"@type\":\"EntryPoint\",\"urlTemplate\":\"https:\\\/\\\/apublica.org\\\/impeachment-bolsonaro\\\/?s={search_term_string}\"},\"query-input\":{\"@type\":\"PropertyValueSpecification\",\"valueRequired\":true,\"valueName\":\"search_term_string\"}}],\"inLanguage\":\"pt-BR\"},{\"@type\":\"Person\",\"@id\":\"https:\\\/\\\/apublica.org\\\/impeachment-bolsonaro\\\/#\\\/schema\\\/person\\\/8623a96115a50fbdb34c523c66189ee8\",\"name\":\"Mariama Correia\",\"image\":{\"@type\":\"ImageObject\",\"inLanguage\":\"pt-BR\",\"@id\":\"https:\\\/\\\/secure.gravatar.com\\\/avatar\\\/d86967440835379aa59e7315cb6da864332a30c986d8ebe3bbbc2e0c439fdf92?s=96&d=mm&r=g2c50642425aec9747fc19244c0fa1a50\",\"url\":\"https:\\\/\\\/secure.gravatar.com\\\/avatar\\\/d86967440835379aa59e7315cb6da864332a30c986d8ebe3bbbc2e0c439fdf92?s=96&d=mm&r=g\",\"contentUrl\":\"https:\\\/\\\/secure.gravatar.com\\\/avatar\\\/d86967440835379aa59e7315cb6da864332a30c986d8ebe3bbbc2e0c439fdf92?s=96&d=mm&r=g\",\"caption\":\"Mariama Correia\"},\"description\":\"Jornalista formada pela Universidade Cat\u00f3lica de Pernambuco e p\u00f3s-graduada pela Universidade Federal de Pernambuco. Foi rep\u00f3rter do coletivo de jornalismo investigativo e independente Marco Zero Conte\u00fado e da editoria de Economia do jornal Folha de Pernambuco. J\u00e1 assinou mat\u00e9rias no The Intercept Brasil, em revistas da Editora Abril e em outras publica\u00e7\u00f5es. Participa do Atlas da Not\u00edcia, um mapeamento do jornalismo no Brasil, como pesquisadora do Nordeste.\",\"url\":\"https:\\\/\\\/apublica.org\\\/impeachment-bolsonaro\\\/author\\\/mariamacorreia\\\/\"}]}<\/script>\n<!-- \/ Yoast SEO plugin. -->","yoast_head_json":{"title":"Primeiro pedido de impeachment foi motivado por tu\u00edte do presidente que citava \u2018golden shower\u2019","robots":{"index":"index","follow":"follow","max-snippet":"max-snippet:-1","max-image-preview":"max-image-preview:large","max-video-preview":"max-video-preview:-1"},"canonical":"https:\/\/apublica.org\/impeachment-bolsonaro\/pedido-0002\/","og_locale":"pt_BR","og_type":"article","og_title":"Primeiro pedido de impeachment foi motivado por tu\u00edte do presidente que citava \u2018golden shower\u2019","og_description":"A divulga\u00e7\u00e3o de um v\u00eddeo em uma rede social do presidente motivou o pedido de impeachment protocolado pela advogada e artista pl\u00e1stica Diva Maria Piedade Vieira dos Santos, moradora da cidade de S\u00e3o Paulo, no dia 13 de mar\u00e7o de 2019. Foi o segundo pedido de impeachment protocolado contra Bolsonaro, que na \u00e9poca tinha apenas","og_url":"https:\/\/apublica.org\/impeachment-bolsonaro\/pedido-0002\/","og_site_name":"Os pedidos de impeachment de Bolsonaro","article_published_time":"2019-03-13T15:10:00+00:00","article_modified_time":"2022-05-28T01:57:51+00:00","og_image":[{"width":1530,"height":719,"url":"https:\/\/i0.wp.com\/apublica.org\/impeachment-bolsonaro\/wp-content\/uploads\/2020\/05\/imagem-pedido-diva-maria-piedade-vieira-dos-santos-antonio-cruz-agencia-brasil-e1590956774821.png?fit=1530%2C719&ssl=1","type":"image\/png"}],"author":"Mariama Correia","twitter_card":"summary_large_image","twitter_misc":{"Escrito por":"Mariama Correia","Est. tempo de leitura":"1 minuto","Written by":"Mariama Correia"},"schema":{"@context":"https:\/\/schema.org","@graph":[{"@type":"Article","@id":"https:\/\/apublica.org\/impeachment-bolsonaro\/pedido-0002\/#article","isPartOf":{"@id":"https:\/\/apublica.org\/impeachment-bolsonaro\/pedido-0002\/"},"author":{"name":"Mariama Correia","@id":"https:\/\/apublica.org\/impeachment-bolsonaro\/#\/schema\/person\/8623a96115a50fbdb34c523c66189ee8"},"headline":"Pedido 002","datePublished":"2019-03-13T15:10:00+00:00","dateModified":"2022-05-28T01:57:51+00:00","mainEntityOfPage":{"@id":"https:\/\/apublica.org\/impeachment-bolsonaro\/pedido-0002\/"},"wordCount":242,"image":{"@id":"https:\/\/apublica.org\/impeachment-bolsonaro\/pedido-0002\/#primaryimage"},"thumbnailUrl":"https:\/\/i0.wp.com\/apublica.org\/impeachment-bolsonaro\/wp-content\/uploads\/2020\/05\/imagem-pedido-diva-maria-piedade-vieira-dos-santos-antonio-cruz-agencia-brasil-e1590956774821.png?fit=1530%2C719&ssl=1","keywords":["quebra de decoro"],"inLanguage":"pt-BR"},{"@type":"WebPage","@id":"https:\/\/apublica.org\/impeachment-bolsonaro\/pedido-0002\/","url":"https:\/\/apublica.org\/impeachment-bolsonaro\/pedido-0002\/","name":"Primeiro pedido de impeachment foi motivado por tu\u00edte do presidente que citava \u2018golden shower\u2019","isPartOf":{"@id":"https:\/\/apublica.org\/impeachment-bolsonaro\/#website"},"primaryImageOfPage":{"@id":"https:\/\/apublica.org\/impeachment-bolsonaro\/pedido-0002\/#primaryimage"},"image":{"@id":"https:\/\/apublica.org\/impeachment-bolsonaro\/pedido-0002\/#primaryimage"},"thumbnailUrl":"https:\/\/i0.wp.com\/apublica.org\/impeachment-bolsonaro\/wp-content\/uploads\/2020\/05\/imagem-pedido-diva-maria-piedade-vieira-dos-santos-antonio-cruz-agencia-brasil-e1590956774821.png?fit=1530%2C719&ssl=1","datePublished":"2019-03-13T15:10:00+00:00","dateModified":"2022-05-28T01:57:51+00:00","author":{"@id":"https:\/\/apublica.org\/impeachment-bolsonaro\/#\/schema\/person\/8623a96115a50fbdb34c523c66189ee8"},"breadcrumb":{"@id":"https:\/\/apublica.org\/impeachment-bolsonaro\/pedido-0002\/#breadcrumb"},"inLanguage":"pt-BR","potentialAction":[{"@type":"ReadAction","target":["https:\/\/apublica.org\/impeachment-bolsonaro\/pedido-0002\/"]}]},{"@type":"ImageObject","inLanguage":"pt-BR","@id":"https:\/\/apublica.org\/impeachment-bolsonaro\/pedido-0002\/#primaryimage","url":"https:\/\/i0.wp.com\/apublica.org\/impeachment-bolsonaro\/wp-content\/uploads\/2020\/05\/imagem-pedido-diva-maria-piedade-vieira-dos-santos-antonio-cruz-agencia-brasil-e1590956774821.png?fit=1530%2C719&ssl=1","contentUrl":"https:\/\/i0.wp.com\/apublica.org\/impeachment-bolsonaro\/wp-content\/uploads\/2020\/05\/imagem-pedido-diva-maria-piedade-vieira-dos-santos-antonio-cruz-agencia-brasil-e1590956774821.png?fit=1530%2C719&ssl=1","width":1530,"height":719},{"@type":"BreadcrumbList","@id":"https:\/\/apublica.org\/impeachment-bolsonaro\/pedido-0002\/#breadcrumb","itemListElement":[{"@type":"ListItem","position":1,"name":"In\u00edcio","item":"https:\/\/apublica.org\/impeachment-bolsonaro\/"},{"@type":"ListItem","position":2,"name":"Pedido 002"}]},{"@type":"WebSite","@id":"https:\/\/apublica.org\/impeachment-bolsonaro\/#website","url":"https:\/\/apublica.org\/impeachment-bolsonaro\/","name":"Os pedidos de impeachment de Bolsonaro","description":"","potentialAction":[{"@type":"SearchAction","target":{"@type":"EntryPoint","urlTemplate":"https:\/\/apublica.org\/impeachment-bolsonaro\/?s={search_term_string}"},"query-input":{"@type":"PropertyValueSpecification","valueRequired":true,"valueName":"search_term_string"}}],"inLanguage":"pt-BR"},{"@type":"Person","@id":"https:\/\/apublica.org\/impeachment-bolsonaro\/#\/schema\/person\/8623a96115a50fbdb34c523c66189ee8","name":"Mariama Correia","image":{"@type":"ImageObject","inLanguage":"pt-BR","@id":"https:\/\/secure.gravatar.com\/avatar\/d86967440835379aa59e7315cb6da864332a30c986d8ebe3bbbc2e0c439fdf92?s=96&d=mm&r=g2c50642425aec9747fc19244c0fa1a50","url":"https:\/\/secure.gravatar.com\/avatar\/d86967440835379aa59e7315cb6da864332a30c986d8ebe3bbbc2e0c439fdf92?s=96&d=mm&r=g","contentUrl":"https:\/\/secure.gravatar.com\/avatar\/d86967440835379aa59e7315cb6da864332a30c986d8ebe3bbbc2e0c439fdf92?s=96&d=mm&r=g","caption":"Mariama Correia"},"description":"Jornalista formada pela Universidade Cat\u00f3lica de Pernambuco e p\u00f3s-graduada pela Universidade Federal de Pernambuco. Foi rep\u00f3rter do coletivo de jornalismo investigativo e independente Marco Zero Conte\u00fado e da editoria de Economia do jornal Folha de Pernambuco. J\u00e1 assinou mat\u00e9rias no The Intercept Brasil, em revistas da Editora Abril e em outras publica\u00e7\u00f5es. Participa do Atlas da Not\u00edcia, um mapeamento do jornalismo no Brasil, como pesquisadora do Nordeste.","url":"https:\/\/apublica.org\/impeachment-bolsonaro\/author\/mariamacorreia\/"}]}},"jetpack_featured_media_url":"https:\/\/i0.wp.com\/apublica.org\/impeachment-bolsonaro\/wp-content\/uploads\/2020\/05\/imagem-pedido-diva-maria-piedade-vieira-dos-santos-antonio-cruz-agencia-brasil-e1590956774821.png?fit=1530%2C719&ssl=1","jetpack_sharing_enabled":true,"_links":{"self":[{"href":"https:\/\/apublica.org\/impeachment-bolsonaro\/wp-json\/wp\/v2\/posts\/2760","targetHints":{"allow":["GET"]}}],"collection":[{"href":"https:\/\/apublica.org\/impeachment-bolsonaro\/wp-json\/wp\/v2\/posts"}],"about":[{"href":"https:\/\/apublica.org\/impeachment-bolsonaro\/wp-json\/wp\/v2\/types\/post"}],"author":[{"embeddable":true,"href":"https:\/\/apublica.org\/impeachment-bolsonaro\/wp-json\/wp\/v2\/users\/24"}],"replies":[{"embeddable":true,"href":"https:\/\/apublica.org\/impeachment-bolsonaro\/wp-json\/wp\/v2\/comments?post=2760"}],"version-history":[{"count":1,"href":"https:\/\/apublica.org\/impeachment-bolsonaro\/wp-json\/wp\/v2\/posts\/2760\/revisions"}],"predecessor-version":[{"id":3425,"href":"https:\/\/apublica.org\/impeachment-bolsonaro\/wp-json\/wp\/v2\/posts\/2760\/revisions\/3425"}],"wp:featuredmedia":[{"embeddable":true,"href":"https:\/\/apublica.org\/impeachment-bolsonaro\/wp-json\/wp\/v2\/media\/778"}],"wp:attachment":[{"href":"https:\/\/apublica.org\/impeachment-bolsonaro\/wp-json\/wp\/v2\/media?parent=2760"}],"wp:term":[{"taxonomy":"category","embeddable":true,"href":"https:\/\/apublica.org\/impeachment-bolsonaro\/wp-json\/wp\/v2\/categories?post=2760"},{"taxonomy":"post_tag","embeddable":true,"href":"https:\/\/apublica.org\/impeachment-bolsonaro\/wp-json\/wp\/v2\/tags?post=2760"},{"taxonomy":"author","embeddable":true,"href":"https:\/\/apublica.org\/impeachment-bolsonaro\/wp-json\/wp\/v2\/coauthors?post=2760"}],"curies":[{"name":"wp","href":"https:\/\/api.w.org\/{rel}","templated":true}]}}