{"id":2761,"date":"2019-11-04T02:00:20","date_gmt":"2019-11-04T05:00:20","guid":{"rendered":"https:\/\/apublica.org\/impeachment-bolsonaro.new\/pedido-0005\/"},"modified":"2022-05-27T22:57:57","modified_gmt":"2022-05-28T01:57:57","slug":"pedido-0005","status":"publish","type":"post","link":"https:\/\/apublica.org\/impeachment-bolsonaro\/pedido-0005\/","title":{"rendered":"Pedido 005"},"content":{"rendered":"\n<p>A advogada criminalista e representante do Instituto Anjos da Liberdade, Fl\u00e1via Pinheiro Fro\u00e9s, entrou com pedido de impeachment contra o presidente em novembro de 2019. A proposta tem como base, entre outras coisas, o envolvimento de Jair Bolsonaro nas investiga\u00e7\u00f5es do assassinato da vereadora Marielle Franco. O pedido ainda n\u00e3o foi analisado pelo presidente da C\u00e2mara dos Deputados, Rodrigo Maia.<\/p>\n\n\n\n<p>Em outubro de 2019, a TV Globo revelou que um dos acusados pelo assassinato da vereadora esteve no condom\u00ednio do ent\u00e3o candidato \u00e0 presid\u00eancia na v\u00e9spera do crime e teve entrada autorizada por Bolsonaro, segundo depoimento de porteiro. No entanto, o hist\u00f3rico de liga\u00e7\u00f5es da portaria, ao qual o presidente e seus filhos tiveram acesso antes dos investigadores, n\u00e3o mostra liga\u00e7\u00e3o para a casa do presidente no hor\u00e1rio em quest\u00e3o.&nbsp;&nbsp;<\/p>\n\n\n\n<p>Fro\u00e9s acusa o Presidente da Rep\u00fablica de ter cometido &#8220;quebra de cadeia de cust\u00f3dia de prova penal&#8221;, por ter acessado o hist\u00f3rico de liga\u00e7\u00f5es da portaria antes dos investigadores no Caso Marielle.&nbsp;<\/p>\n\n\n\n<p>A proponente ainda acusa Bolsonaro de ter cometido Crime de Improbidade Administrativa, depois, ao demandar abertura de inqu\u00e9rito pelo Minist\u00e9rio da Justi\u00e7a contra o porteiro e delegados envolvidos nas investiga\u00e7\u00f5es do caso.<\/p>\n\n\n\n<p>O documento argumenta que a Justi\u00e7a Federal n\u00e3o poderia ter sido acionada no caso, uma vez que &#8220;n\u00e3o se trata de crime praticado por funcion\u00e1rio p\u00fablico em raz\u00e3o da fun\u00e7\u00e3o&#8221;. Na ocasi\u00e3o, o Instituto Anjos da Paz entrou com Medida Cautelar junto ao Supremo Tribunal Federal, contra o inqu\u00e9rito.<\/p>\n\n\n\n<p>O crime de Improbidade Administrativa \u00e9 regulamentado pela lei 8.429\/92, que pro\u00edbe, em seu artigo 11, que o agente p\u00fablico cometa &#8220;qualquer a\u00e7\u00e3o ou omiss\u00e3o que viole os deveres de honestidade, imparcialidade, legalidade, e lealdade \u00e0s institui\u00e7\u00f5es&#8221; sob pena de &#8220;perda da fun\u00e7\u00e3o p\u00fablica e suspens\u00e3o dos direitos pol\u00edticos de tr\u00eas a cinco anos&#8221;.<\/p>\n\n\n\n<p>Al\u00e9m das acusa\u00e7\u00f5es em torno do Caso Marielle, o pedido de impeachment tamb\u00e9m acusa o presidente de ter atentado contra a liberdade de imprensa, configurando crime de responsabilidade pelo artigo 5\u00ba da Constitui\u00e7\u00e3o Federal. Como exemplo, o documento cita v\u00eddeo publicado no Twitter do presidente em que os jornais Folha de S. Paulo, Estado de S. Paulo, a emissora Globo e institui\u00e7\u00f5es como o Supremo Tribunal Federal s\u00e3o apresentados como hienas a serem combatidas por um le\u00e3o, que simboliza Jair Bolsonaro.<\/p>\n\n\n\n<p>Outra prova dos ataques do presidente \u00e0 imprensa apresentada pelo pedido \u00e9 o cancelamento de assinaturas de jornais e revistas por parte do Planalto e a amea\u00e7a de encerramento de contratos de publicidade com emissoras. A atitude \u00e9 comparada ao encerramento da emissora RCTV, pelo ex-presidente venezuelano Hugo Ch\u00e1vez. &#8220;O passo seguinte \u00e9 impor um controle estatal rigoroso de fluxo de internet&#8221;, sugere o documento.<\/p>\n\n\n\n<p>No pedido, a postura de Bolsonaro tamb\u00e9m \u00e9 comparada \u00e0 de Get\u00falio Vargas, durante o per\u00edodo do Estado Novo (1937\u20131946), em acusa\u00e7\u00f5es sobre seu autoritarismo e s\u00e3o anexados not\u00edcias de epis\u00f3dios nos quais o atual presidente saudou l\u00edderes ditatoriais como Augusto Pinochet e Carlos Alberto Brilhante Ustra. &#8220;Se nada for feito agora poderemos permitir a&nbsp; cria\u00e7\u00e3o de uma rep\u00fablica autocr\u00e1tica de sic\u00e1rios e espantalhos.&#8221;<\/p>\n\n\n\n<p>Posto isso, a proposta pede pede pela instaura\u00e7\u00e3o de processo de impeachment na C\u00e2mara dos Deputados e posteriormente no Senado Federal contra o presidente Jair Bolsonaro, levando a seu afastamento do cargo e suspens\u00e3o de direitos pol\u00edticos.&nbsp;<\/p>\n\n\n\n<p>O documento requer, entre outras coisas, a a intima\u00e7\u00e3o dos delegados e peritos respons\u00e1veis pelo inqu\u00e9rito que apura a morte da vereadora Marielle Franco.<\/p>\n","protected":false},"excerpt":{"rendered":"<p>A advogada criminalista e representante do Instituto Anjos da Liberdade, Fl\u00e1via Pinheiro Fro\u00e9s, entrou com pedido de impeachment contra o presidente em novembro de 2019. A proposta tem como base, entre outras coisas, o envolvimento de Jair Bolsonaro nas investiga\u00e7\u00f5es do assassinato da vereadora Marielle Franco. O pedido ainda n\u00e3o foi analisado pelo presidente da<\/p>\n","protected":false},"author":22,"featured_media":199,"comment_status":"closed","ping_status":"closed","sticky":false,"template":"","format":"standard","meta":{"_acf_changed":false,"_jetpack_memberships_contains_paid_content":false,"footnotes":""},"categories":[1],"tags":[10,6],"coauthors":[],"class_list":["post-2761","post","type-post","status-publish","format-standard","has-post-thumbnail","hentry","category-sem-categoria","tag-imprensa","tag-marielle-franco"],"acf":[],"yoast_head":"<!-- This site is optimized with the Yoast SEO plugin v27.5 - https:\/\/yoast.com\/product\/yoast-seo-wordpress\/ -->\n<title>Pedido 005 - Os pedidos de impeachment de Bolsonaro<\/title>\n<meta name=\"robots\" content=\"index, follow, max-snippet:-1, max-image-preview:large, max-video-preview:-1\" \/>\n<link rel=\"canonical\" href=\"https:\/\/apublica.org\/impeachment-bolsonaro\/pedido-0005\/\" \/>\n<meta property=\"og:locale\" content=\"pt_BR\" \/>\n<meta property=\"og:type\" content=\"article\" \/>\n<meta property=\"og:title\" content=\"Representante do Instituto Anjos da Liberdade defende recall de parlamentares e membros do judici\u00e1rio\" \/>\n<meta property=\"og:description\" content=\"A advogada criminalista e representante do Instituto Anjos da Liberdade, Fl\u00e1via Pinheiro Fro\u00e9s, entrou com pedido de impeachment contra o presidente em novembro de 2019. A proposta tem como base, entre outras coisas, o envolvimento de Jair Bolsonaro nas investiga\u00e7\u00f5es do assassinato da vereadora Marielle Franco. O pedido ainda n\u00e3o foi analisado pelo presidente da\" \/>\n<meta property=\"og:url\" content=\"https:\/\/apublica.org\/impeachment-bolsonaro\/pedido-0005\/\" \/>\n<meta property=\"og:site_name\" content=\"Os pedidos de impeachment de Bolsonaro\" \/>\n<meta property=\"article:published_time\" content=\"2019-11-04T05:00:20+00:00\" \/>\n<meta property=\"article:modified_time\" content=\"2022-05-28T01:57:57+00:00\" \/>\n<meta property=\"og:image\" content=\"https:\/\/apublica.org\/impeachment-bolsonaro.new\/wp-content\/uploads\/2020\/06\/thumb-facebook-21.png\" \/>\n<meta name=\"author\" content=\"Ethel Rudnitzki\" \/>\n<meta name=\"twitter:card\" content=\"summary_large_image\" \/>\n<meta name=\"twitter:title\" content=\"Representante do Instituto Anjos da Liberdade defende recall de parlamentares e membros do judici\u00e1rio\" \/>\n<meta name=\"twitter:image\" content=\"https:\/\/apublica.org\/impeachment-bolsonaro.new\/wp-content\/uploads\/2020\/06\/thumb-twitter-21.png\" \/>\n<meta name=\"twitter:label1\" content=\"Escrito por\" \/>\n\t<meta name=\"twitter:data1\" content=\"Ethel Rudnitzki\" \/>\n\t<meta name=\"twitter:label2\" content=\"Est. tempo de leitura\" \/>\n\t<meta name=\"twitter:data2\" content=\"3 minutos\" \/>\n\t<meta name=\"twitter:label3\" content=\"Written by\" \/>\n\t<meta name=\"twitter:data3\" content=\"Ethel Rudnitzki\" \/>\n<script type=\"application\/ld+json\" class=\"yoast-schema-graph\">{\"@context\":\"https:\\\/\\\/schema.org\",\"@graph\":[{\"@type\":\"Article\",\"@id\":\"https:\\\/\\\/apublica.org\\\/impeachment-bolsonaro\\\/pedido-0005\\\/#article\",\"isPartOf\":{\"@id\":\"https:\\\/\\\/apublica.org\\\/impeachment-bolsonaro\\\/pedido-0005\\\/\"},\"author\":{\"name\":\"Ethel Rudnitzki\",\"@id\":\"https:\\\/\\\/apublica.org\\\/impeachment-bolsonaro\\\/#\\\/schema\\\/person\\\/f28bcddd48c7d8a349d50b07e1af0146\"},\"headline\":\"Pedido 005\",\"datePublished\":\"2019-11-04T05:00:20+00:00\",\"dateModified\":\"2022-05-28T01:57:57+00:00\",\"mainEntityOfPage\":{\"@id\":\"https:\\\/\\\/apublica.org\\\/impeachment-bolsonaro\\\/pedido-0005\\\/\"},\"wordCount\":632,\"image\":{\"@id\":\"https:\\\/\\\/apublica.org\\\/impeachment-bolsonaro\\\/pedido-0005\\\/#primaryimage\"},\"thumbnailUrl\":\"https:\\\/\\\/i0.wp.com\\\/apublica.org\\\/impeachment-bolsonaro\\\/wp-content\\\/uploads\\\/2020\\\/05\\\/imagem-pedido-flavia-groes-foto-renan-olaz-camara-munical-rio.png?fit=1530%2C856&ssl=1\",\"keywords\":[\"imprensa\",\"Marielle Franco\"],\"inLanguage\":\"pt-BR\"},{\"@type\":\"WebPage\",\"@id\":\"https:\\\/\\\/apublica.org\\\/impeachment-bolsonaro\\\/pedido-0005\\\/\",\"url\":\"https:\\\/\\\/apublica.org\\\/impeachment-bolsonaro\\\/pedido-0005\\\/\",\"name\":\"Pedido 005 - Os pedidos de impeachment de Bolsonaro\",\"isPartOf\":{\"@id\":\"https:\\\/\\\/apublica.org\\\/impeachment-bolsonaro\\\/#website\"},\"primaryImageOfPage\":{\"@id\":\"https:\\\/\\\/apublica.org\\\/impeachment-bolsonaro\\\/pedido-0005\\\/#primaryimage\"},\"image\":{\"@id\":\"https:\\\/\\\/apublica.org\\\/impeachment-bolsonaro\\\/pedido-0005\\\/#primaryimage\"},\"thumbnailUrl\":\"https:\\\/\\\/i0.wp.com\\\/apublica.org\\\/impeachment-bolsonaro\\\/wp-content\\\/uploads\\\/2020\\\/05\\\/imagem-pedido-flavia-groes-foto-renan-olaz-camara-munical-rio.png?fit=1530%2C856&ssl=1\",\"datePublished\":\"2019-11-04T05:00:20+00:00\",\"dateModified\":\"2022-05-28T01:57:57+00:00\",\"author\":{\"@id\":\"https:\\\/\\\/apublica.org\\\/impeachment-bolsonaro\\\/#\\\/schema\\\/person\\\/f28bcddd48c7d8a349d50b07e1af0146\"},\"breadcrumb\":{\"@id\":\"https:\\\/\\\/apublica.org\\\/impeachment-bolsonaro\\\/pedido-0005\\\/#breadcrumb\"},\"inLanguage\":\"pt-BR\",\"potentialAction\":[{\"@type\":\"ReadAction\",\"target\":[\"https:\\\/\\\/apublica.org\\\/impeachment-bolsonaro\\\/pedido-0005\\\/\"]}]},{\"@type\":\"ImageObject\",\"inLanguage\":\"pt-BR\",\"@id\":\"https:\\\/\\\/apublica.org\\\/impeachment-bolsonaro\\\/pedido-0005\\\/#primaryimage\",\"url\":\"https:\\\/\\\/i0.wp.com\\\/apublica.org\\\/impeachment-bolsonaro\\\/wp-content\\\/uploads\\\/2020\\\/05\\\/imagem-pedido-flavia-groes-foto-renan-olaz-camara-munical-rio.png?fit=1530%2C856&ssl=1\",\"contentUrl\":\"https:\\\/\\\/i0.wp.com\\\/apublica.org\\\/impeachment-bolsonaro\\\/wp-content\\\/uploads\\\/2020\\\/05\\\/imagem-pedido-flavia-groes-foto-renan-olaz-camara-munical-rio.png?fit=1530%2C856&ssl=1\",\"width\":1530,\"height\":856},{\"@type\":\"BreadcrumbList\",\"@id\":\"https:\\\/\\\/apublica.org\\\/impeachment-bolsonaro\\\/pedido-0005\\\/#breadcrumb\",\"itemListElement\":[{\"@type\":\"ListItem\",\"position\":1,\"name\":\"In\u00edcio\",\"item\":\"https:\\\/\\\/apublica.org\\\/impeachment-bolsonaro\\\/\"},{\"@type\":\"ListItem\",\"position\":2,\"name\":\"Pedido 005\"}]},{\"@type\":\"WebSite\",\"@id\":\"https:\\\/\\\/apublica.org\\\/impeachment-bolsonaro\\\/#website\",\"url\":\"https:\\\/\\\/apublica.org\\\/impeachment-bolsonaro\\\/\",\"name\":\"Os pedidos de impeachment de Bolsonaro\",\"description\":\"\",\"potentialAction\":[{\"@type\":\"SearchAction\",\"target\":{\"@type\":\"EntryPoint\",\"urlTemplate\":\"https:\\\/\\\/apublica.org\\\/impeachment-bolsonaro\\\/?s={search_term_string}\"},\"query-input\":{\"@type\":\"PropertyValueSpecification\",\"valueRequired\":true,\"valueName\":\"search_term_string\"}}],\"inLanguage\":\"pt-BR\"},{\"@type\":\"Person\",\"@id\":\"https:\\\/\\\/apublica.org\\\/impeachment-bolsonaro\\\/#\\\/schema\\\/person\\\/f28bcddd48c7d8a349d50b07e1af0146\",\"name\":\"Ethel Rudnitzki\",\"image\":{\"@type\":\"ImageObject\",\"inLanguage\":\"pt-BR\",\"@id\":\"https:\\\/\\\/secure.gravatar.com\\\/avatar\\\/6a4ef2ec842268bf117c7866158f15821e46c42d2debc46677ad776e794ab786?s=96&d=mm&r=g64b25c309118ef2f9c2b642ad1ff43e5\",\"url\":\"https:\\\/\\\/secure.gravatar.com\\\/avatar\\\/6a4ef2ec842268bf117c7866158f15821e46c42d2debc46677ad776e794ab786?s=96&d=mm&r=g\",\"contentUrl\":\"https:\\\/\\\/secure.gravatar.com\\\/avatar\\\/6a4ef2ec842268bf117c7866158f15821e46c42d2debc46677ad776e794ab786?s=96&d=mm&r=g\",\"caption\":\"Ethel Rudnitzki\"},\"description\":\"Formada em jornalismo pela Escola de Comunica\u00e7\u00f5es e Artes da USP. Realizou interc\u00e2mbio acad\u00eamico na Universidade de Coimbra em Portugal, onde estudou jornalismo com especializa\u00e7\u00e3o em Estudos Europeus. Trabalhou tamb\u00e9m como editora e rep\u00f3rter da Revista Vira\u00e7\u00e3o e do portal Ag\u00eancia Jovem de Not\u00edcias, participando de coberturas e eventos internacionais como a Terceira Confer\u00eancia das Na\u00e7\u00f5es Unidas sobre Moradia e Desenvolvimento Urbano Sustent\u00e1vel e a 22\u00aa Confer\u00eancia das Partes sobre Mudan\u00e7a do Clima. Na P\u00fablica, fez parte do Truco \u2013 projeto de fact-checking \u2013 durante as elei\u00e7\u00f5es de 2018, e produz reportagens sobre redes sociais e desinforma\u00e7\u00e3o.\",\"url\":\"https:\\\/\\\/apublica.org\\\/impeachment-bolsonaro\\\/author\\\/ethelrudnitzki\\\/\"}]}<\/script>\n<!-- \/ Yoast SEO plugin. -->","yoast_head_json":{"title":"Pedido 005 - Os pedidos de impeachment de Bolsonaro","robots":{"index":"index","follow":"follow","max-snippet":"max-snippet:-1","max-image-preview":"max-image-preview:large","max-video-preview":"max-video-preview:-1"},"canonical":"https:\/\/apublica.org\/impeachment-bolsonaro\/pedido-0005\/","og_locale":"pt_BR","og_type":"article","og_title":"Representante do Instituto Anjos da Liberdade defende recall de parlamentares e membros do judici\u00e1rio","og_description":"A advogada criminalista e representante do Instituto Anjos da Liberdade, Fl\u00e1via Pinheiro Fro\u00e9s, entrou com pedido de impeachment contra o presidente em novembro de 2019. A proposta tem como base, entre outras coisas, o envolvimento de Jair Bolsonaro nas investiga\u00e7\u00f5es do assassinato da vereadora Marielle Franco. O pedido ainda n\u00e3o foi analisado pelo presidente da","og_url":"https:\/\/apublica.org\/impeachment-bolsonaro\/pedido-0005\/","og_site_name":"Os pedidos de impeachment de Bolsonaro","article_published_time":"2019-11-04T05:00:20+00:00","article_modified_time":"2022-05-28T01:57:57+00:00","og_image":[{"url":"https:\/\/apublica.org\/impeachment-bolsonaro.new\/wp-content\/uploads\/2020\/06\/thumb-facebook-21.png","type":"","width":"","height":""}],"author":"Ethel Rudnitzki","twitter_card":"summary_large_image","twitter_title":"Representante do Instituto Anjos da Liberdade defende recall de parlamentares e membros do judici\u00e1rio","twitter_image":"https:\/\/apublica.org\/impeachment-bolsonaro.new\/wp-content\/uploads\/2020\/06\/thumb-twitter-21.png","twitter_misc":{"Escrito por":"Ethel Rudnitzki","Est. tempo de leitura":"3 minutos","Written by":"Ethel Rudnitzki"},"schema":{"@context":"https:\/\/schema.org","@graph":[{"@type":"Article","@id":"https:\/\/apublica.org\/impeachment-bolsonaro\/pedido-0005\/#article","isPartOf":{"@id":"https:\/\/apublica.org\/impeachment-bolsonaro\/pedido-0005\/"},"author":{"name":"Ethel Rudnitzki","@id":"https:\/\/apublica.org\/impeachment-bolsonaro\/#\/schema\/person\/f28bcddd48c7d8a349d50b07e1af0146"},"headline":"Pedido 005","datePublished":"2019-11-04T05:00:20+00:00","dateModified":"2022-05-28T01:57:57+00:00","mainEntityOfPage":{"@id":"https:\/\/apublica.org\/impeachment-bolsonaro\/pedido-0005\/"},"wordCount":632,"image":{"@id":"https:\/\/apublica.org\/impeachment-bolsonaro\/pedido-0005\/#primaryimage"},"thumbnailUrl":"https:\/\/i0.wp.com\/apublica.org\/impeachment-bolsonaro\/wp-content\/uploads\/2020\/05\/imagem-pedido-flavia-groes-foto-renan-olaz-camara-munical-rio.png?fit=1530%2C856&ssl=1","keywords":["imprensa","Marielle Franco"],"inLanguage":"pt-BR"},{"@type":"WebPage","@id":"https:\/\/apublica.org\/impeachment-bolsonaro\/pedido-0005\/","url":"https:\/\/apublica.org\/impeachment-bolsonaro\/pedido-0005\/","name":"Pedido 005 - Os pedidos de impeachment de Bolsonaro","isPartOf":{"@id":"https:\/\/apublica.org\/impeachment-bolsonaro\/#website"},"primaryImageOfPage":{"@id":"https:\/\/apublica.org\/impeachment-bolsonaro\/pedido-0005\/#primaryimage"},"image":{"@id":"https:\/\/apublica.org\/impeachment-bolsonaro\/pedido-0005\/#primaryimage"},"thumbnailUrl":"https:\/\/i0.wp.com\/apublica.org\/impeachment-bolsonaro\/wp-content\/uploads\/2020\/05\/imagem-pedido-flavia-groes-foto-renan-olaz-camara-munical-rio.png?fit=1530%2C856&ssl=1","datePublished":"2019-11-04T05:00:20+00:00","dateModified":"2022-05-28T01:57:57+00:00","author":{"@id":"https:\/\/apublica.org\/impeachment-bolsonaro\/#\/schema\/person\/f28bcddd48c7d8a349d50b07e1af0146"},"breadcrumb":{"@id":"https:\/\/apublica.org\/impeachment-bolsonaro\/pedido-0005\/#breadcrumb"},"inLanguage":"pt-BR","potentialAction":[{"@type":"ReadAction","target":["https:\/\/apublica.org\/impeachment-bolsonaro\/pedido-0005\/"]}]},{"@type":"ImageObject","inLanguage":"pt-BR","@id":"https:\/\/apublica.org\/impeachment-bolsonaro\/pedido-0005\/#primaryimage","url":"https:\/\/i0.wp.com\/apublica.org\/impeachment-bolsonaro\/wp-content\/uploads\/2020\/05\/imagem-pedido-flavia-groes-foto-renan-olaz-camara-munical-rio.png?fit=1530%2C856&ssl=1","contentUrl":"https:\/\/i0.wp.com\/apublica.org\/impeachment-bolsonaro\/wp-content\/uploads\/2020\/05\/imagem-pedido-flavia-groes-foto-renan-olaz-camara-munical-rio.png?fit=1530%2C856&ssl=1","width":1530,"height":856},{"@type":"BreadcrumbList","@id":"https:\/\/apublica.org\/impeachment-bolsonaro\/pedido-0005\/#breadcrumb","itemListElement":[{"@type":"ListItem","position":1,"name":"In\u00edcio","item":"https:\/\/apublica.org\/impeachment-bolsonaro\/"},{"@type":"ListItem","position":2,"name":"Pedido 005"}]},{"@type":"WebSite","@id":"https:\/\/apublica.org\/impeachment-bolsonaro\/#website","url":"https:\/\/apublica.org\/impeachment-bolsonaro\/","name":"Os pedidos de impeachment de Bolsonaro","description":"","potentialAction":[{"@type":"SearchAction","target":{"@type":"EntryPoint","urlTemplate":"https:\/\/apublica.org\/impeachment-bolsonaro\/?s={search_term_string}"},"query-input":{"@type":"PropertyValueSpecification","valueRequired":true,"valueName":"search_term_string"}}],"inLanguage":"pt-BR"},{"@type":"Person","@id":"https:\/\/apublica.org\/impeachment-bolsonaro\/#\/schema\/person\/f28bcddd48c7d8a349d50b07e1af0146","name":"Ethel Rudnitzki","image":{"@type":"ImageObject","inLanguage":"pt-BR","@id":"https:\/\/secure.gravatar.com\/avatar\/6a4ef2ec842268bf117c7866158f15821e46c42d2debc46677ad776e794ab786?s=96&d=mm&r=g64b25c309118ef2f9c2b642ad1ff43e5","url":"https:\/\/secure.gravatar.com\/avatar\/6a4ef2ec842268bf117c7866158f15821e46c42d2debc46677ad776e794ab786?s=96&d=mm&r=g","contentUrl":"https:\/\/secure.gravatar.com\/avatar\/6a4ef2ec842268bf117c7866158f15821e46c42d2debc46677ad776e794ab786?s=96&d=mm&r=g","caption":"Ethel Rudnitzki"},"description":"Formada em jornalismo pela Escola de Comunica\u00e7\u00f5es e Artes da USP. Realizou interc\u00e2mbio acad\u00eamico na Universidade de Coimbra em Portugal, onde estudou jornalismo com especializa\u00e7\u00e3o em Estudos Europeus. Trabalhou tamb\u00e9m como editora e rep\u00f3rter da Revista Vira\u00e7\u00e3o e do portal Ag\u00eancia Jovem de Not\u00edcias, participando de coberturas e eventos internacionais como a Terceira Confer\u00eancia das Na\u00e7\u00f5es Unidas sobre Moradia e Desenvolvimento Urbano Sustent\u00e1vel e a 22\u00aa Confer\u00eancia das Partes sobre Mudan\u00e7a do Clima. Na P\u00fablica, fez parte do Truco \u2013 projeto de fact-checking \u2013 durante as elei\u00e7\u00f5es de 2018, e produz reportagens sobre redes sociais e desinforma\u00e7\u00e3o.","url":"https:\/\/apublica.org\/impeachment-bolsonaro\/author\/ethelrudnitzki\/"}]}},"jetpack_featured_media_url":"https:\/\/i0.wp.com\/apublica.org\/impeachment-bolsonaro\/wp-content\/uploads\/2020\/05\/imagem-pedido-flavia-groes-foto-renan-olaz-camara-munical-rio.png?fit=1530%2C856&ssl=1","jetpack_sharing_enabled":true,"_links":{"self":[{"href":"https:\/\/apublica.org\/impeachment-bolsonaro\/wp-json\/wp\/v2\/posts\/2761","targetHints":{"allow":["GET"]}}],"collection":[{"href":"https:\/\/apublica.org\/impeachment-bolsonaro\/wp-json\/wp\/v2\/posts"}],"about":[{"href":"https:\/\/apublica.org\/impeachment-bolsonaro\/wp-json\/wp\/v2\/types\/post"}],"author":[{"embeddable":true,"href":"https:\/\/apublica.org\/impeachment-bolsonaro\/wp-json\/wp\/v2\/users\/22"}],"replies":[{"embeddable":true,"href":"https:\/\/apublica.org\/impeachment-bolsonaro\/wp-json\/wp\/v2\/comments?post=2761"}],"version-history":[{"count":1,"href":"https:\/\/apublica.org\/impeachment-bolsonaro\/wp-json\/wp\/v2\/posts\/2761\/revisions"}],"predecessor-version":[{"id":3422,"href":"https:\/\/apublica.org\/impeachment-bolsonaro\/wp-json\/wp\/v2\/posts\/2761\/revisions\/3422"}],"wp:featuredmedia":[{"embeddable":true,"href":"https:\/\/apublica.org\/impeachment-bolsonaro\/wp-json\/wp\/v2\/media\/199"}],"wp:attachment":[{"href":"https:\/\/apublica.org\/impeachment-bolsonaro\/wp-json\/wp\/v2\/media?parent=2761"}],"wp:term":[{"taxonomy":"category","embeddable":true,"href":"https:\/\/apublica.org\/impeachment-bolsonaro\/wp-json\/wp\/v2\/categories?post=2761"},{"taxonomy":"post_tag","embeddable":true,"href":"https:\/\/apublica.org\/impeachment-bolsonaro\/wp-json\/wp\/v2\/tags?post=2761"},{"taxonomy":"author","embeddable":true,"href":"https:\/\/apublica.org\/impeachment-bolsonaro\/wp-json\/wp\/v2\/coauthors?post=2761"}],"curies":[{"name":"wp","href":"https:\/\/api.w.org\/{rel}","templated":true}]}}