{"id":2762,"date":"2020-03-17T15:00:00","date_gmt":"2020-03-17T18:00:00","guid":{"rendered":"https:\/\/apublica.org\/impeachment-bolsonaro.new\/pedido-011\/"},"modified":"2022-05-27T22:58:05","modified_gmt":"2022-05-28T01:58:05","slug":"pedido-011","status":"publish","type":"post","link":"https:\/\/apublica.org\/impeachment-bolsonaro\/pedido-011\/","title":{"rendered":"Pedido 0011"},"content":{"rendered":"\n<p>Protocolado no dia 17 de mar\u00e7o de 2020, o pedido de impeachment do deputado distrital do Distrito Federal, Leandro Grass (REDE), tem como premissa seis crimes de responsabilidade que o ent\u00e3o presidente da rep\u00fablica, Jair Messias Bolsonaro, teria cometido.<\/p>\n\n\n\n<p>De acordo com a denuncia, Bolsonaro \u201cparece se sentir invenc\u00edvel, inviol\u00e1vel, irrespons\u00e1vel, ensejando na pr\u00e1tica uma s\u00e9rie de crimes\u201d, como a declara\u00e7\u00e3o de que as elei\u00e7\u00f5es gerais de 2018 foram fraudadas e que as provas, que nunca foram apresentadas, estariam em sua posse. Tamb\u00e9m cita como exemplos a determina\u00e7\u00e3o de comemora\u00e7\u00e3o do Golpe Militar de 1964, em mar\u00e7o de 2019 e as declara\u00e7\u00f5es indecorosas \u00e0 jornalista Patr\u00edcia Campos Mello, em fevereiro de 2020.  <\/p>\n\n\n\n<p>Os crimes apresentados configuram oposi\u00e7\u00e3o ao livre exerc\u00edcio do Poder Judici\u00e1rio, quebra de decoro, incita\u00e7\u00e3o de militares \u00e0 desobedi\u00eancia \u00e0 lei, atentado \u00e0 Constitui\u00e7\u00e3o Federal e ao livre exerc\u00edcio dos tr\u00eas poderes.  <\/p>\n\n\n\n<p>Para o proponente, dentre os seis crimes apresentados, a convoca\u00e7\u00e3o e comparecimento \u00e0s manifesta\u00e7\u00f5es do dia 15 configuram a mais grave viola\u00e7\u00e3o cometida por Bolsonaro. Na manifesta\u00e7\u00e3o, os dizeres \u201cFora Maia\u201d, \u201cInterven\u00e7\u00e3o Militar J\u00e1\u201d, \u201cFechamento do Congresso e do STF \u201d, entre outros, estampavam os cartazes dos simpatizantes de Bolsonaro, que, contrariando as normas do Minist\u00e9rio da Sa\u00fade contr\u00e1rias \u00e0 aglomera\u00e7\u00f5es compareceu ao ato antidemocr\u00e1tico e socializou com os manifestantes. <\/p>\n\n\n\n<p>\u201cOusa-se dizer que h\u00e1 um projeto para definhar as institui\u00e7\u00f5es brasileiras [&#8230;] para que o seu plano ditatorial de poder pudesse ir a frente\u201d, escreve o advogado, j\u00e1 que n\u00e3o \u00e9 l\u00edcito ao presidente da rep\u00fablica convocar manifesta\u00e7\u00f5es de ataque aos demais poderes. Por fim, Grass afirma que um governo \u201cirrespons\u00e1vel\u201d como o de Jair Bolsonaro, \u201cembora origin\u00e1rio de elei\u00e7\u00e3o popular, pode ser tudo, menos democr\u00e1tico\u201d. <\/p>\n","protected":false},"excerpt":{"rendered":"<p>Protocolado no dia 17 de mar\u00e7o de 2020, o pedido de impeachment do deputado distrital do Distrito Federal, Leandro Grass (REDE), tem como premissa seis crimes de responsabilidade que o ent\u00e3o presidente da rep\u00fablica, Jair Messias Bolsonaro, teria cometido. De acordo com a denuncia, Bolsonaro \u201cparece se sentir invenc\u00edvel, inviol\u00e1vel, irrespons\u00e1vel, ensejando na pr\u00e1tica uma<\/p>\n","protected":false},"author":25,"featured_media":201,"comment_status":"closed","ping_status":"closed","sticky":false,"template":"","format":"standard","meta":{"_acf_changed":false,"_jetpack_memberships_contains_paid_content":false,"footnotes":""},"categories":[1],"tags":[12,11,2],"coauthors":[],"class_list":["post-2762","post","type-post","status-publish","format-standard","has-post-thumbnail","hentry","category-sem-categoria","tag-coronavirus","tag-ditadura-militar","tag-manifestacoes-antidemocraticas"],"acf":[],"yoast_head":"<!-- This site is optimized with the Yoast SEO plugin v27.4 - https:\/\/yoast.com\/product\/yoast-seo-wordpress\/ -->\n<title>Pedido 0011 - Os pedidos de impeachment de Bolsonaro<\/title>\n<meta name=\"robots\" content=\"index, follow, max-snippet:-1, max-image-preview:large, max-video-preview:-1\" \/>\n<link rel=\"canonical\" href=\"https:\/\/apublica.org\/impeachment-bolsonaro\/pedido-011\/\" \/>\n<meta property=\"og:locale\" content=\"pt_BR\" \/>\n<meta property=\"og:type\" content=\"article\" \/>\n<meta property=\"og:title\" content=\"Pedido 0011 - Os pedidos de impeachment de Bolsonaro\" \/>\n<meta property=\"og:description\" content=\"Protocolado no dia 17 de mar\u00e7o de 2020, o pedido de impeachment do deputado distrital do Distrito Federal, Leandro Grass (REDE), tem como premissa seis crimes de responsabilidade que o ent\u00e3o presidente da rep\u00fablica, Jair Messias Bolsonaro, teria cometido. De acordo com a denuncia, Bolsonaro \u201cparece se sentir invenc\u00edvel, inviol\u00e1vel, irrespons\u00e1vel, ensejando na pr\u00e1tica uma\" \/>\n<meta property=\"og:url\" content=\"https:\/\/apublica.org\/impeachment-bolsonaro\/pedido-011\/\" \/>\n<meta property=\"og:site_name\" content=\"Os pedidos de impeachment de Bolsonaro\" \/>\n<meta property=\"article:published_time\" content=\"2020-03-17T18:00:00+00:00\" \/>\n<meta property=\"article:modified_time\" content=\"2022-05-28T01:58:05+00:00\" \/>\n<meta property=\"og:image\" content=\"https:\/\/i0.wp.com\/apublica.org\/impeachment-bolsonaro\/wp-content\/uploads\/2020\/05\/imagem-pedido-leandro-grass-foto-jose-cruz-agencia-brasil-e1590957000509.png?fit=1266%2C768&ssl=1\" \/>\n\t<meta property=\"og:image:width\" content=\"1266\" \/>\n\t<meta property=\"og:image:height\" content=\"768\" \/>\n\t<meta property=\"og:image:type\" content=\"image\/png\" \/>\n<meta name=\"author\" content=\"Raphaela Ribeiro\" \/>\n<meta name=\"twitter:card\" content=\"summary_large_image\" \/>\n<meta name=\"twitter:label1\" content=\"Escrito por\" \/>\n\t<meta name=\"twitter:data1\" content=\"Raphaela Ribeiro\" \/>\n\t<meta name=\"twitter:label2\" content=\"Est. tempo de leitura\" \/>\n\t<meta name=\"twitter:data2\" content=\"2 minutos\" \/>\n\t<meta name=\"twitter:label3\" content=\"Written by\" \/>\n\t<meta name=\"twitter:data3\" content=\"Raphaela Ribeiro\" \/>\n<script type=\"application\/ld+json\" class=\"yoast-schema-graph\">{\"@context\":\"https:\\\/\\\/schema.org\",\"@graph\":[{\"@type\":\"Article\",\"@id\":\"https:\\\/\\\/apublica.org\\\/impeachment-bolsonaro\\\/pedido-011\\\/#article\",\"isPartOf\":{\"@id\":\"https:\\\/\\\/apublica.org\\\/impeachment-bolsonaro\\\/pedido-011\\\/\"},\"author\":{\"name\":\"Raphaela Ribeiro\",\"@id\":\"https:\\\/\\\/apublica.org\\\/impeachment-bolsonaro\\\/#\\\/schema\\\/person\\\/447f2e09e528135f8f74e277a4b21ab6\"},\"headline\":\"Pedido 0011\",\"datePublished\":\"2020-03-17T18:00:00+00:00\",\"dateModified\":\"2022-05-28T01:58:05+00:00\",\"mainEntityOfPage\":{\"@id\":\"https:\\\/\\\/apublica.org\\\/impeachment-bolsonaro\\\/pedido-011\\\/\"},\"wordCount\":309,\"image\":{\"@id\":\"https:\\\/\\\/apublica.org\\\/impeachment-bolsonaro\\\/pedido-011\\\/#primaryimage\"},\"thumbnailUrl\":\"https:\\\/\\\/i0.wp.com\\\/apublica.org\\\/impeachment-bolsonaro\\\/wp-content\\\/uploads\\\/2020\\\/05\\\/imagem-pedido-leandro-grass-foto-jose-cruz-agencia-brasil-e1590957000509.png?fit=1266%2C768&ssl=1\",\"keywords\":[\"coronav\u00edrus\",\"ditadura militar\",\"manifesta\u00e7\u00f5es antidemocr\u00e1ticas\"],\"inLanguage\":\"pt-BR\"},{\"@type\":\"WebPage\",\"@id\":\"https:\\\/\\\/apublica.org\\\/impeachment-bolsonaro\\\/pedido-011\\\/\",\"url\":\"https:\\\/\\\/apublica.org\\\/impeachment-bolsonaro\\\/pedido-011\\\/\",\"name\":\"Pedido 0011 - Os pedidos de impeachment de Bolsonaro\",\"isPartOf\":{\"@id\":\"https:\\\/\\\/apublica.org\\\/impeachment-bolsonaro\\\/#website\"},\"primaryImageOfPage\":{\"@id\":\"https:\\\/\\\/apublica.org\\\/impeachment-bolsonaro\\\/pedido-011\\\/#primaryimage\"},\"image\":{\"@id\":\"https:\\\/\\\/apublica.org\\\/impeachment-bolsonaro\\\/pedido-011\\\/#primaryimage\"},\"thumbnailUrl\":\"https:\\\/\\\/i0.wp.com\\\/apublica.org\\\/impeachment-bolsonaro\\\/wp-content\\\/uploads\\\/2020\\\/05\\\/imagem-pedido-leandro-grass-foto-jose-cruz-agencia-brasil-e1590957000509.png?fit=1266%2C768&ssl=1\",\"datePublished\":\"2020-03-17T18:00:00+00:00\",\"dateModified\":\"2022-05-28T01:58:05+00:00\",\"author\":{\"@id\":\"https:\\\/\\\/apublica.org\\\/impeachment-bolsonaro\\\/#\\\/schema\\\/person\\\/447f2e09e528135f8f74e277a4b21ab6\"},\"breadcrumb\":{\"@id\":\"https:\\\/\\\/apublica.org\\\/impeachment-bolsonaro\\\/pedido-011\\\/#breadcrumb\"},\"inLanguage\":\"pt-BR\",\"potentialAction\":[{\"@type\":\"ReadAction\",\"target\":[\"https:\\\/\\\/apublica.org\\\/impeachment-bolsonaro\\\/pedido-011\\\/\"]}]},{\"@type\":\"ImageObject\",\"inLanguage\":\"pt-BR\",\"@id\":\"https:\\\/\\\/apublica.org\\\/impeachment-bolsonaro\\\/pedido-011\\\/#primaryimage\",\"url\":\"https:\\\/\\\/i0.wp.com\\\/apublica.org\\\/impeachment-bolsonaro\\\/wp-content\\\/uploads\\\/2020\\\/05\\\/imagem-pedido-leandro-grass-foto-jose-cruz-agencia-brasil-e1590957000509.png?fit=1266%2C768&ssl=1\",\"contentUrl\":\"https:\\\/\\\/i0.wp.com\\\/apublica.org\\\/impeachment-bolsonaro\\\/wp-content\\\/uploads\\\/2020\\\/05\\\/imagem-pedido-leandro-grass-foto-jose-cruz-agencia-brasil-e1590957000509.png?fit=1266%2C768&ssl=1\",\"width\":1266,\"height\":768},{\"@type\":\"BreadcrumbList\",\"@id\":\"https:\\\/\\\/apublica.org\\\/impeachment-bolsonaro\\\/pedido-011\\\/#breadcrumb\",\"itemListElement\":[{\"@type\":\"ListItem\",\"position\":1,\"name\":\"In\u00edcio\",\"item\":\"https:\\\/\\\/apublica.org\\\/impeachment-bolsonaro\\\/\"},{\"@type\":\"ListItem\",\"position\":2,\"name\":\"Pedido 0011\"}]},{\"@type\":\"WebSite\",\"@id\":\"https:\\\/\\\/apublica.org\\\/impeachment-bolsonaro\\\/#website\",\"url\":\"https:\\\/\\\/apublica.org\\\/impeachment-bolsonaro\\\/\",\"name\":\"Os pedidos de impeachment de Bolsonaro\",\"description\":\"\",\"potentialAction\":[{\"@type\":\"SearchAction\",\"target\":{\"@type\":\"EntryPoint\",\"urlTemplate\":\"https:\\\/\\\/apublica.org\\\/impeachment-bolsonaro\\\/?s={search_term_string}\"},\"query-input\":{\"@type\":\"PropertyValueSpecification\",\"valueRequired\":true,\"valueName\":\"search_term_string\"}}],\"inLanguage\":\"pt-BR\"},{\"@type\":\"Person\",\"@id\":\"https:\\\/\\\/apublica.org\\\/impeachment-bolsonaro\\\/#\\\/schema\\\/person\\\/447f2e09e528135f8f74e277a4b21ab6\",\"name\":\"Raphaela Ribeiro\",\"image\":{\"@type\":\"ImageObject\",\"inLanguage\":\"pt-BR\",\"@id\":\"https:\\\/\\\/secure.gravatar.com\\\/avatar\\\/0f1388e71e41b3748e7a585af729e5a61272509d68d1380dba3193a2f847f585?s=96&d=mm&r=ga4b2ab01403aa0df356a7c395d1d605c\",\"url\":\"https:\\\/\\\/secure.gravatar.com\\\/avatar\\\/0f1388e71e41b3748e7a585af729e5a61272509d68d1380dba3193a2f847f585?s=96&d=mm&r=g\",\"contentUrl\":\"https:\\\/\\\/secure.gravatar.com\\\/avatar\\\/0f1388e71e41b3748e7a585af729e5a61272509d68d1380dba3193a2f847f585?s=96&d=mm&r=g\",\"caption\":\"Raphaela Ribeiro\"},\"description\":\"Jornalista formada pela Escola de Jornalismo \u00c9nois, laborat\u00f3rio de jornalismo c\u00edvico que trabalha pela equidade e diversidade na m\u00eddia. J\u00e1 teve reportagens focadas em territ\u00f3rio e g\u00eanero publicadas na Folha, HuffPost Brasil, The Intercept e Revista AzMina. Foi rep\u00f3rter tamb\u00e9m do ChecaZap \u2013 projeto de checagem de informa\u00e7\u00e3o \u2013 nas elei\u00e7\u00f5es de 2018. Al\u00e9m de co-autora da webs\u00e9rie \\\"Comida de Quebrada\\\", adapta\u00e7\u00e3o em audiovisual do \\\"Prato Firmeza\\\", obra finalista do Pr\u00eamio Jabuti 2016. Na P\u00fablica desde 2019, \u00e9 secret\u00e1ria de reda\u00e7\u00e3o. Antes, foi estagi\u00e1ria de reportagem e chegou a participar de coberturas reconhecidas pelo Pr\u00eamio Roche de Jornalismo em Sa\u00fade.\u00a0\",\"url\":\"https:\\\/\\\/apublica.org\\\/impeachment-bolsonaro\\\/author\\\/raphaelaribeiro\\\/\"}]}<\/script>\n<!-- \/ Yoast SEO plugin. -->","yoast_head_json":{"title":"Pedido 0011 - Os pedidos de impeachment de Bolsonaro","robots":{"index":"index","follow":"follow","max-snippet":"max-snippet:-1","max-image-preview":"max-image-preview:large","max-video-preview":"max-video-preview:-1"},"canonical":"https:\/\/apublica.org\/impeachment-bolsonaro\/pedido-011\/","og_locale":"pt_BR","og_type":"article","og_title":"Pedido 0011 - Os pedidos de impeachment de Bolsonaro","og_description":"Protocolado no dia 17 de mar\u00e7o de 2020, o pedido de impeachment do deputado distrital do Distrito Federal, Leandro Grass (REDE), tem como premissa seis crimes de responsabilidade que o ent\u00e3o presidente da rep\u00fablica, Jair Messias Bolsonaro, teria cometido. De acordo com a denuncia, Bolsonaro \u201cparece se sentir invenc\u00edvel, inviol\u00e1vel, irrespons\u00e1vel, ensejando na pr\u00e1tica uma","og_url":"https:\/\/apublica.org\/impeachment-bolsonaro\/pedido-011\/","og_site_name":"Os pedidos de impeachment de Bolsonaro","article_published_time":"2020-03-17T18:00:00+00:00","article_modified_time":"2022-05-28T01:58:05+00:00","og_image":[{"width":1266,"height":768,"url":"https:\/\/i0.wp.com\/apublica.org\/impeachment-bolsonaro\/wp-content\/uploads\/2020\/05\/imagem-pedido-leandro-grass-foto-jose-cruz-agencia-brasil-e1590957000509.png?fit=1266%2C768&ssl=1","type":"image\/png"}],"author":"Raphaela Ribeiro","twitter_card":"summary_large_image","twitter_misc":{"Escrito por":"Raphaela Ribeiro","Est. tempo de leitura":"2 minutos","Written by":"Raphaela Ribeiro"},"schema":{"@context":"https:\/\/schema.org","@graph":[{"@type":"Article","@id":"https:\/\/apublica.org\/impeachment-bolsonaro\/pedido-011\/#article","isPartOf":{"@id":"https:\/\/apublica.org\/impeachment-bolsonaro\/pedido-011\/"},"author":{"name":"Raphaela Ribeiro","@id":"https:\/\/apublica.org\/impeachment-bolsonaro\/#\/schema\/person\/447f2e09e528135f8f74e277a4b21ab6"},"headline":"Pedido 0011","datePublished":"2020-03-17T18:00:00+00:00","dateModified":"2022-05-28T01:58:05+00:00","mainEntityOfPage":{"@id":"https:\/\/apublica.org\/impeachment-bolsonaro\/pedido-011\/"},"wordCount":309,"image":{"@id":"https:\/\/apublica.org\/impeachment-bolsonaro\/pedido-011\/#primaryimage"},"thumbnailUrl":"https:\/\/i0.wp.com\/apublica.org\/impeachment-bolsonaro\/wp-content\/uploads\/2020\/05\/imagem-pedido-leandro-grass-foto-jose-cruz-agencia-brasil-e1590957000509.png?fit=1266%2C768&ssl=1","keywords":["coronav\u00edrus","ditadura militar","manifesta\u00e7\u00f5es antidemocr\u00e1ticas"],"inLanguage":"pt-BR"},{"@type":"WebPage","@id":"https:\/\/apublica.org\/impeachment-bolsonaro\/pedido-011\/","url":"https:\/\/apublica.org\/impeachment-bolsonaro\/pedido-011\/","name":"Pedido 0011 - Os pedidos de impeachment de Bolsonaro","isPartOf":{"@id":"https:\/\/apublica.org\/impeachment-bolsonaro\/#website"},"primaryImageOfPage":{"@id":"https:\/\/apublica.org\/impeachment-bolsonaro\/pedido-011\/#primaryimage"},"image":{"@id":"https:\/\/apublica.org\/impeachment-bolsonaro\/pedido-011\/#primaryimage"},"thumbnailUrl":"https:\/\/i0.wp.com\/apublica.org\/impeachment-bolsonaro\/wp-content\/uploads\/2020\/05\/imagem-pedido-leandro-grass-foto-jose-cruz-agencia-brasil-e1590957000509.png?fit=1266%2C768&ssl=1","datePublished":"2020-03-17T18:00:00+00:00","dateModified":"2022-05-28T01:58:05+00:00","author":{"@id":"https:\/\/apublica.org\/impeachment-bolsonaro\/#\/schema\/person\/447f2e09e528135f8f74e277a4b21ab6"},"breadcrumb":{"@id":"https:\/\/apublica.org\/impeachment-bolsonaro\/pedido-011\/#breadcrumb"},"inLanguage":"pt-BR","potentialAction":[{"@type":"ReadAction","target":["https:\/\/apublica.org\/impeachment-bolsonaro\/pedido-011\/"]}]},{"@type":"ImageObject","inLanguage":"pt-BR","@id":"https:\/\/apublica.org\/impeachment-bolsonaro\/pedido-011\/#primaryimage","url":"https:\/\/i0.wp.com\/apublica.org\/impeachment-bolsonaro\/wp-content\/uploads\/2020\/05\/imagem-pedido-leandro-grass-foto-jose-cruz-agencia-brasil-e1590957000509.png?fit=1266%2C768&ssl=1","contentUrl":"https:\/\/i0.wp.com\/apublica.org\/impeachment-bolsonaro\/wp-content\/uploads\/2020\/05\/imagem-pedido-leandro-grass-foto-jose-cruz-agencia-brasil-e1590957000509.png?fit=1266%2C768&ssl=1","width":1266,"height":768},{"@type":"BreadcrumbList","@id":"https:\/\/apublica.org\/impeachment-bolsonaro\/pedido-011\/#breadcrumb","itemListElement":[{"@type":"ListItem","position":1,"name":"In\u00edcio","item":"https:\/\/apublica.org\/impeachment-bolsonaro\/"},{"@type":"ListItem","position":2,"name":"Pedido 0011"}]},{"@type":"WebSite","@id":"https:\/\/apublica.org\/impeachment-bolsonaro\/#website","url":"https:\/\/apublica.org\/impeachment-bolsonaro\/","name":"Os pedidos de impeachment de Bolsonaro","description":"","potentialAction":[{"@type":"SearchAction","target":{"@type":"EntryPoint","urlTemplate":"https:\/\/apublica.org\/impeachment-bolsonaro\/?s={search_term_string}"},"query-input":{"@type":"PropertyValueSpecification","valueRequired":true,"valueName":"search_term_string"}}],"inLanguage":"pt-BR"},{"@type":"Person","@id":"https:\/\/apublica.org\/impeachment-bolsonaro\/#\/schema\/person\/447f2e09e528135f8f74e277a4b21ab6","name":"Raphaela Ribeiro","image":{"@type":"ImageObject","inLanguage":"pt-BR","@id":"https:\/\/secure.gravatar.com\/avatar\/0f1388e71e41b3748e7a585af729e5a61272509d68d1380dba3193a2f847f585?s=96&d=mm&r=ga4b2ab01403aa0df356a7c395d1d605c","url":"https:\/\/secure.gravatar.com\/avatar\/0f1388e71e41b3748e7a585af729e5a61272509d68d1380dba3193a2f847f585?s=96&d=mm&r=g","contentUrl":"https:\/\/secure.gravatar.com\/avatar\/0f1388e71e41b3748e7a585af729e5a61272509d68d1380dba3193a2f847f585?s=96&d=mm&r=g","caption":"Raphaela Ribeiro"},"description":"Jornalista formada pela Escola de Jornalismo \u00c9nois, laborat\u00f3rio de jornalismo c\u00edvico que trabalha pela equidade e diversidade na m\u00eddia. J\u00e1 teve reportagens focadas em territ\u00f3rio e g\u00eanero publicadas na Folha, HuffPost Brasil, The Intercept e Revista AzMina. Foi rep\u00f3rter tamb\u00e9m do ChecaZap \u2013 projeto de checagem de informa\u00e7\u00e3o \u2013 nas elei\u00e7\u00f5es de 2018. Al\u00e9m de co-autora da webs\u00e9rie \"Comida de Quebrada\", adapta\u00e7\u00e3o em audiovisual do \"Prato Firmeza\", obra finalista do Pr\u00eamio Jabuti 2016. Na P\u00fablica desde 2019, \u00e9 secret\u00e1ria de reda\u00e7\u00e3o. Antes, foi estagi\u00e1ria de reportagem e chegou a participar de coberturas reconhecidas pelo Pr\u00eamio Roche de Jornalismo em Sa\u00fade.\u00a0","url":"https:\/\/apublica.org\/impeachment-bolsonaro\/author\/raphaelaribeiro\/"}]}},"jetpack_featured_media_url":"https:\/\/i0.wp.com\/apublica.org\/impeachment-bolsonaro\/wp-content\/uploads\/2020\/05\/imagem-pedido-leandro-grass-foto-jose-cruz-agencia-brasil-e1590957000509.png?fit=1266%2C768&ssl=1","jetpack_sharing_enabled":true,"_links":{"self":[{"href":"https:\/\/apublica.org\/impeachment-bolsonaro\/wp-json\/wp\/v2\/posts\/2762","targetHints":{"allow":["GET"]}}],"collection":[{"href":"https:\/\/apublica.org\/impeachment-bolsonaro\/wp-json\/wp\/v2\/posts"}],"about":[{"href":"https:\/\/apublica.org\/impeachment-bolsonaro\/wp-json\/wp\/v2\/types\/post"}],"author":[{"embeddable":true,"href":"https:\/\/apublica.org\/impeachment-bolsonaro\/wp-json\/wp\/v2\/users\/25"}],"replies":[{"embeddable":true,"href":"https:\/\/apublica.org\/impeachment-bolsonaro\/wp-json\/wp\/v2\/comments?post=2762"}],"version-history":[{"count":1,"href":"https:\/\/apublica.org\/impeachment-bolsonaro\/wp-json\/wp\/v2\/posts\/2762\/revisions"}],"predecessor-version":[{"id":3416,"href":"https:\/\/apublica.org\/impeachment-bolsonaro\/wp-json\/wp\/v2\/posts\/2762\/revisions\/3416"}],"wp:featuredmedia":[{"embeddable":true,"href":"https:\/\/apublica.org\/impeachment-bolsonaro\/wp-json\/wp\/v2\/media\/201"}],"wp:attachment":[{"href":"https:\/\/apublica.org\/impeachment-bolsonaro\/wp-json\/wp\/v2\/media?parent=2762"}],"wp:term":[{"taxonomy":"category","embeddable":true,"href":"https:\/\/apublica.org\/impeachment-bolsonaro\/wp-json\/wp\/v2\/categories?post=2762"},{"taxonomy":"post_tag","embeddable":true,"href":"https:\/\/apublica.org\/impeachment-bolsonaro\/wp-json\/wp\/v2\/tags?post=2762"},{"taxonomy":"author","embeddable":true,"href":"https:\/\/apublica.org\/impeachment-bolsonaro\/wp-json\/wp\/v2\/coauthors?post=2762"}],"curies":[{"name":"wp","href":"https:\/\/api.w.org\/{rel}","templated":true}]}}