{"id":2763,"date":"2020-05-05T13:00:00","date_gmt":"2020-05-05T16:00:00","guid":{"rendered":"https:\/\/apublica.org\/impeachment-bolsonaro.new\/pedido-037\/"},"modified":"2022-05-27T22:58:09","modified_gmt":"2022-05-28T01:58:09","slug":"pedido-037","status":"publish","type":"post","link":"https:\/\/apublica.org\/impeachment-bolsonaro\/pedido-037\/","title":{"rendered":"Pedido 0037"},"content":{"rendered":"\n<p>O pedido de impeachment feito por M\u00e1rcio Pinto Tuma e mais 22 advogados toma como base diversas infra\u00e7\u00f5es que o presidente Jair Bolsonaro teria cometido, destacando dentre elas cinco: atentado contra \u00e0 vida e \u00e0 sa\u00fade p\u00fablica, descumprimento de decis\u00e3o do poder judici\u00e1rio, atentado \u00e0s institui\u00e7\u00f5es democr\u00e1ticas e improbidade administrativa. <\/p>\n\n\n\n<p>O principal argumento \u00e9 que a sa\u00fade p\u00fablica vem sendo atacada sistematicamente e desde o in\u00edcio da pandemia pelo presidente, que minimizou os efeitos do coronav\u00edrus. A pe\u00e7a cita falas do presidente em coletivas de imprensa, que \u201cdemonstram o seu desapre\u00e7o \u00e0 vida e \u00e0 sa\u00fade da na\u00e7\u00e3o brasileira\u201d. O pedido reitera que as declara\u00e7\u00f5es, contr\u00e1rias \u00e0s recomenda\u00e7\u00f5es sanit\u00e1rias de preven\u00e7\u00e3o do cont\u00e1gio de covid-19, instiga os seus simpatizantes a descumprirem tamb\u00e9m as recomenda\u00e7\u00f5es de sa\u00fade. Tal atitude, segundo M\u00e1rcio Tuma, representa principalmente um atentado contra a vida de milh\u00f5es de brasileiros e, uma viola\u00e7\u00e3o do artigo 9 da Lei 1.079\/50, que determina como crime de responsabilidade quebra da dignidade, honra e decoro tocante ao cargo de Presidente da Rep\u00fablica.  <\/p>\n\n\n\n<p>O documento elenca ainda as aglomera\u00e7\u00f5es refor\u00e7adas pela presen\u00e7a do presidente, como a sua participa\u00e7\u00e3o em ato antidemocr\u00e1tico de 15 de mar\u00e7o e o ato pela interven\u00e7\u00e3o militar, em 4 de maio, o que, segundo a pe\u00e7a, coloca em risco iminente a popula\u00e7\u00e3o ao potencializar a dissemina\u00e7\u00e3o do v\u00edrus, al\u00e9m de atentar contra o Estado Democr\u00e1tico de Direito.  <\/p>\n\n\n\n<p>A segunda acusa\u00e7\u00e3o, atentado \u00e0s institui\u00e7\u00f5es democr\u00e1ticas e probidade administrativa, baseia-se na coletiva de imprensa realizada por S\u00e9rgio Moro, ex ministro da justi\u00e7a e seguran\u00e7a p\u00fablica, no dia 24 de mar\u00e7o. As declara\u00e7\u00f5es de Moro apontam suposta interfer\u00eancia pol\u00edtica de Bolsonaro no funcionamento da Pol\u00edcia Federal, a fim de obten\u00e7\u00e3o de proveito pessoal, o que configuraria viola\u00e7\u00e3o dos artigos 7 e 9  da lei de impeachment.  <\/p>\n\n\n\n<p>Por fim, o pedido lista como poss\u00edveis testemunhas no processo de impeachment: a jornalista Patr\u00edcia Campos Mello, o presidente da OAB Felipe Santa Cruz, o ex-ministro da Justi\u00e7a S\u00e9rgio Fernando Moro, o ex-ministro da Sa\u00fade Luiz Henrique Mandetta e o m\u00e9dico Drauzio Varella. <\/p>\n","protected":false},"excerpt":{"rendered":"<p>O pedido de impeachment feito por M\u00e1rcio Pinto Tuma e mais 22 advogados toma como base diversas infra\u00e7\u00f5es que o presidente Jair Bolsonaro teria cometido, destacando dentre elas cinco: atentado contra \u00e0 vida e \u00e0 sa\u00fade p\u00fablica, descumprimento de decis\u00e3o do poder judici\u00e1rio, atentado \u00e0s institui\u00e7\u00f5es democr\u00e1ticas e improbidade administrativa. O principal argumento \u00e9 que<\/p>\n","protected":false},"author":25,"featured_media":192,"comment_status":"closed","ping_status":"closed","sticky":false,"template":"","format":"standard","meta":{"_acf_changed":false,"_jetpack_memberships_contains_paid_content":false,"footnotes":""},"categories":[1],"tags":[12,7],"coauthors":[],"class_list":["post-2763","post","type-post","status-publish","format-standard","has-post-thumbnail","hentry","category-sem-categoria","tag-coronavirus","tag-policia-federal"],"acf":[],"yoast_head":"<!-- This site is optimized with the Yoast SEO plugin v27.5 - https:\/\/yoast.com\/product\/yoast-seo-wordpress\/ -->\n<title>Pedido 0037 - Os pedidos de impeachment de Bolsonaro<\/title>\n<meta name=\"description\" content=\"O pedido 0037 elenca como infra\u00e7\u00f5es que Bolsonaro teria cometido: atentado contra \u00e0 vida e \u00e0 sa\u00fade p\u00fablica e improbidade administrativa.\" \/>\n<meta name=\"robots\" content=\"index, follow, max-snippet:-1, max-image-preview:large, max-video-preview:-1\" \/>\n<link rel=\"canonical\" href=\"https:\/\/apublica.org\/impeachment-bolsonaro\/pedido-037\/\" \/>\n<meta property=\"og:locale\" content=\"pt_BR\" \/>\n<meta property=\"og:type\" content=\"article\" \/>\n<meta property=\"og:title\" content=\"Pedido 0037 - Os pedidos de impeachment de Bolsonaro\" \/>\n<meta property=\"og:description\" content=\"O pedido 0037 elenca como infra\u00e7\u00f5es que Bolsonaro teria cometido: atentado contra \u00e0 vida e \u00e0 sa\u00fade p\u00fablica e improbidade administrativa.\" \/>\n<meta property=\"og:url\" content=\"https:\/\/apublica.org\/impeachment-bolsonaro\/pedido-037\/\" \/>\n<meta property=\"og:site_name\" content=\"Os pedidos de impeachment de Bolsonaro\" \/>\n<meta property=\"article:published_time\" content=\"2020-05-05T16:00:00+00:00\" \/>\n<meta property=\"article:modified_time\" content=\"2022-05-28T01:58:09+00:00\" \/>\n<meta property=\"og:image\" content=\"https:\/\/i0.wp.com\/apublica.org\/impeachment-bolsonaro\/wp-content\/uploads\/2020\/05\/imagem-pedido-marcio-tumas-foto-jose-cruz-agencia-brasil-e1590958565480.png?fit=1216%2C703&ssl=1\" \/>\n\t<meta property=\"og:image:width\" content=\"1216\" \/>\n\t<meta property=\"og:image:height\" content=\"703\" \/>\n\t<meta property=\"og:image:type\" content=\"image\/png\" \/>\n<meta name=\"author\" content=\"Raphaela Ribeiro\" \/>\n<meta name=\"twitter:card\" content=\"summary_large_image\" \/>\n<meta name=\"twitter:label1\" content=\"Escrito por\" \/>\n\t<meta name=\"twitter:data1\" content=\"Raphaela Ribeiro\" \/>\n\t<meta name=\"twitter:label2\" content=\"Est. tempo de leitura\" \/>\n\t<meta name=\"twitter:data2\" content=\"2 minutos\" \/>\n\t<meta name=\"twitter:label3\" content=\"Written by\" \/>\n\t<meta name=\"twitter:data3\" content=\"Raphaela Ribeiro\" \/>\n<script type=\"application\/ld+json\" class=\"yoast-schema-graph\">{\"@context\":\"https:\\\/\\\/schema.org\",\"@graph\":[{\"@type\":\"Article\",\"@id\":\"https:\\\/\\\/apublica.org\\\/impeachment-bolsonaro\\\/pedido-037\\\/#article\",\"isPartOf\":{\"@id\":\"https:\\\/\\\/apublica.org\\\/impeachment-bolsonaro\\\/pedido-037\\\/\"},\"author\":{\"name\":\"Raphaela Ribeiro\",\"@id\":\"https:\\\/\\\/apublica.org\\\/impeachment-bolsonaro\\\/#\\\/schema\\\/person\\\/447f2e09e528135f8f74e277a4b21ab6\"},\"headline\":\"Pedido 0037\",\"datePublished\":\"2020-05-05T16:00:00+00:00\",\"dateModified\":\"2022-05-28T01:58:09+00:00\",\"mainEntityOfPage\":{\"@id\":\"https:\\\/\\\/apublica.org\\\/impeachment-bolsonaro\\\/pedido-037\\\/\"},\"wordCount\":387,\"image\":{\"@id\":\"https:\\\/\\\/apublica.org\\\/impeachment-bolsonaro\\\/pedido-037\\\/#primaryimage\"},\"thumbnailUrl\":\"https:\\\/\\\/i0.wp.com\\\/apublica.org\\\/impeachment-bolsonaro\\\/wp-content\\\/uploads\\\/2020\\\/05\\\/imagem-pedido-marcio-tumas-foto-jose-cruz-agencia-brasil-e1590958565480.png?fit=1216%2C703&ssl=1\",\"keywords\":[\"coronav\u00edrus\",\"Pol\u00edcia Federal\"],\"inLanguage\":\"pt-BR\"},{\"@type\":\"WebPage\",\"@id\":\"https:\\\/\\\/apublica.org\\\/impeachment-bolsonaro\\\/pedido-037\\\/\",\"url\":\"https:\\\/\\\/apublica.org\\\/impeachment-bolsonaro\\\/pedido-037\\\/\",\"name\":\"Pedido 0037 - Os pedidos de impeachment de Bolsonaro\",\"isPartOf\":{\"@id\":\"https:\\\/\\\/apublica.org\\\/impeachment-bolsonaro\\\/#website\"},\"primaryImageOfPage\":{\"@id\":\"https:\\\/\\\/apublica.org\\\/impeachment-bolsonaro\\\/pedido-037\\\/#primaryimage\"},\"image\":{\"@id\":\"https:\\\/\\\/apublica.org\\\/impeachment-bolsonaro\\\/pedido-037\\\/#primaryimage\"},\"thumbnailUrl\":\"https:\\\/\\\/i0.wp.com\\\/apublica.org\\\/impeachment-bolsonaro\\\/wp-content\\\/uploads\\\/2020\\\/05\\\/imagem-pedido-marcio-tumas-foto-jose-cruz-agencia-brasil-e1590958565480.png?fit=1216%2C703&ssl=1\",\"datePublished\":\"2020-05-05T16:00:00+00:00\",\"dateModified\":\"2022-05-28T01:58:09+00:00\",\"author\":{\"@id\":\"https:\\\/\\\/apublica.org\\\/impeachment-bolsonaro\\\/#\\\/schema\\\/person\\\/447f2e09e528135f8f74e277a4b21ab6\"},\"description\":\"O pedido 0037 elenca como infra\u00e7\u00f5es que Bolsonaro teria cometido: atentado contra \u00e0 vida e \u00e0 sa\u00fade p\u00fablica e improbidade administrativa.\",\"breadcrumb\":{\"@id\":\"https:\\\/\\\/apublica.org\\\/impeachment-bolsonaro\\\/pedido-037\\\/#breadcrumb\"},\"inLanguage\":\"pt-BR\",\"potentialAction\":[{\"@type\":\"ReadAction\",\"target\":[\"https:\\\/\\\/apublica.org\\\/impeachment-bolsonaro\\\/pedido-037\\\/\"]}]},{\"@type\":\"ImageObject\",\"inLanguage\":\"pt-BR\",\"@id\":\"https:\\\/\\\/apublica.org\\\/impeachment-bolsonaro\\\/pedido-037\\\/#primaryimage\",\"url\":\"https:\\\/\\\/i0.wp.com\\\/apublica.org\\\/impeachment-bolsonaro\\\/wp-content\\\/uploads\\\/2020\\\/05\\\/imagem-pedido-marcio-tumas-foto-jose-cruz-agencia-brasil-e1590958565480.png?fit=1216%2C703&ssl=1\",\"contentUrl\":\"https:\\\/\\\/i0.wp.com\\\/apublica.org\\\/impeachment-bolsonaro\\\/wp-content\\\/uploads\\\/2020\\\/05\\\/imagem-pedido-marcio-tumas-foto-jose-cruz-agencia-brasil-e1590958565480.png?fit=1216%2C703&ssl=1\",\"width\":1216,\"height\":703,\"caption\":\"foto: jose cruz\\\/Ag\u00eancia Brasil\"},{\"@type\":\"BreadcrumbList\",\"@id\":\"https:\\\/\\\/apublica.org\\\/impeachment-bolsonaro\\\/pedido-037\\\/#breadcrumb\",\"itemListElement\":[{\"@type\":\"ListItem\",\"position\":1,\"name\":\"In\u00edcio\",\"item\":\"https:\\\/\\\/apublica.org\\\/impeachment-bolsonaro\\\/\"},{\"@type\":\"ListItem\",\"position\":2,\"name\":\"Pedido 0037\"}]},{\"@type\":\"WebSite\",\"@id\":\"https:\\\/\\\/apublica.org\\\/impeachment-bolsonaro\\\/#website\",\"url\":\"https:\\\/\\\/apublica.org\\\/impeachment-bolsonaro\\\/\",\"name\":\"Os pedidos de impeachment de Bolsonaro\",\"description\":\"\",\"potentialAction\":[{\"@type\":\"SearchAction\",\"target\":{\"@type\":\"EntryPoint\",\"urlTemplate\":\"https:\\\/\\\/apublica.org\\\/impeachment-bolsonaro\\\/?s={search_term_string}\"},\"query-input\":{\"@type\":\"PropertyValueSpecification\",\"valueRequired\":true,\"valueName\":\"search_term_string\"}}],\"inLanguage\":\"pt-BR\"},{\"@type\":\"Person\",\"@id\":\"https:\\\/\\\/apublica.org\\\/impeachment-bolsonaro\\\/#\\\/schema\\\/person\\\/447f2e09e528135f8f74e277a4b21ab6\",\"name\":\"Raphaela Ribeiro\",\"image\":{\"@type\":\"ImageObject\",\"inLanguage\":\"pt-BR\",\"@id\":\"https:\\\/\\\/secure.gravatar.com\\\/avatar\\\/0f1388e71e41b3748e7a585af729e5a61272509d68d1380dba3193a2f847f585?s=96&d=mm&r=ga4b2ab01403aa0df356a7c395d1d605c\",\"url\":\"https:\\\/\\\/secure.gravatar.com\\\/avatar\\\/0f1388e71e41b3748e7a585af729e5a61272509d68d1380dba3193a2f847f585?s=96&d=mm&r=g\",\"contentUrl\":\"https:\\\/\\\/secure.gravatar.com\\\/avatar\\\/0f1388e71e41b3748e7a585af729e5a61272509d68d1380dba3193a2f847f585?s=96&d=mm&r=g\",\"caption\":\"Raphaela Ribeiro\"},\"description\":\"Jornalista formada pela Escola de Jornalismo \u00c9nois, laborat\u00f3rio de jornalismo c\u00edvico que trabalha pela equidade e diversidade na m\u00eddia. J\u00e1 teve reportagens focadas em territ\u00f3rio e g\u00eanero publicadas na Folha, HuffPost Brasil, The Intercept e Revista AzMina. Foi rep\u00f3rter tamb\u00e9m do ChecaZap \u2013 projeto de checagem de informa\u00e7\u00e3o \u2013 nas elei\u00e7\u00f5es de 2018. Al\u00e9m de co-autora da webs\u00e9rie \\\"Comida de Quebrada\\\", adapta\u00e7\u00e3o em audiovisual do \\\"Prato Firmeza\\\", obra finalista do Pr\u00eamio Jabuti 2016. Na P\u00fablica desde 2019, \u00e9 secret\u00e1ria de reda\u00e7\u00e3o. Antes, foi estagi\u00e1ria de reportagem e chegou a participar de coberturas reconhecidas pelo Pr\u00eamio Roche de Jornalismo em Sa\u00fade.\u00a0\",\"url\":\"https:\\\/\\\/apublica.org\\\/impeachment-bolsonaro\\\/author\\\/raphaelaribeiro\\\/\"}]}<\/script>\n<!-- \/ Yoast SEO plugin. -->","yoast_head_json":{"title":"Pedido 0037 - Os pedidos de impeachment de Bolsonaro","description":"O pedido 0037 elenca como infra\u00e7\u00f5es que Bolsonaro teria cometido: atentado contra \u00e0 vida e \u00e0 sa\u00fade p\u00fablica e improbidade administrativa.","robots":{"index":"index","follow":"follow","max-snippet":"max-snippet:-1","max-image-preview":"max-image-preview:large","max-video-preview":"max-video-preview:-1"},"canonical":"https:\/\/apublica.org\/impeachment-bolsonaro\/pedido-037\/","og_locale":"pt_BR","og_type":"article","og_title":"Pedido 0037 - Os pedidos de impeachment de Bolsonaro","og_description":"O pedido 0037 elenca como infra\u00e7\u00f5es que Bolsonaro teria cometido: atentado contra \u00e0 vida e \u00e0 sa\u00fade p\u00fablica e improbidade administrativa.","og_url":"https:\/\/apublica.org\/impeachment-bolsonaro\/pedido-037\/","og_site_name":"Os pedidos de impeachment de Bolsonaro","article_published_time":"2020-05-05T16:00:00+00:00","article_modified_time":"2022-05-28T01:58:09+00:00","og_image":[{"width":1216,"height":703,"url":"https:\/\/i0.wp.com\/apublica.org\/impeachment-bolsonaro\/wp-content\/uploads\/2020\/05\/imagem-pedido-marcio-tumas-foto-jose-cruz-agencia-brasil-e1590958565480.png?fit=1216%2C703&ssl=1","type":"image\/png"}],"author":"Raphaela Ribeiro","twitter_card":"summary_large_image","twitter_misc":{"Escrito por":"Raphaela Ribeiro","Est. tempo de leitura":"2 minutos","Written by":"Raphaela Ribeiro"},"schema":{"@context":"https:\/\/schema.org","@graph":[{"@type":"Article","@id":"https:\/\/apublica.org\/impeachment-bolsonaro\/pedido-037\/#article","isPartOf":{"@id":"https:\/\/apublica.org\/impeachment-bolsonaro\/pedido-037\/"},"author":{"name":"Raphaela Ribeiro","@id":"https:\/\/apublica.org\/impeachment-bolsonaro\/#\/schema\/person\/447f2e09e528135f8f74e277a4b21ab6"},"headline":"Pedido 0037","datePublished":"2020-05-05T16:00:00+00:00","dateModified":"2022-05-28T01:58:09+00:00","mainEntityOfPage":{"@id":"https:\/\/apublica.org\/impeachment-bolsonaro\/pedido-037\/"},"wordCount":387,"image":{"@id":"https:\/\/apublica.org\/impeachment-bolsonaro\/pedido-037\/#primaryimage"},"thumbnailUrl":"https:\/\/i0.wp.com\/apublica.org\/impeachment-bolsonaro\/wp-content\/uploads\/2020\/05\/imagem-pedido-marcio-tumas-foto-jose-cruz-agencia-brasil-e1590958565480.png?fit=1216%2C703&ssl=1","keywords":["coronav\u00edrus","Pol\u00edcia Federal"],"inLanguage":"pt-BR"},{"@type":"WebPage","@id":"https:\/\/apublica.org\/impeachment-bolsonaro\/pedido-037\/","url":"https:\/\/apublica.org\/impeachment-bolsonaro\/pedido-037\/","name":"Pedido 0037 - Os pedidos de impeachment de Bolsonaro","isPartOf":{"@id":"https:\/\/apublica.org\/impeachment-bolsonaro\/#website"},"primaryImageOfPage":{"@id":"https:\/\/apublica.org\/impeachment-bolsonaro\/pedido-037\/#primaryimage"},"image":{"@id":"https:\/\/apublica.org\/impeachment-bolsonaro\/pedido-037\/#primaryimage"},"thumbnailUrl":"https:\/\/i0.wp.com\/apublica.org\/impeachment-bolsonaro\/wp-content\/uploads\/2020\/05\/imagem-pedido-marcio-tumas-foto-jose-cruz-agencia-brasil-e1590958565480.png?fit=1216%2C703&ssl=1","datePublished":"2020-05-05T16:00:00+00:00","dateModified":"2022-05-28T01:58:09+00:00","author":{"@id":"https:\/\/apublica.org\/impeachment-bolsonaro\/#\/schema\/person\/447f2e09e528135f8f74e277a4b21ab6"},"description":"O pedido 0037 elenca como infra\u00e7\u00f5es que Bolsonaro teria cometido: atentado contra \u00e0 vida e \u00e0 sa\u00fade p\u00fablica e improbidade administrativa.","breadcrumb":{"@id":"https:\/\/apublica.org\/impeachment-bolsonaro\/pedido-037\/#breadcrumb"},"inLanguage":"pt-BR","potentialAction":[{"@type":"ReadAction","target":["https:\/\/apublica.org\/impeachment-bolsonaro\/pedido-037\/"]}]},{"@type":"ImageObject","inLanguage":"pt-BR","@id":"https:\/\/apublica.org\/impeachment-bolsonaro\/pedido-037\/#primaryimage","url":"https:\/\/i0.wp.com\/apublica.org\/impeachment-bolsonaro\/wp-content\/uploads\/2020\/05\/imagem-pedido-marcio-tumas-foto-jose-cruz-agencia-brasil-e1590958565480.png?fit=1216%2C703&ssl=1","contentUrl":"https:\/\/i0.wp.com\/apublica.org\/impeachment-bolsonaro\/wp-content\/uploads\/2020\/05\/imagem-pedido-marcio-tumas-foto-jose-cruz-agencia-brasil-e1590958565480.png?fit=1216%2C703&ssl=1","width":1216,"height":703,"caption":"foto: jose cruz\/Ag\u00eancia Brasil"},{"@type":"BreadcrumbList","@id":"https:\/\/apublica.org\/impeachment-bolsonaro\/pedido-037\/#breadcrumb","itemListElement":[{"@type":"ListItem","position":1,"name":"In\u00edcio","item":"https:\/\/apublica.org\/impeachment-bolsonaro\/"},{"@type":"ListItem","position":2,"name":"Pedido 0037"}]},{"@type":"WebSite","@id":"https:\/\/apublica.org\/impeachment-bolsonaro\/#website","url":"https:\/\/apublica.org\/impeachment-bolsonaro\/","name":"Os pedidos de impeachment de Bolsonaro","description":"","potentialAction":[{"@type":"SearchAction","target":{"@type":"EntryPoint","urlTemplate":"https:\/\/apublica.org\/impeachment-bolsonaro\/?s={search_term_string}"},"query-input":{"@type":"PropertyValueSpecification","valueRequired":true,"valueName":"search_term_string"}}],"inLanguage":"pt-BR"},{"@type":"Person","@id":"https:\/\/apublica.org\/impeachment-bolsonaro\/#\/schema\/person\/447f2e09e528135f8f74e277a4b21ab6","name":"Raphaela Ribeiro","image":{"@type":"ImageObject","inLanguage":"pt-BR","@id":"https:\/\/secure.gravatar.com\/avatar\/0f1388e71e41b3748e7a585af729e5a61272509d68d1380dba3193a2f847f585?s=96&d=mm&r=ga4b2ab01403aa0df356a7c395d1d605c","url":"https:\/\/secure.gravatar.com\/avatar\/0f1388e71e41b3748e7a585af729e5a61272509d68d1380dba3193a2f847f585?s=96&d=mm&r=g","contentUrl":"https:\/\/secure.gravatar.com\/avatar\/0f1388e71e41b3748e7a585af729e5a61272509d68d1380dba3193a2f847f585?s=96&d=mm&r=g","caption":"Raphaela Ribeiro"},"description":"Jornalista formada pela Escola de Jornalismo \u00c9nois, laborat\u00f3rio de jornalismo c\u00edvico que trabalha pela equidade e diversidade na m\u00eddia. J\u00e1 teve reportagens focadas em territ\u00f3rio e g\u00eanero publicadas na Folha, HuffPost Brasil, The Intercept e Revista AzMina. Foi rep\u00f3rter tamb\u00e9m do ChecaZap \u2013 projeto de checagem de informa\u00e7\u00e3o \u2013 nas elei\u00e7\u00f5es de 2018. Al\u00e9m de co-autora da webs\u00e9rie \"Comida de Quebrada\", adapta\u00e7\u00e3o em audiovisual do \"Prato Firmeza\", obra finalista do Pr\u00eamio Jabuti 2016. Na P\u00fablica desde 2019, \u00e9 secret\u00e1ria de reda\u00e7\u00e3o. Antes, foi estagi\u00e1ria de reportagem e chegou a participar de coberturas reconhecidas pelo Pr\u00eamio Roche de Jornalismo em Sa\u00fade.\u00a0","url":"https:\/\/apublica.org\/impeachment-bolsonaro\/author\/raphaelaribeiro\/"}]}},"jetpack_featured_media_url":"https:\/\/i0.wp.com\/apublica.org\/impeachment-bolsonaro\/wp-content\/uploads\/2020\/05\/imagem-pedido-marcio-tumas-foto-jose-cruz-agencia-brasil-e1590958565480.png?fit=1216%2C703&ssl=1","jetpack_sharing_enabled":true,"_links":{"self":[{"href":"https:\/\/apublica.org\/impeachment-bolsonaro\/wp-json\/wp\/v2\/posts\/2763","targetHints":{"allow":["GET"]}}],"collection":[{"href":"https:\/\/apublica.org\/impeachment-bolsonaro\/wp-json\/wp\/v2\/posts"}],"about":[{"href":"https:\/\/apublica.org\/impeachment-bolsonaro\/wp-json\/wp\/v2\/types\/post"}],"author":[{"embeddable":true,"href":"https:\/\/apublica.org\/impeachment-bolsonaro\/wp-json\/wp\/v2\/users\/25"}],"replies":[{"embeddable":true,"href":"https:\/\/apublica.org\/impeachment-bolsonaro\/wp-json\/wp\/v2\/comments?post=2763"}],"version-history":[{"count":1,"href":"https:\/\/apublica.org\/impeachment-bolsonaro\/wp-json\/wp\/v2\/posts\/2763\/revisions"}],"predecessor-version":[{"id":3390,"href":"https:\/\/apublica.org\/impeachment-bolsonaro\/wp-json\/wp\/v2\/posts\/2763\/revisions\/3390"}],"wp:featuredmedia":[{"embeddable":true,"href":"https:\/\/apublica.org\/impeachment-bolsonaro\/wp-json\/wp\/v2\/media\/192"}],"wp:attachment":[{"href":"https:\/\/apublica.org\/impeachment-bolsonaro\/wp-json\/wp\/v2\/media?parent=2763"}],"wp:term":[{"taxonomy":"category","embeddable":true,"href":"https:\/\/apublica.org\/impeachment-bolsonaro\/wp-json\/wp\/v2\/categories?post=2763"},{"taxonomy":"post_tag","embeddable":true,"href":"https:\/\/apublica.org\/impeachment-bolsonaro\/wp-json\/wp\/v2\/tags?post=2763"},{"taxonomy":"author","embeddable":true,"href":"https:\/\/apublica.org\/impeachment-bolsonaro\/wp-json\/wp\/v2\/coauthors?post=2763"}],"curies":[{"name":"wp","href":"https:\/\/api.w.org\/{rel}","templated":true}]}}