{"id":2765,"date":"2020-03-17T15:00:00","date_gmt":"2020-03-17T18:00:00","guid":{"rendered":"https:\/\/apublica.org\/impeachment-bolsonaro.new\/pedido-012\/"},"modified":"2022-05-27T22:58:26","modified_gmt":"2022-05-28T01:58:26","slug":"pedido-012","status":"publish","type":"post","link":"https:\/\/apublica.org\/impeachment-bolsonaro\/pedido-012\/","title":{"rendered":"Pedido 0012"},"content":{"rendered":"\n<p>O advogado paulista Sidney Gon\u00e7alez protocolou em mar\u00e7o deste ano um pedido de impedimento que se baseia na postura do presidente ao divulgar em suas redes sociais v\u00eddeos e fotos convocando para \u00e0s manifesta\u00e7\u00f5es antidemocr\u00e1ticas que ocorreram no dia 15 de mar\u00e7o, em Bras\u00edlia. Gon\u00e7alez acusa Bolsonaro de cometer crime de responsabilidade ao infringir o Artigo 4\u00ba da Lei de Impeachment, atentando contra o livre exerc\u00edcio dos poderes Judici\u00e1rio e Legislativo.  <\/p>\n\n\n\n<p>Para o advogado, Bolsonaro desrespeita as divis\u00f5es dos tr\u00eas poderes e atenta contra o Estado Democr\u00e1tico de Direito, exibindo \u201csuas pretens\u00f5es autorit\u00e1rias\u201d. <\/p>\n\n\n\n<p>O pedido tamb\u00e9m acusa o presidente de quebra de decoro, previsto no Artigo 9 \u00ba, ao ter atitudes incompat\u00edveis com o cargo que exerce. O proponente argumenta que ao convocar para as manifesta\u00e7\u00f5es, o presidente \u201cbusca fragilizar e anular os demais poderes\u201d, e defende que \u201csem que se tome qualquer medida para cont\u00ea-lo, n\u00e3o mais estaremos em um regime democr\u00e1tico, pois todo poder estar\u00e1 nas m\u00e3os do Presidente da Rep\u00fablica, transfigurando-se o Regime Democr\u00e1tico em Regime Autocr\u00e1tico\u201d.  <\/p>\n\n\n\n<p>Tamb\u00e9m em rela\u00e7\u00e3o ao crime de quebra de decoro, o pedido apresenta reiteradas ofensas e ataques \u00e0 imprensa, como o caso das jornalistas Vera Magalh\u00e3es, do Estado de S\u00e3o Paulo, e Patr\u00edcia Campos Mello, da Folha de S Paulo.  <\/p>\n\n\n\n<p>Caso o pedido seja aceito, o advogado requer como testemunhas, al\u00e9m das duas jornalistas, Alberto Fraga (ex-deputado federal), o deputado Alexandre Frota e o ex-ministro Carlos Alberto dos Santos Cruz (ex-ministro). <\/p>\n","protected":false},"excerpt":{"rendered":"<p>O advogado paulista Sidney Gon\u00e7alez protocolou em mar\u00e7o deste ano um pedido de impedimento que se baseia na postura do presidente ao divulgar em suas redes sociais v\u00eddeos e fotos convocando para \u00e0s manifesta\u00e7\u00f5es antidemocr\u00e1ticas que ocorreram no dia 15 de mar\u00e7o, em Bras\u00edlia. Gon\u00e7alez acusa Bolsonaro de cometer crime de responsabilidade ao infringir o<\/p>\n","protected":false},"author":25,"featured_media":206,"comment_status":"closed","ping_status":"closed","sticky":false,"template":"","format":"standard","meta":{"_acf_changed":false,"_jetpack_memberships_contains_paid_content":false,"footnotes":""},"categories":[1],"tags":[11,10,2,5],"coauthors":[],"class_list":["post-2765","post","type-post","status-publish","format-standard","has-post-thumbnail","hentry","category-sem-categoria","tag-ditadura-militar","tag-imprensa","tag-manifestacoes-antidemocraticas","tag-quebra-de-decoro"],"acf":[],"yoast_head":"<!-- This site is optimized with the Yoast SEO plugin v27.4 - https:\/\/yoast.com\/product\/yoast-seo-wordpress\/ -->\n<title>Pedido 0012 - Os pedidos de impeachment de Bolsonaro<\/title>\n<meta name=\"robots\" content=\"index, follow, max-snippet:-1, max-image-preview:large, max-video-preview:-1\" \/>\n<link rel=\"canonical\" href=\"https:\/\/apublica.org\/impeachment-bolsonaro\/pedido-012\/\" \/>\n<meta property=\"og:locale\" content=\"pt_BR\" \/>\n<meta property=\"og:type\" content=\"article\" \/>\n<meta property=\"og:title\" content=\"Pedido 0012 - Os pedidos de impeachment de Bolsonaro\" \/>\n<meta property=\"og:description\" content=\"O advogado paulista Sidney Gon\u00e7alez protocolou em mar\u00e7o deste ano um pedido de impedimento que se baseia na postura do presidente ao divulgar em suas redes sociais v\u00eddeos e fotos convocando para \u00e0s manifesta\u00e7\u00f5es antidemocr\u00e1ticas que ocorreram no dia 15 de mar\u00e7o, em Bras\u00edlia. Gon\u00e7alez acusa Bolsonaro de cometer crime de responsabilidade ao infringir o\" \/>\n<meta property=\"og:url\" content=\"https:\/\/apublica.org\/impeachment-bolsonaro\/pedido-012\/\" \/>\n<meta property=\"og:site_name\" content=\"Os pedidos de impeachment de Bolsonaro\" \/>\n<meta property=\"article:published_time\" content=\"2020-03-17T18:00:00+00:00\" \/>\n<meta property=\"article:modified_time\" content=\"2022-05-28T01:58:26+00:00\" \/>\n<meta property=\"og:image\" content=\"https:\/\/i0.wp.com\/apublica.org\/impeachment-bolsonaro\/wp-content\/uploads\/2020\/05\/imagem-pedido-sidney-duran-foto-marcello-casal-jr-e1590957061655.png?fit=1530%2C765&ssl=1\" \/>\n\t<meta property=\"og:image:width\" content=\"1530\" \/>\n\t<meta property=\"og:image:height\" content=\"765\" \/>\n\t<meta property=\"og:image:type\" content=\"image\/png\" \/>\n<meta name=\"author\" content=\"Raphaela Ribeiro\" \/>\n<meta name=\"twitter:card\" content=\"summary_large_image\" \/>\n<meta name=\"twitter:label1\" content=\"Escrito por\" \/>\n\t<meta name=\"twitter:data1\" content=\"Raphaela Ribeiro\" \/>\n\t<meta name=\"twitter:label2\" content=\"Est. tempo de leitura\" \/>\n\t<meta name=\"twitter:data2\" content=\"1 minuto\" \/>\n\t<meta name=\"twitter:label3\" content=\"Written by\" \/>\n\t<meta name=\"twitter:data3\" content=\"Raphaela Ribeiro\" \/>\n<script type=\"application\/ld+json\" class=\"yoast-schema-graph\">{\"@context\":\"https:\\\/\\\/schema.org\",\"@graph\":[{\"@type\":\"Article\",\"@id\":\"https:\\\/\\\/apublica.org\\\/impeachment-bolsonaro\\\/pedido-012\\\/#article\",\"isPartOf\":{\"@id\":\"https:\\\/\\\/apublica.org\\\/impeachment-bolsonaro\\\/pedido-012\\\/\"},\"author\":{\"name\":\"Raphaela Ribeiro\",\"@id\":\"https:\\\/\\\/apublica.org\\\/impeachment-bolsonaro\\\/#\\\/schema\\\/person\\\/447f2e09e528135f8f74e277a4b21ab6\"},\"headline\":\"Pedido 0012\",\"datePublished\":\"2020-03-17T18:00:00+00:00\",\"dateModified\":\"2022-05-28T01:58:26+00:00\",\"mainEntityOfPage\":{\"@id\":\"https:\\\/\\\/apublica.org\\\/impeachment-bolsonaro\\\/pedido-012\\\/\"},\"wordCount\":267,\"image\":{\"@id\":\"https:\\\/\\\/apublica.org\\\/impeachment-bolsonaro\\\/pedido-012\\\/#primaryimage\"},\"thumbnailUrl\":\"https:\\\/\\\/i0.wp.com\\\/apublica.org\\\/impeachment-bolsonaro\\\/wp-content\\\/uploads\\\/2020\\\/05\\\/imagem-pedido-sidney-duran-foto-marcello-casal-jr-e1590957061655.png?fit=1530%2C765&ssl=1\",\"keywords\":[\"ditadura militar\",\"imprensa\",\"manifesta\u00e7\u00f5es antidemocr\u00e1ticas\",\"quebra de decoro\"],\"inLanguage\":\"pt-BR\"},{\"@type\":\"WebPage\",\"@id\":\"https:\\\/\\\/apublica.org\\\/impeachment-bolsonaro\\\/pedido-012\\\/\",\"url\":\"https:\\\/\\\/apublica.org\\\/impeachment-bolsonaro\\\/pedido-012\\\/\",\"name\":\"Pedido 0012 - Os pedidos de impeachment de Bolsonaro\",\"isPartOf\":{\"@id\":\"https:\\\/\\\/apublica.org\\\/impeachment-bolsonaro\\\/#website\"},\"primaryImageOfPage\":{\"@id\":\"https:\\\/\\\/apublica.org\\\/impeachment-bolsonaro\\\/pedido-012\\\/#primaryimage\"},\"image\":{\"@id\":\"https:\\\/\\\/apublica.org\\\/impeachment-bolsonaro\\\/pedido-012\\\/#primaryimage\"},\"thumbnailUrl\":\"https:\\\/\\\/i0.wp.com\\\/apublica.org\\\/impeachment-bolsonaro\\\/wp-content\\\/uploads\\\/2020\\\/05\\\/imagem-pedido-sidney-duran-foto-marcello-casal-jr-e1590957061655.png?fit=1530%2C765&ssl=1\",\"datePublished\":\"2020-03-17T18:00:00+00:00\",\"dateModified\":\"2022-05-28T01:58:26+00:00\",\"author\":{\"@id\":\"https:\\\/\\\/apublica.org\\\/impeachment-bolsonaro\\\/#\\\/schema\\\/person\\\/447f2e09e528135f8f74e277a4b21ab6\"},\"breadcrumb\":{\"@id\":\"https:\\\/\\\/apublica.org\\\/impeachment-bolsonaro\\\/pedido-012\\\/#breadcrumb\"},\"inLanguage\":\"pt-BR\",\"potentialAction\":[{\"@type\":\"ReadAction\",\"target\":[\"https:\\\/\\\/apublica.org\\\/impeachment-bolsonaro\\\/pedido-012\\\/\"]}]},{\"@type\":\"ImageObject\",\"inLanguage\":\"pt-BR\",\"@id\":\"https:\\\/\\\/apublica.org\\\/impeachment-bolsonaro\\\/pedido-012\\\/#primaryimage\",\"url\":\"https:\\\/\\\/i0.wp.com\\\/apublica.org\\\/impeachment-bolsonaro\\\/wp-content\\\/uploads\\\/2020\\\/05\\\/imagem-pedido-sidney-duran-foto-marcello-casal-jr-e1590957061655.png?fit=1530%2C765&ssl=1\",\"contentUrl\":\"https:\\\/\\\/i0.wp.com\\\/apublica.org\\\/impeachment-bolsonaro\\\/wp-content\\\/uploads\\\/2020\\\/05\\\/imagem-pedido-sidney-duran-foto-marcello-casal-jr-e1590957061655.png?fit=1530%2C765&ssl=1\",\"width\":1530,\"height\":765,\"caption\":\"Foto: Marcello Casal JR\\\/EBC\"},{\"@type\":\"BreadcrumbList\",\"@id\":\"https:\\\/\\\/apublica.org\\\/impeachment-bolsonaro\\\/pedido-012\\\/#breadcrumb\",\"itemListElement\":[{\"@type\":\"ListItem\",\"position\":1,\"name\":\"In\u00edcio\",\"item\":\"https:\\\/\\\/apublica.org\\\/impeachment-bolsonaro\\\/\"},{\"@type\":\"ListItem\",\"position\":2,\"name\":\"Pedido 0012\"}]},{\"@type\":\"WebSite\",\"@id\":\"https:\\\/\\\/apublica.org\\\/impeachment-bolsonaro\\\/#website\",\"url\":\"https:\\\/\\\/apublica.org\\\/impeachment-bolsonaro\\\/\",\"name\":\"Os pedidos de impeachment de Bolsonaro\",\"description\":\"\",\"potentialAction\":[{\"@type\":\"SearchAction\",\"target\":{\"@type\":\"EntryPoint\",\"urlTemplate\":\"https:\\\/\\\/apublica.org\\\/impeachment-bolsonaro\\\/?s={search_term_string}\"},\"query-input\":{\"@type\":\"PropertyValueSpecification\",\"valueRequired\":true,\"valueName\":\"search_term_string\"}}],\"inLanguage\":\"pt-BR\"},{\"@type\":\"Person\",\"@id\":\"https:\\\/\\\/apublica.org\\\/impeachment-bolsonaro\\\/#\\\/schema\\\/person\\\/447f2e09e528135f8f74e277a4b21ab6\",\"name\":\"Raphaela Ribeiro\",\"image\":{\"@type\":\"ImageObject\",\"inLanguage\":\"pt-BR\",\"@id\":\"https:\\\/\\\/secure.gravatar.com\\\/avatar\\\/0f1388e71e41b3748e7a585af729e5a61272509d68d1380dba3193a2f847f585?s=96&d=mm&r=ga4b2ab01403aa0df356a7c395d1d605c\",\"url\":\"https:\\\/\\\/secure.gravatar.com\\\/avatar\\\/0f1388e71e41b3748e7a585af729e5a61272509d68d1380dba3193a2f847f585?s=96&d=mm&r=g\",\"contentUrl\":\"https:\\\/\\\/secure.gravatar.com\\\/avatar\\\/0f1388e71e41b3748e7a585af729e5a61272509d68d1380dba3193a2f847f585?s=96&d=mm&r=g\",\"caption\":\"Raphaela Ribeiro\"},\"description\":\"Jornalista formada pela Escola de Jornalismo \u00c9nois, laborat\u00f3rio de jornalismo c\u00edvico que trabalha pela equidade e diversidade na m\u00eddia. J\u00e1 teve reportagens focadas em territ\u00f3rio e g\u00eanero publicadas na Folha, HuffPost Brasil, The Intercept e Revista AzMina. Foi rep\u00f3rter tamb\u00e9m do ChecaZap \u2013 projeto de checagem de informa\u00e7\u00e3o \u2013 nas elei\u00e7\u00f5es de 2018. Al\u00e9m de co-autora da webs\u00e9rie \\\"Comida de Quebrada\\\", adapta\u00e7\u00e3o em audiovisual do \\\"Prato Firmeza\\\", obra finalista do Pr\u00eamio Jabuti 2016. Na P\u00fablica desde 2019, \u00e9 secret\u00e1ria de reda\u00e7\u00e3o. Antes, foi estagi\u00e1ria de reportagem e chegou a participar de coberturas reconhecidas pelo Pr\u00eamio Roche de Jornalismo em Sa\u00fade.\u00a0\",\"url\":\"https:\\\/\\\/apublica.org\\\/impeachment-bolsonaro\\\/author\\\/raphaelaribeiro\\\/\"}]}<\/script>\n<!-- \/ Yoast SEO plugin. -->","yoast_head_json":{"title":"Pedido 0012 - Os pedidos de impeachment de Bolsonaro","robots":{"index":"index","follow":"follow","max-snippet":"max-snippet:-1","max-image-preview":"max-image-preview:large","max-video-preview":"max-video-preview:-1"},"canonical":"https:\/\/apublica.org\/impeachment-bolsonaro\/pedido-012\/","og_locale":"pt_BR","og_type":"article","og_title":"Pedido 0012 - Os pedidos de impeachment de Bolsonaro","og_description":"O advogado paulista Sidney Gon\u00e7alez protocolou em mar\u00e7o deste ano um pedido de impedimento que se baseia na postura do presidente ao divulgar em suas redes sociais v\u00eddeos e fotos convocando para \u00e0s manifesta\u00e7\u00f5es antidemocr\u00e1ticas que ocorreram no dia 15 de mar\u00e7o, em Bras\u00edlia. Gon\u00e7alez acusa Bolsonaro de cometer crime de responsabilidade ao infringir o","og_url":"https:\/\/apublica.org\/impeachment-bolsonaro\/pedido-012\/","og_site_name":"Os pedidos de impeachment de Bolsonaro","article_published_time":"2020-03-17T18:00:00+00:00","article_modified_time":"2022-05-28T01:58:26+00:00","og_image":[{"width":1530,"height":765,"url":"https:\/\/i0.wp.com\/apublica.org\/impeachment-bolsonaro\/wp-content\/uploads\/2020\/05\/imagem-pedido-sidney-duran-foto-marcello-casal-jr-e1590957061655.png?fit=1530%2C765&ssl=1","type":"image\/png"}],"author":"Raphaela Ribeiro","twitter_card":"summary_large_image","twitter_misc":{"Escrito por":"Raphaela Ribeiro","Est. tempo de leitura":"1 minuto","Written by":"Raphaela Ribeiro"},"schema":{"@context":"https:\/\/schema.org","@graph":[{"@type":"Article","@id":"https:\/\/apublica.org\/impeachment-bolsonaro\/pedido-012\/#article","isPartOf":{"@id":"https:\/\/apublica.org\/impeachment-bolsonaro\/pedido-012\/"},"author":{"name":"Raphaela Ribeiro","@id":"https:\/\/apublica.org\/impeachment-bolsonaro\/#\/schema\/person\/447f2e09e528135f8f74e277a4b21ab6"},"headline":"Pedido 0012","datePublished":"2020-03-17T18:00:00+00:00","dateModified":"2022-05-28T01:58:26+00:00","mainEntityOfPage":{"@id":"https:\/\/apublica.org\/impeachment-bolsonaro\/pedido-012\/"},"wordCount":267,"image":{"@id":"https:\/\/apublica.org\/impeachment-bolsonaro\/pedido-012\/#primaryimage"},"thumbnailUrl":"https:\/\/i0.wp.com\/apublica.org\/impeachment-bolsonaro\/wp-content\/uploads\/2020\/05\/imagem-pedido-sidney-duran-foto-marcello-casal-jr-e1590957061655.png?fit=1530%2C765&ssl=1","keywords":["ditadura militar","imprensa","manifesta\u00e7\u00f5es antidemocr\u00e1ticas","quebra de decoro"],"inLanguage":"pt-BR"},{"@type":"WebPage","@id":"https:\/\/apublica.org\/impeachment-bolsonaro\/pedido-012\/","url":"https:\/\/apublica.org\/impeachment-bolsonaro\/pedido-012\/","name":"Pedido 0012 - Os pedidos de impeachment de Bolsonaro","isPartOf":{"@id":"https:\/\/apublica.org\/impeachment-bolsonaro\/#website"},"primaryImageOfPage":{"@id":"https:\/\/apublica.org\/impeachment-bolsonaro\/pedido-012\/#primaryimage"},"image":{"@id":"https:\/\/apublica.org\/impeachment-bolsonaro\/pedido-012\/#primaryimage"},"thumbnailUrl":"https:\/\/i0.wp.com\/apublica.org\/impeachment-bolsonaro\/wp-content\/uploads\/2020\/05\/imagem-pedido-sidney-duran-foto-marcello-casal-jr-e1590957061655.png?fit=1530%2C765&ssl=1","datePublished":"2020-03-17T18:00:00+00:00","dateModified":"2022-05-28T01:58:26+00:00","author":{"@id":"https:\/\/apublica.org\/impeachment-bolsonaro\/#\/schema\/person\/447f2e09e528135f8f74e277a4b21ab6"},"breadcrumb":{"@id":"https:\/\/apublica.org\/impeachment-bolsonaro\/pedido-012\/#breadcrumb"},"inLanguage":"pt-BR","potentialAction":[{"@type":"ReadAction","target":["https:\/\/apublica.org\/impeachment-bolsonaro\/pedido-012\/"]}]},{"@type":"ImageObject","inLanguage":"pt-BR","@id":"https:\/\/apublica.org\/impeachment-bolsonaro\/pedido-012\/#primaryimage","url":"https:\/\/i0.wp.com\/apublica.org\/impeachment-bolsonaro\/wp-content\/uploads\/2020\/05\/imagem-pedido-sidney-duran-foto-marcello-casal-jr-e1590957061655.png?fit=1530%2C765&ssl=1","contentUrl":"https:\/\/i0.wp.com\/apublica.org\/impeachment-bolsonaro\/wp-content\/uploads\/2020\/05\/imagem-pedido-sidney-duran-foto-marcello-casal-jr-e1590957061655.png?fit=1530%2C765&ssl=1","width":1530,"height":765,"caption":"Foto: Marcello Casal JR\/EBC"},{"@type":"BreadcrumbList","@id":"https:\/\/apublica.org\/impeachment-bolsonaro\/pedido-012\/#breadcrumb","itemListElement":[{"@type":"ListItem","position":1,"name":"In\u00edcio","item":"https:\/\/apublica.org\/impeachment-bolsonaro\/"},{"@type":"ListItem","position":2,"name":"Pedido 0012"}]},{"@type":"WebSite","@id":"https:\/\/apublica.org\/impeachment-bolsonaro\/#website","url":"https:\/\/apublica.org\/impeachment-bolsonaro\/","name":"Os pedidos de impeachment de Bolsonaro","description":"","potentialAction":[{"@type":"SearchAction","target":{"@type":"EntryPoint","urlTemplate":"https:\/\/apublica.org\/impeachment-bolsonaro\/?s={search_term_string}"},"query-input":{"@type":"PropertyValueSpecification","valueRequired":true,"valueName":"search_term_string"}}],"inLanguage":"pt-BR"},{"@type":"Person","@id":"https:\/\/apublica.org\/impeachment-bolsonaro\/#\/schema\/person\/447f2e09e528135f8f74e277a4b21ab6","name":"Raphaela Ribeiro","image":{"@type":"ImageObject","inLanguage":"pt-BR","@id":"https:\/\/secure.gravatar.com\/avatar\/0f1388e71e41b3748e7a585af729e5a61272509d68d1380dba3193a2f847f585?s=96&d=mm&r=ga4b2ab01403aa0df356a7c395d1d605c","url":"https:\/\/secure.gravatar.com\/avatar\/0f1388e71e41b3748e7a585af729e5a61272509d68d1380dba3193a2f847f585?s=96&d=mm&r=g","contentUrl":"https:\/\/secure.gravatar.com\/avatar\/0f1388e71e41b3748e7a585af729e5a61272509d68d1380dba3193a2f847f585?s=96&d=mm&r=g","caption":"Raphaela Ribeiro"},"description":"Jornalista formada pela Escola de Jornalismo \u00c9nois, laborat\u00f3rio de jornalismo c\u00edvico que trabalha pela equidade e diversidade na m\u00eddia. J\u00e1 teve reportagens focadas em territ\u00f3rio e g\u00eanero publicadas na Folha, HuffPost Brasil, The Intercept e Revista AzMina. Foi rep\u00f3rter tamb\u00e9m do ChecaZap \u2013 projeto de checagem de informa\u00e7\u00e3o \u2013 nas elei\u00e7\u00f5es de 2018. Al\u00e9m de co-autora da webs\u00e9rie \"Comida de Quebrada\", adapta\u00e7\u00e3o em audiovisual do \"Prato Firmeza\", obra finalista do Pr\u00eamio Jabuti 2016. Na P\u00fablica desde 2019, \u00e9 secret\u00e1ria de reda\u00e7\u00e3o. Antes, foi estagi\u00e1ria de reportagem e chegou a participar de coberturas reconhecidas pelo Pr\u00eamio Roche de Jornalismo em Sa\u00fade.\u00a0","url":"https:\/\/apublica.org\/impeachment-bolsonaro\/author\/raphaelaribeiro\/"}]}},"jetpack_featured_media_url":"https:\/\/i0.wp.com\/apublica.org\/impeachment-bolsonaro\/wp-content\/uploads\/2020\/05\/imagem-pedido-sidney-duran-foto-marcello-casal-jr-e1590957061655.png?fit=1530%2C765&ssl=1","jetpack_sharing_enabled":true,"_links":{"self":[{"href":"https:\/\/apublica.org\/impeachment-bolsonaro\/wp-json\/wp\/v2\/posts\/2765","targetHints":{"allow":["GET"]}}],"collection":[{"href":"https:\/\/apublica.org\/impeachment-bolsonaro\/wp-json\/wp\/v2\/posts"}],"about":[{"href":"https:\/\/apublica.org\/impeachment-bolsonaro\/wp-json\/wp\/v2\/types\/post"}],"author":[{"embeddable":true,"href":"https:\/\/apublica.org\/impeachment-bolsonaro\/wp-json\/wp\/v2\/users\/25"}],"replies":[{"embeddable":true,"href":"https:\/\/apublica.org\/impeachment-bolsonaro\/wp-json\/wp\/v2\/comments?post=2765"}],"version-history":[{"count":1,"href":"https:\/\/apublica.org\/impeachment-bolsonaro\/wp-json\/wp\/v2\/posts\/2765\/revisions"}],"predecessor-version":[{"id":3415,"href":"https:\/\/apublica.org\/impeachment-bolsonaro\/wp-json\/wp\/v2\/posts\/2765\/revisions\/3415"}],"wp:featuredmedia":[{"embeddable":true,"href":"https:\/\/apublica.org\/impeachment-bolsonaro\/wp-json\/wp\/v2\/media\/206"}],"wp:attachment":[{"href":"https:\/\/apublica.org\/impeachment-bolsonaro\/wp-json\/wp\/v2\/media?parent=2765"}],"wp:term":[{"taxonomy":"category","embeddable":true,"href":"https:\/\/apublica.org\/impeachment-bolsonaro\/wp-json\/wp\/v2\/categories?post=2765"},{"taxonomy":"post_tag","embeddable":true,"href":"https:\/\/apublica.org\/impeachment-bolsonaro\/wp-json\/wp\/v2\/tags?post=2765"},{"taxonomy":"author","embeddable":true,"href":"https:\/\/apublica.org\/impeachment-bolsonaro\/wp-json\/wp\/v2\/coauthors?post=2765"}],"curies":[{"name":"wp","href":"https:\/\/api.w.org\/{rel}","templated":true}]}}