{"id":2767,"date":"2020-03-19T03:30:00","date_gmt":"2020-03-19T06:30:00","guid":{"rendered":"https:\/\/apublica.org\/impeachment-bolsonaro.new\/pedido-015\/"},"modified":"2022-05-27T22:58:36","modified_gmt":"2022-05-28T01:58:36","slug":"pedido-015","status":"publish","type":"post","link":"https:\/\/apublica.org\/impeachment-bolsonaro\/pedido-015\/","title":{"rendered":"Pedido 0015"},"content":{"rendered":"\n<p>Redigido pela economista brasiliense Neide Liamar e sua fam\u00edlia, o pedido de impeachment elenca diversos crimes que ele teria cometido, entre eles disparo de mensagens falsas em massa nas elei\u00e7\u00f5es gerais de 2018, amea\u00e7as \u00e0 democracia e \u00e0 liberdade imprensa, abuso de poder e quebra de decoro.<\/p>\n\n\n\n<p>O pedido apresenta uma extensa contextualiza\u00e7\u00e3o da campanha eleitoral do presidente americano, Donald Trump, e do papel da empresa Cambridge Analytica em espalhar mensagens enganosas. Liamar acusa Bolsonaro de utilizar-se da mesma estrat\u00e9gia e diz que Steve Bannon (estrategista da campanha eleitoral do presidente americano) teria atuado como conselheiro n\u00e3o oficial da campanha de Bolsonaro.  <\/p>\n\n\n\n<p>A economista acusa tamb\u00e9m Bolsonaro de quebra decoro ao proferir em diversos momentos ofensas e insultos a profissionais de imprensa, postura indevida ao cargo conforme o Artigo 9 da Lei de Impeachment. O pedido cita a <a href=\"https:\/\/fenaj.org.br\/jornalistas-sao-alvo-de-bolsonaro-ao-menos-duas-vezes-por-semana\/\" target=\"_blank\" rel=\"noreferrer noopener\">pesquisa da Federa\u00e7\u00e3o Nacional de Jornalistas (FENAJ)<\/a>, que aponta que o presidente insulta jornalistas ao menos duas vezes por semana.  <\/p>\n\n\n\n<p>A proponente ainda acusa o presidente de amea\u00e7ar o Estado Democr\u00e1tico de direito ao encaminhar pelo whatsapp e pelas redes sociais, um v\u00eddeo conclamando a popula\u00e7\u00e3o a comparecer ao ato antidemocr\u00e1tico que pedia o fechamento do Congresso e do STF, realizado em Bras\u00edlia, no dia 15 de mar\u00e7o. Liamar ressalta que a capital federal proibiu eventos que reunissem p\u00fablico superior a 100 pessoas em decorr\u00eancia da pandemia do novo coronav\u00edrus, e que o presidente, ao convocar os seus simpatizantes para participar da manifesta\u00e7\u00e3o, exp\u00f4s a vida e a sa\u00fade dos brasileiros \u00e0 propaga\u00e7\u00e3o de \u201cgermes patog\u00eanicos\u201d. <\/p>\n","protected":false},"excerpt":{"rendered":"<p>Redigido pela economista brasiliense Neide Liamar e sua fam\u00edlia, o pedido de impeachment elenca diversos crimes que ele teria cometido, entre eles disparo de mensagens falsas em massa nas elei\u00e7\u00f5es gerais de 2018, amea\u00e7as \u00e0 democracia e \u00e0 liberdade imprensa, abuso de poder e quebra de decoro. O pedido apresenta uma extensa contextualiza\u00e7\u00e3o da campanha<\/p>\n","protected":false},"author":25,"featured_media":502,"comment_status":"closed","ping_status":"closed","sticky":false,"template":"","format":"standard","meta":{"_acf_changed":false,"_jetpack_memberships_contains_paid_content":false,"footnotes":""},"categories":[1],"tags":[12,10,2],"coauthors":[],"class_list":["post-2767","post","type-post","status-publish","format-standard","has-post-thumbnail","hentry","category-sem-categoria","tag-coronavirus","tag-imprensa","tag-manifestacoes-antidemocraticas"],"acf":[],"yoast_head":"<!-- This site is optimized with the Yoast SEO plugin v27.4 - https:\/\/yoast.com\/product\/yoast-seo-wordpress\/ -->\n<title>Pedido 0015 - Os pedidos de impeachment de Bolsonaro<\/title>\n<meta name=\"robots\" content=\"index, follow, max-snippet:-1, max-image-preview:large, max-video-preview:-1\" \/>\n<link rel=\"canonical\" href=\"https:\/\/apublica.org\/impeachment-bolsonaro\/pedido-015\/\" \/>\n<meta property=\"og:locale\" content=\"pt_BR\" \/>\n<meta property=\"og:type\" content=\"article\" \/>\n<meta property=\"og:title\" content=\"Fam\u00edlia do Distrito Federal apresentou 4 pedidos de impeachment contra Bolsonaro\" \/>\n<meta property=\"og:description\" content=\"Redigido pela economista brasiliense Neide Liamar e sua fam\u00edlia, o pedido de impeachment elenca diversos crimes que ele teria cometido, entre eles disparo de mensagens falsas em massa nas elei\u00e7\u00f5es gerais de 2018, amea\u00e7as \u00e0 democracia e \u00e0 liberdade imprensa, abuso de poder e quebra de decoro. O pedido apresenta uma extensa contextualiza\u00e7\u00e3o da campanha\" \/>\n<meta property=\"og:url\" content=\"https:\/\/apublica.org\/impeachment-bolsonaro\/pedido-015\/\" \/>\n<meta property=\"og:site_name\" content=\"Os pedidos de impeachment de Bolsonaro\" \/>\n<meta property=\"article:published_time\" content=\"2020-03-19T06:30:00+00:00\" \/>\n<meta property=\"article:modified_time\" content=\"2022-05-28T01:58:36+00:00\" \/>\n<meta property=\"og:image\" content=\"https:\/\/apublica.org\/impeachment-bolsonaro.new\/wp-content\/uploads\/2020\/03\/thumb-facebook-12.png\" \/>\n<meta name=\"author\" content=\"Raphaela Ribeiro\" \/>\n<meta name=\"twitter:card\" content=\"summary_large_image\" \/>\n<meta name=\"twitter:title\" content=\"Fam\u00edlia do Distrito Federal apresentou 4 pedidos de impeachment contra Bolsonaro\" \/>\n<meta name=\"twitter:image\" content=\"https:\/\/apublica.org\/impeachment-bolsonaro.new\/wp-content\/uploads\/2020\/03\/thumb-twitter-12.png\" \/>\n<meta name=\"twitter:label1\" content=\"Escrito por\" \/>\n\t<meta name=\"twitter:data1\" content=\"Raphaela Ribeiro\" \/>\n\t<meta name=\"twitter:label2\" content=\"Est. tempo de leitura\" \/>\n\t<meta name=\"twitter:data2\" content=\"1 minuto\" \/>\n\t<meta name=\"twitter:label3\" content=\"Written by\" \/>\n\t<meta name=\"twitter:data3\" content=\"Raphaela Ribeiro\" \/>\n<script type=\"application\/ld+json\" class=\"yoast-schema-graph\">{\"@context\":\"https:\\\/\\\/schema.org\",\"@graph\":[{\"@type\":\"Article\",\"@id\":\"https:\\\/\\\/apublica.org\\\/impeachment-bolsonaro\\\/pedido-015\\\/#article\",\"isPartOf\":{\"@id\":\"https:\\\/\\\/apublica.org\\\/impeachment-bolsonaro\\\/pedido-015\\\/\"},\"author\":{\"name\":\"Raphaela Ribeiro\",\"@id\":\"https:\\\/\\\/apublica.org\\\/impeachment-bolsonaro\\\/#\\\/schema\\\/person\\\/447f2e09e528135f8f74e277a4b21ab6\"},\"headline\":\"Pedido 0015\",\"datePublished\":\"2020-03-19T06:30:00+00:00\",\"dateModified\":\"2022-05-28T01:58:36+00:00\",\"mainEntityOfPage\":{\"@id\":\"https:\\\/\\\/apublica.org\\\/impeachment-bolsonaro\\\/pedido-015\\\/\"},\"wordCount\":271,\"image\":{\"@id\":\"https:\\\/\\\/apublica.org\\\/impeachment-bolsonaro\\\/pedido-015\\\/#primaryimage\"},\"thumbnailUrl\":\"https:\\\/\\\/i0.wp.com\\\/apublica.org\\\/impeachment-bolsonaro\\\/wp-content\\\/uploads\\\/2020\\\/05\\\/imagem-pedido-neide-liamar-foto-marcello-casal-jr-e1590957782535.png?fit=1327%2C525&ssl=1\",\"keywords\":[\"coronav\u00edrus\",\"imprensa\",\"manifesta\u00e7\u00f5es antidemocr\u00e1ticas\"],\"inLanguage\":\"pt-BR\"},{\"@type\":\"WebPage\",\"@id\":\"https:\\\/\\\/apublica.org\\\/impeachment-bolsonaro\\\/pedido-015\\\/\",\"url\":\"https:\\\/\\\/apublica.org\\\/impeachment-bolsonaro\\\/pedido-015\\\/\",\"name\":\"Pedido 0015 - Os pedidos de impeachment de Bolsonaro\",\"isPartOf\":{\"@id\":\"https:\\\/\\\/apublica.org\\\/impeachment-bolsonaro\\\/#website\"},\"primaryImageOfPage\":{\"@id\":\"https:\\\/\\\/apublica.org\\\/impeachment-bolsonaro\\\/pedido-015\\\/#primaryimage\"},\"image\":{\"@id\":\"https:\\\/\\\/apublica.org\\\/impeachment-bolsonaro\\\/pedido-015\\\/#primaryimage\"},\"thumbnailUrl\":\"https:\\\/\\\/i0.wp.com\\\/apublica.org\\\/impeachment-bolsonaro\\\/wp-content\\\/uploads\\\/2020\\\/05\\\/imagem-pedido-neide-liamar-foto-marcello-casal-jr-e1590957782535.png?fit=1327%2C525&ssl=1\",\"datePublished\":\"2020-03-19T06:30:00+00:00\",\"dateModified\":\"2022-05-28T01:58:36+00:00\",\"author\":{\"@id\":\"https:\\\/\\\/apublica.org\\\/impeachment-bolsonaro\\\/#\\\/schema\\\/person\\\/447f2e09e528135f8f74e277a4b21ab6\"},\"breadcrumb\":{\"@id\":\"https:\\\/\\\/apublica.org\\\/impeachment-bolsonaro\\\/pedido-015\\\/#breadcrumb\"},\"inLanguage\":\"pt-BR\",\"potentialAction\":[{\"@type\":\"ReadAction\",\"target\":[\"https:\\\/\\\/apublica.org\\\/impeachment-bolsonaro\\\/pedido-015\\\/\"]}]},{\"@type\":\"ImageObject\",\"inLanguage\":\"pt-BR\",\"@id\":\"https:\\\/\\\/apublica.org\\\/impeachment-bolsonaro\\\/pedido-015\\\/#primaryimage\",\"url\":\"https:\\\/\\\/i0.wp.com\\\/apublica.org\\\/impeachment-bolsonaro\\\/wp-content\\\/uploads\\\/2020\\\/05\\\/imagem-pedido-neide-liamar-foto-marcello-casal-jr-e1590957782535.png?fit=1327%2C525&ssl=1\",\"contentUrl\":\"https:\\\/\\\/i0.wp.com\\\/apublica.org\\\/impeachment-bolsonaro\\\/wp-content\\\/uploads\\\/2020\\\/05\\\/imagem-pedido-neide-liamar-foto-marcello-casal-jr-e1590957782535.png?fit=1327%2C525&ssl=1\",\"width\":1327,\"height\":525,\"caption\":\"Foto: Marcello Casal Jr\\\/Ag\u00eancia Brasil\"},{\"@type\":\"BreadcrumbList\",\"@id\":\"https:\\\/\\\/apublica.org\\\/impeachment-bolsonaro\\\/pedido-015\\\/#breadcrumb\",\"itemListElement\":[{\"@type\":\"ListItem\",\"position\":1,\"name\":\"In\u00edcio\",\"item\":\"https:\\\/\\\/apublica.org\\\/impeachment-bolsonaro\\\/\"},{\"@type\":\"ListItem\",\"position\":2,\"name\":\"Pedido 0015\"}]},{\"@type\":\"WebSite\",\"@id\":\"https:\\\/\\\/apublica.org\\\/impeachment-bolsonaro\\\/#website\",\"url\":\"https:\\\/\\\/apublica.org\\\/impeachment-bolsonaro\\\/\",\"name\":\"Os pedidos de impeachment de Bolsonaro\",\"description\":\"\",\"potentialAction\":[{\"@type\":\"SearchAction\",\"target\":{\"@type\":\"EntryPoint\",\"urlTemplate\":\"https:\\\/\\\/apublica.org\\\/impeachment-bolsonaro\\\/?s={search_term_string}\"},\"query-input\":{\"@type\":\"PropertyValueSpecification\",\"valueRequired\":true,\"valueName\":\"search_term_string\"}}],\"inLanguage\":\"pt-BR\"},{\"@type\":\"Person\",\"@id\":\"https:\\\/\\\/apublica.org\\\/impeachment-bolsonaro\\\/#\\\/schema\\\/person\\\/447f2e09e528135f8f74e277a4b21ab6\",\"name\":\"Raphaela Ribeiro\",\"image\":{\"@type\":\"ImageObject\",\"inLanguage\":\"pt-BR\",\"@id\":\"https:\\\/\\\/secure.gravatar.com\\\/avatar\\\/0f1388e71e41b3748e7a585af729e5a61272509d68d1380dba3193a2f847f585?s=96&d=mm&r=ga4b2ab01403aa0df356a7c395d1d605c\",\"url\":\"https:\\\/\\\/secure.gravatar.com\\\/avatar\\\/0f1388e71e41b3748e7a585af729e5a61272509d68d1380dba3193a2f847f585?s=96&d=mm&r=g\",\"contentUrl\":\"https:\\\/\\\/secure.gravatar.com\\\/avatar\\\/0f1388e71e41b3748e7a585af729e5a61272509d68d1380dba3193a2f847f585?s=96&d=mm&r=g\",\"caption\":\"Raphaela Ribeiro\"},\"description\":\"Jornalista formada pela Escola de Jornalismo \u00c9nois, laborat\u00f3rio de jornalismo c\u00edvico que trabalha pela equidade e diversidade na m\u00eddia. J\u00e1 teve reportagens focadas em territ\u00f3rio e g\u00eanero publicadas na Folha, HuffPost Brasil, The Intercept e Revista AzMina. Foi rep\u00f3rter tamb\u00e9m do ChecaZap \u2013 projeto de checagem de informa\u00e7\u00e3o \u2013 nas elei\u00e7\u00f5es de 2018. Al\u00e9m de co-autora da webs\u00e9rie \\\"Comida de Quebrada\\\", adapta\u00e7\u00e3o em audiovisual do \\\"Prato Firmeza\\\", obra finalista do Pr\u00eamio Jabuti 2016. Na P\u00fablica desde 2019, \u00e9 secret\u00e1ria de reda\u00e7\u00e3o. Antes, foi estagi\u00e1ria de reportagem e chegou a participar de coberturas reconhecidas pelo Pr\u00eamio Roche de Jornalismo em Sa\u00fade.\u00a0\",\"url\":\"https:\\\/\\\/apublica.org\\\/impeachment-bolsonaro\\\/author\\\/raphaelaribeiro\\\/\"}]}<\/script>\n<!-- \/ Yoast SEO plugin. -->","yoast_head_json":{"title":"Pedido 0015 - Os pedidos de impeachment de Bolsonaro","robots":{"index":"index","follow":"follow","max-snippet":"max-snippet:-1","max-image-preview":"max-image-preview:large","max-video-preview":"max-video-preview:-1"},"canonical":"https:\/\/apublica.org\/impeachment-bolsonaro\/pedido-015\/","og_locale":"pt_BR","og_type":"article","og_title":"Fam\u00edlia do Distrito Federal apresentou 4 pedidos de impeachment contra Bolsonaro","og_description":"Redigido pela economista brasiliense Neide Liamar e sua fam\u00edlia, o pedido de impeachment elenca diversos crimes que ele teria cometido, entre eles disparo de mensagens falsas em massa nas elei\u00e7\u00f5es gerais de 2018, amea\u00e7as \u00e0 democracia e \u00e0 liberdade imprensa, abuso de poder e quebra de decoro. O pedido apresenta uma extensa contextualiza\u00e7\u00e3o da campanha","og_url":"https:\/\/apublica.org\/impeachment-bolsonaro\/pedido-015\/","og_site_name":"Os pedidos de impeachment de Bolsonaro","article_published_time":"2020-03-19T06:30:00+00:00","article_modified_time":"2022-05-28T01:58:36+00:00","og_image":[{"url":"https:\/\/apublica.org\/impeachment-bolsonaro.new\/wp-content\/uploads\/2020\/03\/thumb-facebook-12.png","type":"","width":"","height":""}],"author":"Raphaela Ribeiro","twitter_card":"summary_large_image","twitter_title":"Fam\u00edlia do Distrito Federal apresentou 4 pedidos de impeachment contra Bolsonaro","twitter_image":"https:\/\/apublica.org\/impeachment-bolsonaro.new\/wp-content\/uploads\/2020\/03\/thumb-twitter-12.png","twitter_misc":{"Escrito por":"Raphaela Ribeiro","Est. tempo de leitura":"1 minuto","Written by":"Raphaela Ribeiro"},"schema":{"@context":"https:\/\/schema.org","@graph":[{"@type":"Article","@id":"https:\/\/apublica.org\/impeachment-bolsonaro\/pedido-015\/#article","isPartOf":{"@id":"https:\/\/apublica.org\/impeachment-bolsonaro\/pedido-015\/"},"author":{"name":"Raphaela Ribeiro","@id":"https:\/\/apublica.org\/impeachment-bolsonaro\/#\/schema\/person\/447f2e09e528135f8f74e277a4b21ab6"},"headline":"Pedido 0015","datePublished":"2020-03-19T06:30:00+00:00","dateModified":"2022-05-28T01:58:36+00:00","mainEntityOfPage":{"@id":"https:\/\/apublica.org\/impeachment-bolsonaro\/pedido-015\/"},"wordCount":271,"image":{"@id":"https:\/\/apublica.org\/impeachment-bolsonaro\/pedido-015\/#primaryimage"},"thumbnailUrl":"https:\/\/i0.wp.com\/apublica.org\/impeachment-bolsonaro\/wp-content\/uploads\/2020\/05\/imagem-pedido-neide-liamar-foto-marcello-casal-jr-e1590957782535.png?fit=1327%2C525&ssl=1","keywords":["coronav\u00edrus","imprensa","manifesta\u00e7\u00f5es antidemocr\u00e1ticas"],"inLanguage":"pt-BR"},{"@type":"WebPage","@id":"https:\/\/apublica.org\/impeachment-bolsonaro\/pedido-015\/","url":"https:\/\/apublica.org\/impeachment-bolsonaro\/pedido-015\/","name":"Pedido 0015 - Os pedidos de impeachment de Bolsonaro","isPartOf":{"@id":"https:\/\/apublica.org\/impeachment-bolsonaro\/#website"},"primaryImageOfPage":{"@id":"https:\/\/apublica.org\/impeachment-bolsonaro\/pedido-015\/#primaryimage"},"image":{"@id":"https:\/\/apublica.org\/impeachment-bolsonaro\/pedido-015\/#primaryimage"},"thumbnailUrl":"https:\/\/i0.wp.com\/apublica.org\/impeachment-bolsonaro\/wp-content\/uploads\/2020\/05\/imagem-pedido-neide-liamar-foto-marcello-casal-jr-e1590957782535.png?fit=1327%2C525&ssl=1","datePublished":"2020-03-19T06:30:00+00:00","dateModified":"2022-05-28T01:58:36+00:00","author":{"@id":"https:\/\/apublica.org\/impeachment-bolsonaro\/#\/schema\/person\/447f2e09e528135f8f74e277a4b21ab6"},"breadcrumb":{"@id":"https:\/\/apublica.org\/impeachment-bolsonaro\/pedido-015\/#breadcrumb"},"inLanguage":"pt-BR","potentialAction":[{"@type":"ReadAction","target":["https:\/\/apublica.org\/impeachment-bolsonaro\/pedido-015\/"]}]},{"@type":"ImageObject","inLanguage":"pt-BR","@id":"https:\/\/apublica.org\/impeachment-bolsonaro\/pedido-015\/#primaryimage","url":"https:\/\/i0.wp.com\/apublica.org\/impeachment-bolsonaro\/wp-content\/uploads\/2020\/05\/imagem-pedido-neide-liamar-foto-marcello-casal-jr-e1590957782535.png?fit=1327%2C525&ssl=1","contentUrl":"https:\/\/i0.wp.com\/apublica.org\/impeachment-bolsonaro\/wp-content\/uploads\/2020\/05\/imagem-pedido-neide-liamar-foto-marcello-casal-jr-e1590957782535.png?fit=1327%2C525&ssl=1","width":1327,"height":525,"caption":"Foto: Marcello Casal Jr\/Ag\u00eancia Brasil"},{"@type":"BreadcrumbList","@id":"https:\/\/apublica.org\/impeachment-bolsonaro\/pedido-015\/#breadcrumb","itemListElement":[{"@type":"ListItem","position":1,"name":"In\u00edcio","item":"https:\/\/apublica.org\/impeachment-bolsonaro\/"},{"@type":"ListItem","position":2,"name":"Pedido 0015"}]},{"@type":"WebSite","@id":"https:\/\/apublica.org\/impeachment-bolsonaro\/#website","url":"https:\/\/apublica.org\/impeachment-bolsonaro\/","name":"Os pedidos de impeachment de Bolsonaro","description":"","potentialAction":[{"@type":"SearchAction","target":{"@type":"EntryPoint","urlTemplate":"https:\/\/apublica.org\/impeachment-bolsonaro\/?s={search_term_string}"},"query-input":{"@type":"PropertyValueSpecification","valueRequired":true,"valueName":"search_term_string"}}],"inLanguage":"pt-BR"},{"@type":"Person","@id":"https:\/\/apublica.org\/impeachment-bolsonaro\/#\/schema\/person\/447f2e09e528135f8f74e277a4b21ab6","name":"Raphaela Ribeiro","image":{"@type":"ImageObject","inLanguage":"pt-BR","@id":"https:\/\/secure.gravatar.com\/avatar\/0f1388e71e41b3748e7a585af729e5a61272509d68d1380dba3193a2f847f585?s=96&d=mm&r=ga4b2ab01403aa0df356a7c395d1d605c","url":"https:\/\/secure.gravatar.com\/avatar\/0f1388e71e41b3748e7a585af729e5a61272509d68d1380dba3193a2f847f585?s=96&d=mm&r=g","contentUrl":"https:\/\/secure.gravatar.com\/avatar\/0f1388e71e41b3748e7a585af729e5a61272509d68d1380dba3193a2f847f585?s=96&d=mm&r=g","caption":"Raphaela Ribeiro"},"description":"Jornalista formada pela Escola de Jornalismo \u00c9nois, laborat\u00f3rio de jornalismo c\u00edvico que trabalha pela equidade e diversidade na m\u00eddia. J\u00e1 teve reportagens focadas em territ\u00f3rio e g\u00eanero publicadas na Folha, HuffPost Brasil, The Intercept e Revista AzMina. Foi rep\u00f3rter tamb\u00e9m do ChecaZap \u2013 projeto de checagem de informa\u00e7\u00e3o \u2013 nas elei\u00e7\u00f5es de 2018. Al\u00e9m de co-autora da webs\u00e9rie \"Comida de Quebrada\", adapta\u00e7\u00e3o em audiovisual do \"Prato Firmeza\", obra finalista do Pr\u00eamio Jabuti 2016. Na P\u00fablica desde 2019, \u00e9 secret\u00e1ria de reda\u00e7\u00e3o. Antes, foi estagi\u00e1ria de reportagem e chegou a participar de coberturas reconhecidas pelo Pr\u00eamio Roche de Jornalismo em Sa\u00fade.\u00a0","url":"https:\/\/apublica.org\/impeachment-bolsonaro\/author\/raphaelaribeiro\/"}]}},"jetpack_featured_media_url":"https:\/\/i0.wp.com\/apublica.org\/impeachment-bolsonaro\/wp-content\/uploads\/2020\/05\/imagem-pedido-neide-liamar-foto-marcello-casal-jr-e1590957782535.png?fit=1327%2C525&ssl=1","jetpack_sharing_enabled":true,"_links":{"self":[{"href":"https:\/\/apublica.org\/impeachment-bolsonaro\/wp-json\/wp\/v2\/posts\/2767","targetHints":{"allow":["GET"]}}],"collection":[{"href":"https:\/\/apublica.org\/impeachment-bolsonaro\/wp-json\/wp\/v2\/posts"}],"about":[{"href":"https:\/\/apublica.org\/impeachment-bolsonaro\/wp-json\/wp\/v2\/types\/post"}],"author":[{"embeddable":true,"href":"https:\/\/apublica.org\/impeachment-bolsonaro\/wp-json\/wp\/v2\/users\/25"}],"replies":[{"embeddable":true,"href":"https:\/\/apublica.org\/impeachment-bolsonaro\/wp-json\/wp\/v2\/comments?post=2767"}],"version-history":[{"count":1,"href":"https:\/\/apublica.org\/impeachment-bolsonaro\/wp-json\/wp\/v2\/posts\/2767\/revisions"}],"predecessor-version":[{"id":3412,"href":"https:\/\/apublica.org\/impeachment-bolsonaro\/wp-json\/wp\/v2\/posts\/2767\/revisions\/3412"}],"wp:featuredmedia":[{"embeddable":true,"href":"https:\/\/apublica.org\/impeachment-bolsonaro\/wp-json\/wp\/v2\/media\/502"}],"wp:attachment":[{"href":"https:\/\/apublica.org\/impeachment-bolsonaro\/wp-json\/wp\/v2\/media?parent=2767"}],"wp:term":[{"taxonomy":"category","embeddable":true,"href":"https:\/\/apublica.org\/impeachment-bolsonaro\/wp-json\/wp\/v2\/categories?post=2767"},{"taxonomy":"post_tag","embeddable":true,"href":"https:\/\/apublica.org\/impeachment-bolsonaro\/wp-json\/wp\/v2\/tags?post=2767"},{"taxonomy":"author","embeddable":true,"href":"https:\/\/apublica.org\/impeachment-bolsonaro\/wp-json\/wp\/v2\/coauthors?post=2767"}],"curies":[{"name":"wp","href":"https:\/\/api.w.org\/{rel}","templated":true}]}}