{"id":2770,"date":"2019-04-02T20:34:00","date_gmt":"2019-04-02T23:34:00","guid":{"rendered":"https:\/\/apublica.org\/impeachment-bolsonaro.new\/pedido-0003\/"},"modified":"2022-05-27T22:58:49","modified_gmt":"2022-05-28T01:58:49","slug":"pedido-0003","status":"publish","type":"post","link":"https:\/\/apublica.org\/impeachment-bolsonaro\/pedido-0003\/","title":{"rendered":"Pedido 003"},"content":{"rendered":"\n<p>O advogado paulista Carlos Alexandre Klomfahs \u00e9 autor do pedido que acusa o presidente Jair Bolsonaro (sem partido) de ter cometido crime de responsabilidade ao autorizar divulga\u00e7\u00e3o de v\u00eddeo em defesa do golpe militar de 31 de mar\u00e7o de 1964, nos canais oficiais da Presid\u00eancia da Rep\u00fablica. Com o ato, Bolsonaro teria ferido o Artigo 7 e 9 da Lei 1.079, \u201cprovocando animosidade entre as for\u00e7as armadas e as institui\u00e7\u00f5es civis; expedindo ordens contr\u00e1rias \u00e0 Constitui\u00e7\u00e3o e procedendo de modo incompat\u00edvel com o decoro do cargo.\u201d<\/p>\n\n\n\n<p>No texto, o advogado argumenta que a ditadura militar foi uma \u201cautocracia limitada, composta de Atos Institucionais que, sem nenhuma raz\u00e3o jur\u00eddica ou fundamento constitucional anteriormente reconhecida pelo Legislativo,usurpou todas as compet\u00eancias, suspendeu direitos pol\u00edticos, fechou o congresso, cassou ministros do STF, intelectuais, jornalistas, etc.\u201d<\/p>\n\n\n\n<p>Klomfahs \u00e9 autor de v\u00e1rias a\u00e7\u00f5es populares envolvendo pol\u00edticos importantes. Na lista est\u00e1 uma a\u00e7\u00e3o para barrar a nomea\u00e7\u00e3o do ex-presidente Lula (PT) como ministro da ex-presidente Dilma Rousseff (PT) &#8211; a nomea\u00e7\u00e3o foi depois suspensa pelo ministro do Supremo Tribunal Federal (STF).&nbsp;<\/p>\n\n\n\n<p>Nas elei\u00e7\u00f5es passadas, Klomfahs tentou concorrer \u00e0 presid\u00eancia da Rep\u00fablica sem filia\u00e7\u00e3o partid\u00e1ria, o que \u00e9 inconstitucional.&nbsp; Ele tamb\u00e9m defendeu o militar Manoel Silva Rodrigues, preso com 39 quilos de coca\u00edna em um avi\u00e3o que integrava a comitiva do presidente Jair Bolsonaro, mas terminou abandonando o caso.&nbsp;<\/p>\n","protected":false},"excerpt":{"rendered":"<p>O advogado paulista Carlos Alexandre Klomfahs \u00e9 autor do pedido que acusa o presidente Jair Bolsonaro (sem partido) de ter cometido crime de responsabilidade ao autorizar divulga\u00e7\u00e3o de v\u00eddeo em defesa do golpe militar de 31 de mar\u00e7o de 1964, nos canais oficiais da Presid\u00eancia da Rep\u00fablica. Com o ato, Bolsonaro teria ferido o Artigo<\/p>\n","protected":false},"author":24,"featured_media":132,"comment_status":"closed","ping_status":"closed","sticky":false,"template":"","format":"standard","meta":{"_acf_changed":false,"_jetpack_memberships_contains_paid_content":false,"footnotes":""},"categories":[1],"tags":[11,31,5],"coauthors":[],"class_list":["post-2770","post","type-post","status-publish","format-standard","has-post-thumbnail","hentry","category-sem-categoria","tag-ditadura-militar","tag-forcas-armadas","tag-quebra-de-decoro"],"acf":[],"yoast_head":"<!-- This site is optimized with the Yoast SEO plugin v27.5 - https:\/\/yoast.com\/product\/yoast-seo-wordpress\/ -->\n<title>Pedido 003 - Os pedidos de impeachment de Bolsonaro<\/title>\n<meta name=\"robots\" content=\"index, follow, max-snippet:-1, max-image-preview:large, max-video-preview:-1\" \/>\n<link rel=\"canonical\" href=\"https:\/\/apublica.org\/impeachment-bolsonaro\/pedido-0003\/\" \/>\n<meta property=\"og:locale\" content=\"pt_BR\" \/>\n<meta property=\"og:type\" content=\"article\" \/>\n<meta property=\"og:title\" content=\"Pedido 003 - Os pedidos de impeachment de Bolsonaro\" \/>\n<meta property=\"og:description\" content=\"O advogado paulista Carlos Alexandre Klomfahs \u00e9 autor do pedido que acusa o presidente Jair Bolsonaro (sem partido) de ter cometido crime de responsabilidade ao autorizar divulga\u00e7\u00e3o de v\u00eddeo em defesa do golpe militar de 31 de mar\u00e7o de 1964, nos canais oficiais da Presid\u00eancia da Rep\u00fablica. Com o ato, Bolsonaro teria ferido o Artigo\" \/>\n<meta property=\"og:url\" content=\"https:\/\/apublica.org\/impeachment-bolsonaro\/pedido-0003\/\" \/>\n<meta property=\"og:site_name\" content=\"Os pedidos de impeachment de Bolsonaro\" \/>\n<meta property=\"article:published_time\" content=\"2019-04-02T23:34:00+00:00\" \/>\n<meta property=\"article:modified_time\" content=\"2022-05-28T01:58:49+00:00\" \/>\n<meta property=\"og:image\" content=\"https:\/\/i0.wp.com\/apublica.org\/impeachment-bolsonaro\/wp-content\/uploads\/2020\/05\/imagem-pedido-carlos-alexandre-klomfahs-foto-agencia-brasil.jpg?fit=1530%2C856&ssl=1\" \/>\n\t<meta property=\"og:image:width\" content=\"1530\" \/>\n\t<meta property=\"og:image:height\" content=\"856\" \/>\n\t<meta property=\"og:image:type\" content=\"image\/jpeg\" \/>\n<meta name=\"author\" content=\"Mariama Correia\" \/>\n<meta name=\"twitter:card\" content=\"summary_large_image\" \/>\n<meta name=\"twitter:label1\" content=\"Escrito por\" \/>\n\t<meta name=\"twitter:data1\" content=\"Mariama Correia\" \/>\n\t<meta name=\"twitter:label2\" content=\"Est. tempo de leitura\" \/>\n\t<meta name=\"twitter:data2\" content=\"1 minuto\" \/>\n\t<meta name=\"twitter:label3\" content=\"Written by\" \/>\n\t<meta name=\"twitter:data3\" content=\"Mariama Correia\" \/>\n<script type=\"application\/ld+json\" class=\"yoast-schema-graph\">{\"@context\":\"https:\\\/\\\/schema.org\",\"@graph\":[{\"@type\":\"Article\",\"@id\":\"https:\\\/\\\/apublica.org\\\/impeachment-bolsonaro\\\/pedido-0003\\\/#article\",\"isPartOf\":{\"@id\":\"https:\\\/\\\/apublica.org\\\/impeachment-bolsonaro\\\/pedido-0003\\\/\"},\"author\":{\"name\":\"Mariama Correia\",\"@id\":\"https:\\\/\\\/apublica.org\\\/impeachment-bolsonaro\\\/#\\\/schema\\\/person\\\/8623a96115a50fbdb34c523c66189ee8\"},\"headline\":\"Pedido 003\",\"datePublished\":\"2019-04-02T23:34:00+00:00\",\"dateModified\":\"2022-05-28T01:58:49+00:00\",\"mainEntityOfPage\":{\"@id\":\"https:\\\/\\\/apublica.org\\\/impeachment-bolsonaro\\\/pedido-0003\\\/\"},\"wordCount\":243,\"image\":{\"@id\":\"https:\\\/\\\/apublica.org\\\/impeachment-bolsonaro\\\/pedido-0003\\\/#primaryimage\"},\"thumbnailUrl\":\"https:\\\/\\\/i0.wp.com\\\/apublica.org\\\/impeachment-bolsonaro\\\/wp-content\\\/uploads\\\/2020\\\/05\\\/imagem-pedido-carlos-alexandre-klomfahs-foto-agencia-brasil.jpg?fit=1530%2C856&ssl=1\",\"keywords\":[\"ditadura militar\",\"For\u00e7as Armadas\",\"quebra de decoro\"],\"inLanguage\":\"pt-BR\"},{\"@type\":\"WebPage\",\"@id\":\"https:\\\/\\\/apublica.org\\\/impeachment-bolsonaro\\\/pedido-0003\\\/\",\"url\":\"https:\\\/\\\/apublica.org\\\/impeachment-bolsonaro\\\/pedido-0003\\\/\",\"name\":\"Pedido 003 - Os pedidos de impeachment de Bolsonaro\",\"isPartOf\":{\"@id\":\"https:\\\/\\\/apublica.org\\\/impeachment-bolsonaro\\\/#website\"},\"primaryImageOfPage\":{\"@id\":\"https:\\\/\\\/apublica.org\\\/impeachment-bolsonaro\\\/pedido-0003\\\/#primaryimage\"},\"image\":{\"@id\":\"https:\\\/\\\/apublica.org\\\/impeachment-bolsonaro\\\/pedido-0003\\\/#primaryimage\"},\"thumbnailUrl\":\"https:\\\/\\\/i0.wp.com\\\/apublica.org\\\/impeachment-bolsonaro\\\/wp-content\\\/uploads\\\/2020\\\/05\\\/imagem-pedido-carlos-alexandre-klomfahs-foto-agencia-brasil.jpg?fit=1530%2C856&ssl=1\",\"datePublished\":\"2019-04-02T23:34:00+00:00\",\"dateModified\":\"2022-05-28T01:58:49+00:00\",\"author\":{\"@id\":\"https:\\\/\\\/apublica.org\\\/impeachment-bolsonaro\\\/#\\\/schema\\\/person\\\/8623a96115a50fbdb34c523c66189ee8\"},\"breadcrumb\":{\"@id\":\"https:\\\/\\\/apublica.org\\\/impeachment-bolsonaro\\\/pedido-0003\\\/#breadcrumb\"},\"inLanguage\":\"pt-BR\",\"potentialAction\":[{\"@type\":\"ReadAction\",\"target\":[\"https:\\\/\\\/apublica.org\\\/impeachment-bolsonaro\\\/pedido-0003\\\/\"]}]},{\"@type\":\"ImageObject\",\"inLanguage\":\"pt-BR\",\"@id\":\"https:\\\/\\\/apublica.org\\\/impeachment-bolsonaro\\\/pedido-0003\\\/#primaryimage\",\"url\":\"https:\\\/\\\/i0.wp.com\\\/apublica.org\\\/impeachment-bolsonaro\\\/wp-content\\\/uploads\\\/2020\\\/05\\\/imagem-pedido-carlos-alexandre-klomfahs-foto-agencia-brasil.jpg?fit=1530%2C856&ssl=1\",\"contentUrl\":\"https:\\\/\\\/i0.wp.com\\\/apublica.org\\\/impeachment-bolsonaro\\\/wp-content\\\/uploads\\\/2020\\\/05\\\/imagem-pedido-carlos-alexandre-klomfahs-foto-agencia-brasil.jpg?fit=1530%2C856&ssl=1\",\"width\":1530,\"height\":856},{\"@type\":\"BreadcrumbList\",\"@id\":\"https:\\\/\\\/apublica.org\\\/impeachment-bolsonaro\\\/pedido-0003\\\/#breadcrumb\",\"itemListElement\":[{\"@type\":\"ListItem\",\"position\":1,\"name\":\"In\u00edcio\",\"item\":\"https:\\\/\\\/apublica.org\\\/impeachment-bolsonaro\\\/\"},{\"@type\":\"ListItem\",\"position\":2,\"name\":\"Pedido 003\"}]},{\"@type\":\"WebSite\",\"@id\":\"https:\\\/\\\/apublica.org\\\/impeachment-bolsonaro\\\/#website\",\"url\":\"https:\\\/\\\/apublica.org\\\/impeachment-bolsonaro\\\/\",\"name\":\"Os pedidos de impeachment de Bolsonaro\",\"description\":\"\",\"potentialAction\":[{\"@type\":\"SearchAction\",\"target\":{\"@type\":\"EntryPoint\",\"urlTemplate\":\"https:\\\/\\\/apublica.org\\\/impeachment-bolsonaro\\\/?s={search_term_string}\"},\"query-input\":{\"@type\":\"PropertyValueSpecification\",\"valueRequired\":true,\"valueName\":\"search_term_string\"}}],\"inLanguage\":\"pt-BR\"},{\"@type\":\"Person\",\"@id\":\"https:\\\/\\\/apublica.org\\\/impeachment-bolsonaro\\\/#\\\/schema\\\/person\\\/8623a96115a50fbdb34c523c66189ee8\",\"name\":\"Mariama Correia\",\"image\":{\"@type\":\"ImageObject\",\"inLanguage\":\"pt-BR\",\"@id\":\"https:\\\/\\\/secure.gravatar.com\\\/avatar\\\/d86967440835379aa59e7315cb6da864332a30c986d8ebe3bbbc2e0c439fdf92?s=96&d=mm&r=g2c50642425aec9747fc19244c0fa1a50\",\"url\":\"https:\\\/\\\/secure.gravatar.com\\\/avatar\\\/d86967440835379aa59e7315cb6da864332a30c986d8ebe3bbbc2e0c439fdf92?s=96&d=mm&r=g\",\"contentUrl\":\"https:\\\/\\\/secure.gravatar.com\\\/avatar\\\/d86967440835379aa59e7315cb6da864332a30c986d8ebe3bbbc2e0c439fdf92?s=96&d=mm&r=g\",\"caption\":\"Mariama Correia\"},\"description\":\"Jornalista formada pela Universidade Cat\u00f3lica de Pernambuco e p\u00f3s-graduada pela Universidade Federal de Pernambuco. Foi rep\u00f3rter do coletivo de jornalismo investigativo e independente Marco Zero Conte\u00fado e da editoria de Economia do jornal Folha de Pernambuco. J\u00e1 assinou mat\u00e9rias no The Intercept Brasil, em revistas da Editora Abril e em outras publica\u00e7\u00f5es. Participa do Atlas da Not\u00edcia, um mapeamento do jornalismo no Brasil, como pesquisadora do Nordeste.\",\"url\":\"https:\\\/\\\/apublica.org\\\/impeachment-bolsonaro\\\/author\\\/mariamacorreia\\\/\"}]}<\/script>\n<!-- \/ Yoast SEO plugin. -->","yoast_head_json":{"title":"Pedido 003 - Os pedidos de impeachment de Bolsonaro","robots":{"index":"index","follow":"follow","max-snippet":"max-snippet:-1","max-image-preview":"max-image-preview:large","max-video-preview":"max-video-preview:-1"},"canonical":"https:\/\/apublica.org\/impeachment-bolsonaro\/pedido-0003\/","og_locale":"pt_BR","og_type":"article","og_title":"Pedido 003 - Os pedidos de impeachment de Bolsonaro","og_description":"O advogado paulista Carlos Alexandre Klomfahs \u00e9 autor do pedido que acusa o presidente Jair Bolsonaro (sem partido) de ter cometido crime de responsabilidade ao autorizar divulga\u00e7\u00e3o de v\u00eddeo em defesa do golpe militar de 31 de mar\u00e7o de 1964, nos canais oficiais da Presid\u00eancia da Rep\u00fablica. Com o ato, Bolsonaro teria ferido o Artigo","og_url":"https:\/\/apublica.org\/impeachment-bolsonaro\/pedido-0003\/","og_site_name":"Os pedidos de impeachment de Bolsonaro","article_published_time":"2019-04-02T23:34:00+00:00","article_modified_time":"2022-05-28T01:58:49+00:00","og_image":[{"width":1530,"height":856,"url":"https:\/\/i0.wp.com\/apublica.org\/impeachment-bolsonaro\/wp-content\/uploads\/2020\/05\/imagem-pedido-carlos-alexandre-klomfahs-foto-agencia-brasil.jpg?fit=1530%2C856&ssl=1","type":"image\/jpeg"}],"author":"Mariama Correia","twitter_card":"summary_large_image","twitter_misc":{"Escrito por":"Mariama Correia","Est. tempo de leitura":"1 minuto","Written by":"Mariama Correia"},"schema":{"@context":"https:\/\/schema.org","@graph":[{"@type":"Article","@id":"https:\/\/apublica.org\/impeachment-bolsonaro\/pedido-0003\/#article","isPartOf":{"@id":"https:\/\/apublica.org\/impeachment-bolsonaro\/pedido-0003\/"},"author":{"name":"Mariama Correia","@id":"https:\/\/apublica.org\/impeachment-bolsonaro\/#\/schema\/person\/8623a96115a50fbdb34c523c66189ee8"},"headline":"Pedido 003","datePublished":"2019-04-02T23:34:00+00:00","dateModified":"2022-05-28T01:58:49+00:00","mainEntityOfPage":{"@id":"https:\/\/apublica.org\/impeachment-bolsonaro\/pedido-0003\/"},"wordCount":243,"image":{"@id":"https:\/\/apublica.org\/impeachment-bolsonaro\/pedido-0003\/#primaryimage"},"thumbnailUrl":"https:\/\/i0.wp.com\/apublica.org\/impeachment-bolsonaro\/wp-content\/uploads\/2020\/05\/imagem-pedido-carlos-alexandre-klomfahs-foto-agencia-brasil.jpg?fit=1530%2C856&ssl=1","keywords":["ditadura militar","For\u00e7as Armadas","quebra de decoro"],"inLanguage":"pt-BR"},{"@type":"WebPage","@id":"https:\/\/apublica.org\/impeachment-bolsonaro\/pedido-0003\/","url":"https:\/\/apublica.org\/impeachment-bolsonaro\/pedido-0003\/","name":"Pedido 003 - Os pedidos de impeachment de Bolsonaro","isPartOf":{"@id":"https:\/\/apublica.org\/impeachment-bolsonaro\/#website"},"primaryImageOfPage":{"@id":"https:\/\/apublica.org\/impeachment-bolsonaro\/pedido-0003\/#primaryimage"},"image":{"@id":"https:\/\/apublica.org\/impeachment-bolsonaro\/pedido-0003\/#primaryimage"},"thumbnailUrl":"https:\/\/i0.wp.com\/apublica.org\/impeachment-bolsonaro\/wp-content\/uploads\/2020\/05\/imagem-pedido-carlos-alexandre-klomfahs-foto-agencia-brasil.jpg?fit=1530%2C856&ssl=1","datePublished":"2019-04-02T23:34:00+00:00","dateModified":"2022-05-28T01:58:49+00:00","author":{"@id":"https:\/\/apublica.org\/impeachment-bolsonaro\/#\/schema\/person\/8623a96115a50fbdb34c523c66189ee8"},"breadcrumb":{"@id":"https:\/\/apublica.org\/impeachment-bolsonaro\/pedido-0003\/#breadcrumb"},"inLanguage":"pt-BR","potentialAction":[{"@type":"ReadAction","target":["https:\/\/apublica.org\/impeachment-bolsonaro\/pedido-0003\/"]}]},{"@type":"ImageObject","inLanguage":"pt-BR","@id":"https:\/\/apublica.org\/impeachment-bolsonaro\/pedido-0003\/#primaryimage","url":"https:\/\/i0.wp.com\/apublica.org\/impeachment-bolsonaro\/wp-content\/uploads\/2020\/05\/imagem-pedido-carlos-alexandre-klomfahs-foto-agencia-brasil.jpg?fit=1530%2C856&ssl=1","contentUrl":"https:\/\/i0.wp.com\/apublica.org\/impeachment-bolsonaro\/wp-content\/uploads\/2020\/05\/imagem-pedido-carlos-alexandre-klomfahs-foto-agencia-brasil.jpg?fit=1530%2C856&ssl=1","width":1530,"height":856},{"@type":"BreadcrumbList","@id":"https:\/\/apublica.org\/impeachment-bolsonaro\/pedido-0003\/#breadcrumb","itemListElement":[{"@type":"ListItem","position":1,"name":"In\u00edcio","item":"https:\/\/apublica.org\/impeachment-bolsonaro\/"},{"@type":"ListItem","position":2,"name":"Pedido 003"}]},{"@type":"WebSite","@id":"https:\/\/apublica.org\/impeachment-bolsonaro\/#website","url":"https:\/\/apublica.org\/impeachment-bolsonaro\/","name":"Os pedidos de impeachment de Bolsonaro","description":"","potentialAction":[{"@type":"SearchAction","target":{"@type":"EntryPoint","urlTemplate":"https:\/\/apublica.org\/impeachment-bolsonaro\/?s={search_term_string}"},"query-input":{"@type":"PropertyValueSpecification","valueRequired":true,"valueName":"search_term_string"}}],"inLanguage":"pt-BR"},{"@type":"Person","@id":"https:\/\/apublica.org\/impeachment-bolsonaro\/#\/schema\/person\/8623a96115a50fbdb34c523c66189ee8","name":"Mariama Correia","image":{"@type":"ImageObject","inLanguage":"pt-BR","@id":"https:\/\/secure.gravatar.com\/avatar\/d86967440835379aa59e7315cb6da864332a30c986d8ebe3bbbc2e0c439fdf92?s=96&d=mm&r=g2c50642425aec9747fc19244c0fa1a50","url":"https:\/\/secure.gravatar.com\/avatar\/d86967440835379aa59e7315cb6da864332a30c986d8ebe3bbbc2e0c439fdf92?s=96&d=mm&r=g","contentUrl":"https:\/\/secure.gravatar.com\/avatar\/d86967440835379aa59e7315cb6da864332a30c986d8ebe3bbbc2e0c439fdf92?s=96&d=mm&r=g","caption":"Mariama Correia"},"description":"Jornalista formada pela Universidade Cat\u00f3lica de Pernambuco e p\u00f3s-graduada pela Universidade Federal de Pernambuco. Foi rep\u00f3rter do coletivo de jornalismo investigativo e independente Marco Zero Conte\u00fado e da editoria de Economia do jornal Folha de Pernambuco. J\u00e1 assinou mat\u00e9rias no The Intercept Brasil, em revistas da Editora Abril e em outras publica\u00e7\u00f5es. Participa do Atlas da Not\u00edcia, um mapeamento do jornalismo no Brasil, como pesquisadora do Nordeste.","url":"https:\/\/apublica.org\/impeachment-bolsonaro\/author\/mariamacorreia\/"}]}},"jetpack_featured_media_url":"https:\/\/i0.wp.com\/apublica.org\/impeachment-bolsonaro\/wp-content\/uploads\/2020\/05\/imagem-pedido-carlos-alexandre-klomfahs-foto-agencia-brasil.jpg?fit=1530%2C856&ssl=1","jetpack_sharing_enabled":true,"_links":{"self":[{"href":"https:\/\/apublica.org\/impeachment-bolsonaro\/wp-json\/wp\/v2\/posts\/2770","targetHints":{"allow":["GET"]}}],"collection":[{"href":"https:\/\/apublica.org\/impeachment-bolsonaro\/wp-json\/wp\/v2\/posts"}],"about":[{"href":"https:\/\/apublica.org\/impeachment-bolsonaro\/wp-json\/wp\/v2\/types\/post"}],"author":[{"embeddable":true,"href":"https:\/\/apublica.org\/impeachment-bolsonaro\/wp-json\/wp\/v2\/users\/24"}],"replies":[{"embeddable":true,"href":"https:\/\/apublica.org\/impeachment-bolsonaro\/wp-json\/wp\/v2\/comments?post=2770"}],"version-history":[{"count":1,"href":"https:\/\/apublica.org\/impeachment-bolsonaro\/wp-json\/wp\/v2\/posts\/2770\/revisions"}],"predecessor-version":[{"id":3424,"href":"https:\/\/apublica.org\/impeachment-bolsonaro\/wp-json\/wp\/v2\/posts\/2770\/revisions\/3424"}],"wp:featuredmedia":[{"embeddable":true,"href":"https:\/\/apublica.org\/impeachment-bolsonaro\/wp-json\/wp\/v2\/media\/132"}],"wp:attachment":[{"href":"https:\/\/apublica.org\/impeachment-bolsonaro\/wp-json\/wp\/v2\/media?parent=2770"}],"wp:term":[{"taxonomy":"category","embeddable":true,"href":"https:\/\/apublica.org\/impeachment-bolsonaro\/wp-json\/wp\/v2\/categories?post=2770"},{"taxonomy":"post_tag","embeddable":true,"href":"https:\/\/apublica.org\/impeachment-bolsonaro\/wp-json\/wp\/v2\/tags?post=2770"},{"taxonomy":"author","embeddable":true,"href":"https:\/\/apublica.org\/impeachment-bolsonaro\/wp-json\/wp\/v2\/coauthors?post=2770"}],"curies":[{"name":"wp","href":"https:\/\/api.w.org\/{rel}","templated":true}]}}