{"id":2771,"date":"2020-05-05T20:40:00","date_gmt":"2020-05-05T23:40:00","guid":{"rendered":"https:\/\/apublica.org\/impeachment-bolsonaro.new\/pedido-038\/"},"modified":"2022-05-27T22:58:53","modified_gmt":"2022-05-28T01:58:53","slug":"pedido-038","status":"publish","type":"post","link":"https:\/\/apublica.org\/impeachment-bolsonaro\/pedido-038\/","title":{"rendered":"Pedido 0038"},"content":{"rendered":"\n<p>O pedido apresentado pela Associa\u00e7\u00e3o Brasileira de Imprensa (ABI) se baseia em tr\u00eas pontos, todos elencados como crimes de responsabilidade do presidente Jair Bolsonaro: participa\u00e7\u00e3o no ato em frente ao Quartel General do Ex\u00e9rcito; tentativa de interfer\u00eancia na Pol\u00edcia Federal; e conduta durante a pandemia de COVID-19.<\/p>\n\n\n\n<p>No dia 19 de abril, o Presidente da Rep\u00fablica, que tamb\u00e9m \u00e9 Comandante das For\u00e7as Armadas, teria incitado \u201ca desobedi\u00eancia \u00e0 lei e infra\u00e7\u00e3o \u00e0 disciplina\u201d ao p\u00fablico militar quando discursou em frente ao Quartel General do Ex\u00e9rcito. De acordo com o pedido da ABI, a a\u00e7\u00e3o pode ser considerada crime de responsabilidade de acordo com a Lei n\u00ba 1079\/50, art. 7\u00ba, incisos 7 e 8.<\/p>\n\n\n\n<p>A seguir, a Abi afirma que \u201ca requisi\u00e7\u00e3o de acesso aos relat\u00f3rios sigilosos da PF, al\u00e9m de se constituir em contrariedade a princ\u00edpio constitucional elencado em disposi\u00e7\u00e3o da Constitui\u00e7\u00e3o (art. 37, caput), notadamente da legalidade, impessoalidade e moralidade, tipifica modo de proceder incompat\u00edvel com a dignidade, a honra e o decoro do cargo de Presidente da Rep\u00fablica\u201d.&nbsp;<\/p>\n\n\n\n<p>Por fim, a entidade pontua que a conduta de Bolsonaro durante a pandemia de COVID-19 \u00e9 incompat\u00edvel com a dignidade de um Chefe de Estado j\u00e1 que \u201ccoloca em risco a sa\u00fade e vida dos brasileiros, notadamente daqueles em maior vulnerabilidade\u201d, al\u00e9m de causar \u201crebaixamento da credibilidade da Presid\u00eancia da Rep\u00fablica, e consequentemente do pa\u00eds, nas rela\u00e7\u00f5es internacionais.\u201d<\/p>\n\n\n\n<p>Entre as testemunhas a serem convocadas se o pedido for aceito est\u00e3o o ex-ministro S\u00e9rgio Moro, o Ex-Secret\u00e1rio de Vigil\u00e2ncia em Sa\u00fade no Minist\u00e9rio da Sa\u00fade Wanderson Oliveira e o General Carlos Alberto dos Santos Cruz.<\/p>\n","protected":false},"excerpt":{"rendered":"<p>O pedido apresentado pela Associa\u00e7\u00e3o Brasileira de Imprensa (ABI) se baseia em tr\u00eas pontos, todos elencados como crimes de responsabilidade do presidente Jair Bolsonaro: participa\u00e7\u00e3o no ato em frente ao Quartel General do Ex\u00e9rcito; tentativa de interfer\u00eancia na Pol\u00edcia Federal; e conduta durante a pandemia de COVID-19. No dia 19 de abril, o Presidente da<\/p>\n","protected":false},"author":29,"featured_media":203,"comment_status":"closed","ping_status":"closed","sticky":false,"template":"","format":"standard","meta":{"_acf_changed":false,"_jetpack_memberships_contains_paid_content":false,"footnotes":""},"categories":[1],"tags":[12,31,2,7],"coauthors":[],"class_list":["post-2771","post","type-post","status-publish","format-standard","has-post-thumbnail","hentry","category-sem-categoria","tag-coronavirus","tag-forcas-armadas","tag-manifestacoes-antidemocraticas","tag-policia-federal"],"acf":[],"yoast_head":"<!-- This site is optimized with the Yoast SEO plugin v27.5 - https:\/\/yoast.com\/product\/yoast-seo-wordpress\/ -->\n<title>Pedido 0038 - Os pedidos de impeachment de Bolsonaro<\/title>\n<meta name=\"robots\" content=\"index, follow, max-snippet:-1, max-image-preview:large, max-video-preview:-1\" \/>\n<link rel=\"canonical\" href=\"https:\/\/apublica.org\/impeachment-bolsonaro\/pedido-038\/\" \/>\n<meta property=\"og:locale\" content=\"pt_BR\" \/>\n<meta property=\"og:type\" content=\"article\" \/>\n<meta property=\"og:title\" content=\"Pedido 0038 - Os pedidos de impeachment de Bolsonaro\" \/>\n<meta property=\"og:description\" content=\"O pedido apresentado pela Associa\u00e7\u00e3o Brasileira de Imprensa (ABI) se baseia em tr\u00eas pontos, todos elencados como crimes de responsabilidade do presidente Jair Bolsonaro: participa\u00e7\u00e3o no ato em frente ao Quartel General do Ex\u00e9rcito; tentativa de interfer\u00eancia na Pol\u00edcia Federal; e conduta durante a pandemia de COVID-19. No dia 19 de abril, o Presidente da\" \/>\n<meta property=\"og:url\" content=\"https:\/\/apublica.org\/impeachment-bolsonaro\/pedido-038\/\" \/>\n<meta property=\"og:site_name\" content=\"Os pedidos de impeachment de Bolsonaro\" \/>\n<meta property=\"article:published_time\" content=\"2020-05-05T23:40:00+00:00\" \/>\n<meta property=\"article:modified_time\" content=\"2022-05-28T01:58:53+00:00\" \/>\n<meta property=\"og:image\" content=\"https:\/\/i0.wp.com\/apublica.org\/impeachment-bolsonaro\/wp-content\/uploads\/2020\/05\/imagem-pedido-paulo-jeronimo-foto-marcello-camargo-agencia-brasil-e1590958663317.png?fit=1530%2C680&ssl=1\" \/>\n\t<meta property=\"og:image:width\" content=\"1530\" \/>\n\t<meta property=\"og:image:height\" content=\"680\" \/>\n\t<meta property=\"og:image:type\" content=\"image\/png\" \/>\n<meta name=\"author\" content=\"Laura Scofield\" \/>\n<meta name=\"twitter:card\" content=\"summary_large_image\" \/>\n<meta name=\"twitter:label1\" content=\"Escrito por\" \/>\n\t<meta name=\"twitter:data1\" content=\"Laura Scofield\" \/>\n\t<meta name=\"twitter:label2\" content=\"Est. tempo de leitura\" \/>\n\t<meta name=\"twitter:data2\" content=\"1 minuto\" \/>\n\t<meta name=\"twitter:label3\" content=\"Written by\" \/>\n\t<meta name=\"twitter:data3\" content=\"Laura Scofield\" \/>\n<script type=\"application\/ld+json\" class=\"yoast-schema-graph\">{\"@context\":\"https:\\\/\\\/schema.org\",\"@graph\":[{\"@type\":\"Article\",\"@id\":\"https:\\\/\\\/apublica.org\\\/impeachment-bolsonaro\\\/pedido-038\\\/#article\",\"isPartOf\":{\"@id\":\"https:\\\/\\\/apublica.org\\\/impeachment-bolsonaro\\\/pedido-038\\\/\"},\"author\":{\"name\":\"Laura Scofield\",\"@id\":\"https:\\\/\\\/apublica.org\\\/impeachment-bolsonaro\\\/#\\\/schema\\\/person\\\/16aad31613529a99d0796d173eb2b2f7\"},\"headline\":\"Pedido 0038\",\"datePublished\":\"2020-05-05T23:40:00+00:00\",\"dateModified\":\"2022-05-28T01:58:53+00:00\",\"mainEntityOfPage\":{\"@id\":\"https:\\\/\\\/apublica.org\\\/impeachment-bolsonaro\\\/pedido-038\\\/\"},\"wordCount\":292,\"image\":{\"@id\":\"https:\\\/\\\/apublica.org\\\/impeachment-bolsonaro\\\/pedido-038\\\/#primaryimage\"},\"thumbnailUrl\":\"https:\\\/\\\/i0.wp.com\\\/apublica.org\\\/impeachment-bolsonaro\\\/wp-content\\\/uploads\\\/2020\\\/05\\\/imagem-pedido-paulo-jeronimo-foto-marcello-camargo-agencia-brasil-e1590958663317.png?fit=1530%2C680&ssl=1\",\"keywords\":[\"coronav\u00edrus\",\"For\u00e7as Armadas\",\"manifesta\u00e7\u00f5es antidemocr\u00e1ticas\",\"Pol\u00edcia Federal\"],\"inLanguage\":\"pt-BR\"},{\"@type\":\"WebPage\",\"@id\":\"https:\\\/\\\/apublica.org\\\/impeachment-bolsonaro\\\/pedido-038\\\/\",\"url\":\"https:\\\/\\\/apublica.org\\\/impeachment-bolsonaro\\\/pedido-038\\\/\",\"name\":\"Pedido 0038 - Os pedidos de impeachment de Bolsonaro\",\"isPartOf\":{\"@id\":\"https:\\\/\\\/apublica.org\\\/impeachment-bolsonaro\\\/#website\"},\"primaryImageOfPage\":{\"@id\":\"https:\\\/\\\/apublica.org\\\/impeachment-bolsonaro\\\/pedido-038\\\/#primaryimage\"},\"image\":{\"@id\":\"https:\\\/\\\/apublica.org\\\/impeachment-bolsonaro\\\/pedido-038\\\/#primaryimage\"},\"thumbnailUrl\":\"https:\\\/\\\/i0.wp.com\\\/apublica.org\\\/impeachment-bolsonaro\\\/wp-content\\\/uploads\\\/2020\\\/05\\\/imagem-pedido-paulo-jeronimo-foto-marcello-camargo-agencia-brasil-e1590958663317.png?fit=1530%2C680&ssl=1\",\"datePublished\":\"2020-05-05T23:40:00+00:00\",\"dateModified\":\"2022-05-28T01:58:53+00:00\",\"author\":{\"@id\":\"https:\\\/\\\/apublica.org\\\/impeachment-bolsonaro\\\/#\\\/schema\\\/person\\\/16aad31613529a99d0796d173eb2b2f7\"},\"breadcrumb\":{\"@id\":\"https:\\\/\\\/apublica.org\\\/impeachment-bolsonaro\\\/pedido-038\\\/#breadcrumb\"},\"inLanguage\":\"pt-BR\",\"potentialAction\":[{\"@type\":\"ReadAction\",\"target\":[\"https:\\\/\\\/apublica.org\\\/impeachment-bolsonaro\\\/pedido-038\\\/\"]}]},{\"@type\":\"ImageObject\",\"inLanguage\":\"pt-BR\",\"@id\":\"https:\\\/\\\/apublica.org\\\/impeachment-bolsonaro\\\/pedido-038\\\/#primaryimage\",\"url\":\"https:\\\/\\\/i0.wp.com\\\/apublica.org\\\/impeachment-bolsonaro\\\/wp-content\\\/uploads\\\/2020\\\/05\\\/imagem-pedido-paulo-jeronimo-foto-marcello-camargo-agencia-brasil-e1590958663317.png?fit=1530%2C680&ssl=1\",\"contentUrl\":\"https:\\\/\\\/i0.wp.com\\\/apublica.org\\\/impeachment-bolsonaro\\\/wp-content\\\/uploads\\\/2020\\\/05\\\/imagem-pedido-paulo-jeronimo-foto-marcello-camargo-agencia-brasil-e1590958663317.png?fit=1530%2C680&ssl=1\",\"width\":1530,\"height\":680,\"caption\":\"Foto: Marcello Camargo Agencia Brasil\"},{\"@type\":\"BreadcrumbList\",\"@id\":\"https:\\\/\\\/apublica.org\\\/impeachment-bolsonaro\\\/pedido-038\\\/#breadcrumb\",\"itemListElement\":[{\"@type\":\"ListItem\",\"position\":1,\"name\":\"In\u00edcio\",\"item\":\"https:\\\/\\\/apublica.org\\\/impeachment-bolsonaro\\\/\"},{\"@type\":\"ListItem\",\"position\":2,\"name\":\"Pedido 0038\"}]},{\"@type\":\"WebSite\",\"@id\":\"https:\\\/\\\/apublica.org\\\/impeachment-bolsonaro\\\/#website\",\"url\":\"https:\\\/\\\/apublica.org\\\/impeachment-bolsonaro\\\/\",\"name\":\"Os pedidos de impeachment de Bolsonaro\",\"description\":\"\",\"potentialAction\":[{\"@type\":\"SearchAction\",\"target\":{\"@type\":\"EntryPoint\",\"urlTemplate\":\"https:\\\/\\\/apublica.org\\\/impeachment-bolsonaro\\\/?s={search_term_string}\"},\"query-input\":{\"@type\":\"PropertyValueSpecification\",\"valueRequired\":true,\"valueName\":\"search_term_string\"}}],\"inLanguage\":\"pt-BR\"},{\"@type\":\"Person\",\"@id\":\"https:\\\/\\\/apublica.org\\\/impeachment-bolsonaro\\\/#\\\/schema\\\/person\\\/16aad31613529a99d0796d173eb2b2f7\",\"name\":\"Laura Scofield\",\"image\":{\"@type\":\"ImageObject\",\"inLanguage\":\"pt-BR\",\"@id\":\"https:\\\/\\\/secure.gravatar.com\\\/avatar\\\/d1b96b430079847bc46acd129c4c10a79b053ccd4da6177e0ac83288aba8f24a?s=96&d=mm&r=g9a4c765220b5e2dfef2f7002b37fa836\",\"url\":\"https:\\\/\\\/secure.gravatar.com\\\/avatar\\\/d1b96b430079847bc46acd129c4c10a79b053ccd4da6177e0ac83288aba8f24a?s=96&d=mm&r=g\",\"contentUrl\":\"https:\\\/\\\/secure.gravatar.com\\\/avatar\\\/d1b96b430079847bc46acd129c4c10a79b053ccd4da6177e0ac83288aba8f24a?s=96&d=mm&r=g\",\"caption\":\"Laura Scofield\"},\"description\":\"Jornalista formada pela Escola de Comunica\u00e7\u00f5es e Artes da Universidade de S\u00e3o Paulo (ECA-USP) com pesquisa sobre migra\u00e7\u00e3o indocumentada de brasileiros para os Estados Unidos. Colabora com a OBOR\u00c9 Projetos Especiais e \u00e9 ex-diretora de cultura da Jornalismo J\u00fanior. Come\u00e7ou na Ag\u00eancia P\u00fablica em mar\u00e7o de 2020 como estagi\u00e1ria de reda\u00e7\u00e3o do n\u00facleo de pol\u00edtica e redes sociais e desde janeiro de 2022 \u00e9 rep\u00f3rter do n\u00facleo de clima. Trabalhos premiados pelo Pr\u00eamio Intercom Sudeste 2021 e 12\u00ba Pr\u00eamio Jovem Jornalista Fernando Pacheco Jord\u00e3o 2020.\",\"url\":\"https:\\\/\\\/apublica.org\\\/impeachment-bolsonaro\\\/author\\\/laurascofield\\\/\"}]}<\/script>\n<!-- \/ Yoast SEO plugin. -->","yoast_head_json":{"title":"Pedido 0038 - Os pedidos de impeachment de Bolsonaro","robots":{"index":"index","follow":"follow","max-snippet":"max-snippet:-1","max-image-preview":"max-image-preview:large","max-video-preview":"max-video-preview:-1"},"canonical":"https:\/\/apublica.org\/impeachment-bolsonaro\/pedido-038\/","og_locale":"pt_BR","og_type":"article","og_title":"Pedido 0038 - Os pedidos de impeachment de Bolsonaro","og_description":"O pedido apresentado pela Associa\u00e7\u00e3o Brasileira de Imprensa (ABI) se baseia em tr\u00eas pontos, todos elencados como crimes de responsabilidade do presidente Jair Bolsonaro: participa\u00e7\u00e3o no ato em frente ao Quartel General do Ex\u00e9rcito; tentativa de interfer\u00eancia na Pol\u00edcia Federal; e conduta durante a pandemia de COVID-19. No dia 19 de abril, o Presidente da","og_url":"https:\/\/apublica.org\/impeachment-bolsonaro\/pedido-038\/","og_site_name":"Os pedidos de impeachment de Bolsonaro","article_published_time":"2020-05-05T23:40:00+00:00","article_modified_time":"2022-05-28T01:58:53+00:00","og_image":[{"width":1530,"height":680,"url":"https:\/\/i0.wp.com\/apublica.org\/impeachment-bolsonaro\/wp-content\/uploads\/2020\/05\/imagem-pedido-paulo-jeronimo-foto-marcello-camargo-agencia-brasil-e1590958663317.png?fit=1530%2C680&ssl=1","type":"image\/png"}],"author":"Laura Scofield","twitter_card":"summary_large_image","twitter_misc":{"Escrito por":"Laura Scofield","Est. tempo de leitura":"1 minuto","Written by":"Laura Scofield"},"schema":{"@context":"https:\/\/schema.org","@graph":[{"@type":"Article","@id":"https:\/\/apublica.org\/impeachment-bolsonaro\/pedido-038\/#article","isPartOf":{"@id":"https:\/\/apublica.org\/impeachment-bolsonaro\/pedido-038\/"},"author":{"name":"Laura Scofield","@id":"https:\/\/apublica.org\/impeachment-bolsonaro\/#\/schema\/person\/16aad31613529a99d0796d173eb2b2f7"},"headline":"Pedido 0038","datePublished":"2020-05-05T23:40:00+00:00","dateModified":"2022-05-28T01:58:53+00:00","mainEntityOfPage":{"@id":"https:\/\/apublica.org\/impeachment-bolsonaro\/pedido-038\/"},"wordCount":292,"image":{"@id":"https:\/\/apublica.org\/impeachment-bolsonaro\/pedido-038\/#primaryimage"},"thumbnailUrl":"https:\/\/i0.wp.com\/apublica.org\/impeachment-bolsonaro\/wp-content\/uploads\/2020\/05\/imagem-pedido-paulo-jeronimo-foto-marcello-camargo-agencia-brasil-e1590958663317.png?fit=1530%2C680&ssl=1","keywords":["coronav\u00edrus","For\u00e7as Armadas","manifesta\u00e7\u00f5es antidemocr\u00e1ticas","Pol\u00edcia Federal"],"inLanguage":"pt-BR"},{"@type":"WebPage","@id":"https:\/\/apublica.org\/impeachment-bolsonaro\/pedido-038\/","url":"https:\/\/apublica.org\/impeachment-bolsonaro\/pedido-038\/","name":"Pedido 0038 - Os pedidos de impeachment de Bolsonaro","isPartOf":{"@id":"https:\/\/apublica.org\/impeachment-bolsonaro\/#website"},"primaryImageOfPage":{"@id":"https:\/\/apublica.org\/impeachment-bolsonaro\/pedido-038\/#primaryimage"},"image":{"@id":"https:\/\/apublica.org\/impeachment-bolsonaro\/pedido-038\/#primaryimage"},"thumbnailUrl":"https:\/\/i0.wp.com\/apublica.org\/impeachment-bolsonaro\/wp-content\/uploads\/2020\/05\/imagem-pedido-paulo-jeronimo-foto-marcello-camargo-agencia-brasil-e1590958663317.png?fit=1530%2C680&ssl=1","datePublished":"2020-05-05T23:40:00+00:00","dateModified":"2022-05-28T01:58:53+00:00","author":{"@id":"https:\/\/apublica.org\/impeachment-bolsonaro\/#\/schema\/person\/16aad31613529a99d0796d173eb2b2f7"},"breadcrumb":{"@id":"https:\/\/apublica.org\/impeachment-bolsonaro\/pedido-038\/#breadcrumb"},"inLanguage":"pt-BR","potentialAction":[{"@type":"ReadAction","target":["https:\/\/apublica.org\/impeachment-bolsonaro\/pedido-038\/"]}]},{"@type":"ImageObject","inLanguage":"pt-BR","@id":"https:\/\/apublica.org\/impeachment-bolsonaro\/pedido-038\/#primaryimage","url":"https:\/\/i0.wp.com\/apublica.org\/impeachment-bolsonaro\/wp-content\/uploads\/2020\/05\/imagem-pedido-paulo-jeronimo-foto-marcello-camargo-agencia-brasil-e1590958663317.png?fit=1530%2C680&ssl=1","contentUrl":"https:\/\/i0.wp.com\/apublica.org\/impeachment-bolsonaro\/wp-content\/uploads\/2020\/05\/imagem-pedido-paulo-jeronimo-foto-marcello-camargo-agencia-brasil-e1590958663317.png?fit=1530%2C680&ssl=1","width":1530,"height":680,"caption":"Foto: Marcello Camargo Agencia Brasil"},{"@type":"BreadcrumbList","@id":"https:\/\/apublica.org\/impeachment-bolsonaro\/pedido-038\/#breadcrumb","itemListElement":[{"@type":"ListItem","position":1,"name":"In\u00edcio","item":"https:\/\/apublica.org\/impeachment-bolsonaro\/"},{"@type":"ListItem","position":2,"name":"Pedido 0038"}]},{"@type":"WebSite","@id":"https:\/\/apublica.org\/impeachment-bolsonaro\/#website","url":"https:\/\/apublica.org\/impeachment-bolsonaro\/","name":"Os pedidos de impeachment de Bolsonaro","description":"","potentialAction":[{"@type":"SearchAction","target":{"@type":"EntryPoint","urlTemplate":"https:\/\/apublica.org\/impeachment-bolsonaro\/?s={search_term_string}"},"query-input":{"@type":"PropertyValueSpecification","valueRequired":true,"valueName":"search_term_string"}}],"inLanguage":"pt-BR"},{"@type":"Person","@id":"https:\/\/apublica.org\/impeachment-bolsonaro\/#\/schema\/person\/16aad31613529a99d0796d173eb2b2f7","name":"Laura Scofield","image":{"@type":"ImageObject","inLanguage":"pt-BR","@id":"https:\/\/secure.gravatar.com\/avatar\/d1b96b430079847bc46acd129c4c10a79b053ccd4da6177e0ac83288aba8f24a?s=96&d=mm&r=g9a4c765220b5e2dfef2f7002b37fa836","url":"https:\/\/secure.gravatar.com\/avatar\/d1b96b430079847bc46acd129c4c10a79b053ccd4da6177e0ac83288aba8f24a?s=96&d=mm&r=g","contentUrl":"https:\/\/secure.gravatar.com\/avatar\/d1b96b430079847bc46acd129c4c10a79b053ccd4da6177e0ac83288aba8f24a?s=96&d=mm&r=g","caption":"Laura Scofield"},"description":"Jornalista formada pela Escola de Comunica\u00e7\u00f5es e Artes da Universidade de S\u00e3o Paulo (ECA-USP) com pesquisa sobre migra\u00e7\u00e3o indocumentada de brasileiros para os Estados Unidos. Colabora com a OBOR\u00c9 Projetos Especiais e \u00e9 ex-diretora de cultura da Jornalismo J\u00fanior. Come\u00e7ou na Ag\u00eancia P\u00fablica em mar\u00e7o de 2020 como estagi\u00e1ria de reda\u00e7\u00e3o do n\u00facleo de pol\u00edtica e redes sociais e desde janeiro de 2022 \u00e9 rep\u00f3rter do n\u00facleo de clima. Trabalhos premiados pelo Pr\u00eamio Intercom Sudeste 2021 e 12\u00ba Pr\u00eamio Jovem Jornalista Fernando Pacheco Jord\u00e3o 2020.","url":"https:\/\/apublica.org\/impeachment-bolsonaro\/author\/laurascofield\/"}]}},"jetpack_featured_media_url":"https:\/\/i0.wp.com\/apublica.org\/impeachment-bolsonaro\/wp-content\/uploads\/2020\/05\/imagem-pedido-paulo-jeronimo-foto-marcello-camargo-agencia-brasil-e1590958663317.png?fit=1530%2C680&ssl=1","jetpack_sharing_enabled":true,"_links":{"self":[{"href":"https:\/\/apublica.org\/impeachment-bolsonaro\/wp-json\/wp\/v2\/posts\/2771","targetHints":{"allow":["GET"]}}],"collection":[{"href":"https:\/\/apublica.org\/impeachment-bolsonaro\/wp-json\/wp\/v2\/posts"}],"about":[{"href":"https:\/\/apublica.org\/impeachment-bolsonaro\/wp-json\/wp\/v2\/types\/post"}],"author":[{"embeddable":true,"href":"https:\/\/apublica.org\/impeachment-bolsonaro\/wp-json\/wp\/v2\/users\/29"}],"replies":[{"embeddable":true,"href":"https:\/\/apublica.org\/impeachment-bolsonaro\/wp-json\/wp\/v2\/comments?post=2771"}],"version-history":[{"count":1,"href":"https:\/\/apublica.org\/impeachment-bolsonaro\/wp-json\/wp\/v2\/posts\/2771\/revisions"}],"predecessor-version":[{"id":3389,"href":"https:\/\/apublica.org\/impeachment-bolsonaro\/wp-json\/wp\/v2\/posts\/2771\/revisions\/3389"}],"wp:featuredmedia":[{"embeddable":true,"href":"https:\/\/apublica.org\/impeachment-bolsonaro\/wp-json\/wp\/v2\/media\/203"}],"wp:attachment":[{"href":"https:\/\/apublica.org\/impeachment-bolsonaro\/wp-json\/wp\/v2\/media?parent=2771"}],"wp:term":[{"taxonomy":"category","embeddable":true,"href":"https:\/\/apublica.org\/impeachment-bolsonaro\/wp-json\/wp\/v2\/categories?post=2771"},{"taxonomy":"post_tag","embeddable":true,"href":"https:\/\/apublica.org\/impeachment-bolsonaro\/wp-json\/wp\/v2\/tags?post=2771"},{"taxonomy":"author","embeddable":true,"href":"https:\/\/apublica.org\/impeachment-bolsonaro\/wp-json\/wp\/v2\/coauthors?post=2771"}],"curies":[{"name":"wp","href":"https:\/\/api.w.org\/{rel}","templated":true}]}}