{"id":2772,"date":"2020-03-25T03:00:00","date_gmt":"2020-03-25T06:00:00","guid":{"rendered":"https:\/\/apublica.org\/impeachment-bolsonaro.new\/pedido-019\/"},"modified":"2022-05-27T22:58:56","modified_gmt":"2022-05-28T01:58:56","slug":"pedido-019","status":"publish","type":"post","link":"https:\/\/apublica.org\/impeachment-bolsonaro\/pedido-019\/","title":{"rendered":"Pedido 0019"},"content":{"rendered":"\n<p>O pedido de impedimento apresentado pelos deputados Fernanda Melchionna, S\u00e2mia Bomfim e David Miranda, os tr\u00eas do Partido Socialismo e Liberdade (PSOL), al\u00e9m de cerca de 200 outras personalidades, pontua que o presidente teria violado o artigo 85 da Constitui\u00e7\u00e3o e dispositivos da Lei de Responsabilidade, \u201ccometendo v\u00e1rios crimes de responsabilidade e amea\u00e7ando de maneira direta a harmonia entre os Poderes e a democracia no Brasil\u201d.<\/p>\n\n\n\n<p>Para os autores, a ascens\u00e3o de Bolsonaro ao cargo \u201cn\u00e3o foi capaz de imprimir ao Sr. Jair Messias Bolsonaro o esp\u00edrito democr\u00e1tico, de acordo com o decoro, a honra e a dignidade do cargo e o senso de respeito \u00e0 legalidade\u201d descritos no&nbsp; artigo 9\u00ba da Lei n\u00ba 1.079\/50.<\/p>\n\n\n\n<p>A pe\u00e7a lista as a\u00e7\u00f5es de Bolsonaro que poderiam ser enquadradas como crimes de responsabilidade de acordo com a Lei n\u00ba 1.079\/50.&nbsp;<\/p>\n\n\n\n<p>S\u00e3o elas: convoca\u00e7\u00e3o p\u00fablica e reiterada de manifesta\u00e7\u00f5es pelo fechamento do Congresso ou qualquer interven\u00e7\u00e3o no funcionamento da institui\u00e7\u00e3o (art. 6\u00ba, inciso 1); convoca\u00e7\u00e3o de manifesta\u00e7\u00f5es contr\u00e1rias ao STF e seus membros (art. 6\u00ba, inciso 5); incentivo \u00e0 participa\u00e7\u00e3o em manifesta\u00e7\u00f5es antidemocr\u00e1ticas em ambiente militar para p\u00fablico militar (art. 7\u00ba, inciso 8); falta de repreens\u00e3o ao General Augusto, seu subordinado imediato, quando ele define como \u2018chantagem\u2019 as prerrogativas constitucionais do Poder Legislativo (art. 7\u00ba, inciso 5 e art. 9\u00ba, inciso 3); elogios \u00e0 ditadura, viola\u00e7\u00e3o dos direitos humanos e quebra da ordem constitucional ou permiss\u00e3o que os subordinados o fa\u00e7am sem repreens\u00e3o (art. 7\u00ba, inciso 5 e art. 9\u00ba, incisos 3 e 4).&nbsp;<\/p>\n\n\n\n<p>Ademais, pontua que quando o presidente se utilizou do perfil da Secretaria de Comunica\u00e7\u00e3o (Secom) para convidar e divulgar os atos do dia 15 de mar\u00e7o, utilizou estrutura p\u00fablica e teria cometido ato de improbidade administrativa, nos termos dos arts. 4\u00ba e 11 da Lei n\u00ba 8.429\/92. O crime de responsabilidade contra a probidade na Administra\u00e7\u00e3o se enquadraria na lei de Responsabilidade (1079\/50), inciso 7 do art. 9\u00ba.<\/p>\n\n\n\n<p>Por fim, sobre a pandemia de COVID-19, a pe\u00e7a atribui a Bolsonaro \u201ccomete crimes comuns de infra\u00e7\u00e3o de medida sanit\u00e1ria, previstos no art. 268 do C\u00f3digo Penal e, provavelmente, de epidemia, previsto no art. 267 do mesmo dispositivo, age de maneira incompat\u00edvel com a dignidade, honra e decoro do cargo\u201d.<\/p>\n\n\n\n<p>Depois das declara\u00e7\u00f5es do ex-ministro S\u00e9rgio Moro, um aditamento foi enviado \u00e0 C\u00e2mara denunciando o Presidente por \u201cfazer uso da Pol\u00edcia Federal para fins pessoais e familiares\u201d.&nbsp;<\/p>\n","protected":false},"excerpt":{"rendered":"<p>O pedido de impedimento apresentado pelos deputados Fernanda Melchionna, S\u00e2mia Bomfim e David Miranda, os tr\u00eas do Partido Socialismo e Liberdade (PSOL), al\u00e9m de cerca de 200 outras personalidades, pontua que o presidente teria violado o artigo 85 da Constitui\u00e7\u00e3o e dispositivos da Lei de Responsabilidade, \u201ccometendo v\u00e1rios crimes de responsabilidade e amea\u00e7ando de maneira<\/p>\n","protected":false},"author":29,"featured_media":198,"comment_status":"closed","ping_status":"closed","sticky":false,"template":"","format":"standard","meta":{"_acf_changed":false,"_jetpack_memberships_contains_paid_content":false,"footnotes":""},"categories":[1],"tags":[33,32,10,2,5],"coauthors":[],"class_list":["post-2772","post","type-post","status-publish","format-standard","has-post-thumbnail","hentry","category-sem-categoria","tag-autonomia-dos-estados","tag-governadores","tag-imprensa","tag-manifestacoes-antidemocraticas","tag-quebra-de-decoro"],"acf":[],"yoast_head":"<!-- This site is optimized with the Yoast SEO plugin v27.4 - https:\/\/yoast.com\/product\/yoast-seo-wordpress\/ -->\n<title>Pedido 0019 - Os pedidos de impeachment de Bolsonaro<\/title>\n<meta name=\"robots\" content=\"index, follow, max-snippet:-1, max-image-preview:large, max-video-preview:-1\" \/>\n<link rel=\"canonical\" href=\"https:\/\/apublica.org\/impeachment-bolsonaro\/pedido-019\/\" \/>\n<meta property=\"og:locale\" content=\"pt_BR\" \/>\n<meta property=\"og:type\" content=\"article\" \/>\n<meta property=\"og:title\" content=\"Jair Bolsonaro &quot;\u00e9 a instabilidade pol\u00edtica&quot;, diz deputada federal do PSOL\" \/>\n<meta property=\"og:description\" content=\"O pedido de impedimento apresentado pelos deputados Fernanda Melchionna, S\u00e2mia Bomfim e David Miranda, os tr\u00eas do Partido Socialismo e Liberdade (PSOL), al\u00e9m de cerca de 200 outras personalidades, pontua que o presidente teria violado o artigo 85 da Constitui\u00e7\u00e3o e dispositivos da Lei de Responsabilidade, \u201ccometendo v\u00e1rios crimes de responsabilidade e amea\u00e7ando de maneira\" \/>\n<meta property=\"og:url\" content=\"https:\/\/apublica.org\/impeachment-bolsonaro\/pedido-019\/\" \/>\n<meta property=\"og:site_name\" content=\"Os pedidos de impeachment de Bolsonaro\" \/>\n<meta property=\"article:published_time\" content=\"2020-03-25T06:00:00+00:00\" \/>\n<meta property=\"article:modified_time\" content=\"2022-05-28T01:58:56+00:00\" \/>\n<meta property=\"og:image\" content=\"https:\/\/apublica.org\/impeachment-bolsonaro.new\/wp-content\/uploads\/2020\/03\/thumb-facebook-20.png\" \/>\n<meta name=\"author\" content=\"Laura Scofield\" \/>\n<meta name=\"twitter:card\" content=\"summary_large_image\" \/>\n<meta name=\"twitter:title\" content=\"Jair Bolsonaro &quot;\u00e9 a instabilidade pol\u00edtica&quot;, diz deputada federal do PSOL\" \/>\n<meta name=\"twitter:image\" content=\"https:\/\/apublica.org\/impeachment-bolsonaro.new\/wp-content\/uploads\/2020\/03\/thumb-twitter-20.png\" \/>\n<meta name=\"twitter:label1\" content=\"Escrito por\" \/>\n\t<meta name=\"twitter:data1\" content=\"Laura Scofield\" \/>\n\t<meta name=\"twitter:label2\" content=\"Est. tempo de leitura\" \/>\n\t<meta name=\"twitter:data2\" content=\"2 minutos\" \/>\n\t<meta name=\"twitter:label3\" content=\"Written by\" \/>\n\t<meta name=\"twitter:data3\" content=\"Laura Scofield\" \/>\n<script type=\"application\/ld+json\" class=\"yoast-schema-graph\">{\"@context\":\"https:\\\/\\\/schema.org\",\"@graph\":[{\"@type\":\"Article\",\"@id\":\"https:\\\/\\\/apublica.org\\\/impeachment-bolsonaro\\\/pedido-019\\\/#article\",\"isPartOf\":{\"@id\":\"https:\\\/\\\/apublica.org\\\/impeachment-bolsonaro\\\/pedido-019\\\/\"},\"author\":{\"name\":\"Laura Scofield\",\"@id\":\"https:\\\/\\\/apublica.org\\\/impeachment-bolsonaro\\\/#\\\/schema\\\/person\\\/16aad31613529a99d0796d173eb2b2f7\"},\"headline\":\"Pedido 0019\",\"datePublished\":\"2020-03-25T06:00:00+00:00\",\"dateModified\":\"2022-05-28T01:58:56+00:00\",\"mainEntityOfPage\":{\"@id\":\"https:\\\/\\\/apublica.org\\\/impeachment-bolsonaro\\\/pedido-019\\\/\"},\"wordCount\":410,\"image\":{\"@id\":\"https:\\\/\\\/apublica.org\\\/impeachment-bolsonaro\\\/pedido-019\\\/#primaryimage\"},\"thumbnailUrl\":\"https:\\\/\\\/i0.wp.com\\\/apublica.org\\\/impeachment-bolsonaro\\\/wp-content\\\/uploads\\\/2020\\\/05\\\/imagem-pedido-fernanda-melchionna-foto-agencia-brasil.png?fit=1530%2C856&ssl=1\",\"keywords\":[\"autonomia dos estados\",\"governadores\",\"imprensa\",\"manifesta\u00e7\u00f5es antidemocr\u00e1ticas\",\"quebra de decoro\"],\"inLanguage\":\"pt-BR\"},{\"@type\":\"WebPage\",\"@id\":\"https:\\\/\\\/apublica.org\\\/impeachment-bolsonaro\\\/pedido-019\\\/\",\"url\":\"https:\\\/\\\/apublica.org\\\/impeachment-bolsonaro\\\/pedido-019\\\/\",\"name\":\"Pedido 0019 - Os pedidos de impeachment de Bolsonaro\",\"isPartOf\":{\"@id\":\"https:\\\/\\\/apublica.org\\\/impeachment-bolsonaro\\\/#website\"},\"primaryImageOfPage\":{\"@id\":\"https:\\\/\\\/apublica.org\\\/impeachment-bolsonaro\\\/pedido-019\\\/#primaryimage\"},\"image\":{\"@id\":\"https:\\\/\\\/apublica.org\\\/impeachment-bolsonaro\\\/pedido-019\\\/#primaryimage\"},\"thumbnailUrl\":\"https:\\\/\\\/i0.wp.com\\\/apublica.org\\\/impeachment-bolsonaro\\\/wp-content\\\/uploads\\\/2020\\\/05\\\/imagem-pedido-fernanda-melchionna-foto-agencia-brasil.png?fit=1530%2C856&ssl=1\",\"datePublished\":\"2020-03-25T06:00:00+00:00\",\"dateModified\":\"2022-05-28T01:58:56+00:00\",\"author\":{\"@id\":\"https:\\\/\\\/apublica.org\\\/impeachment-bolsonaro\\\/#\\\/schema\\\/person\\\/16aad31613529a99d0796d173eb2b2f7\"},\"breadcrumb\":{\"@id\":\"https:\\\/\\\/apublica.org\\\/impeachment-bolsonaro\\\/pedido-019\\\/#breadcrumb\"},\"inLanguage\":\"pt-BR\",\"potentialAction\":[{\"@type\":\"ReadAction\",\"target\":[\"https:\\\/\\\/apublica.org\\\/impeachment-bolsonaro\\\/pedido-019\\\/\"]}]},{\"@type\":\"ImageObject\",\"inLanguage\":\"pt-BR\",\"@id\":\"https:\\\/\\\/apublica.org\\\/impeachment-bolsonaro\\\/pedido-019\\\/#primaryimage\",\"url\":\"https:\\\/\\\/i0.wp.com\\\/apublica.org\\\/impeachment-bolsonaro\\\/wp-content\\\/uploads\\\/2020\\\/05\\\/imagem-pedido-fernanda-melchionna-foto-agencia-brasil.png?fit=1530%2C856&ssl=1\",\"contentUrl\":\"https:\\\/\\\/i0.wp.com\\\/apublica.org\\\/impeachment-bolsonaro\\\/wp-content\\\/uploads\\\/2020\\\/05\\\/imagem-pedido-fernanda-melchionna-foto-agencia-brasil.png?fit=1530%2C856&ssl=1\",\"width\":1530,\"height\":856},{\"@type\":\"BreadcrumbList\",\"@id\":\"https:\\\/\\\/apublica.org\\\/impeachment-bolsonaro\\\/pedido-019\\\/#breadcrumb\",\"itemListElement\":[{\"@type\":\"ListItem\",\"position\":1,\"name\":\"In\u00edcio\",\"item\":\"https:\\\/\\\/apublica.org\\\/impeachment-bolsonaro\\\/\"},{\"@type\":\"ListItem\",\"position\":2,\"name\":\"Pedido 0019\"}]},{\"@type\":\"WebSite\",\"@id\":\"https:\\\/\\\/apublica.org\\\/impeachment-bolsonaro\\\/#website\",\"url\":\"https:\\\/\\\/apublica.org\\\/impeachment-bolsonaro\\\/\",\"name\":\"Os pedidos de impeachment de Bolsonaro\",\"description\":\"\",\"potentialAction\":[{\"@type\":\"SearchAction\",\"target\":{\"@type\":\"EntryPoint\",\"urlTemplate\":\"https:\\\/\\\/apublica.org\\\/impeachment-bolsonaro\\\/?s={search_term_string}\"},\"query-input\":{\"@type\":\"PropertyValueSpecification\",\"valueRequired\":true,\"valueName\":\"search_term_string\"}}],\"inLanguage\":\"pt-BR\"},{\"@type\":\"Person\",\"@id\":\"https:\\\/\\\/apublica.org\\\/impeachment-bolsonaro\\\/#\\\/schema\\\/person\\\/16aad31613529a99d0796d173eb2b2f7\",\"name\":\"Laura Scofield\",\"image\":{\"@type\":\"ImageObject\",\"inLanguage\":\"pt-BR\",\"@id\":\"https:\\\/\\\/secure.gravatar.com\\\/avatar\\\/d1b96b430079847bc46acd129c4c10a79b053ccd4da6177e0ac83288aba8f24a?s=96&d=mm&r=g9a4c765220b5e2dfef2f7002b37fa836\",\"url\":\"https:\\\/\\\/secure.gravatar.com\\\/avatar\\\/d1b96b430079847bc46acd129c4c10a79b053ccd4da6177e0ac83288aba8f24a?s=96&d=mm&r=g\",\"contentUrl\":\"https:\\\/\\\/secure.gravatar.com\\\/avatar\\\/d1b96b430079847bc46acd129c4c10a79b053ccd4da6177e0ac83288aba8f24a?s=96&d=mm&r=g\",\"caption\":\"Laura Scofield\"},\"description\":\"Jornalista formada pela Escola de Comunica\u00e7\u00f5es e Artes da Universidade de S\u00e3o Paulo (ECA-USP) com pesquisa sobre migra\u00e7\u00e3o indocumentada de brasileiros para os Estados Unidos. Colabora com a OBOR\u00c9 Projetos Especiais e \u00e9 ex-diretora de cultura da Jornalismo J\u00fanior. Come\u00e7ou na Ag\u00eancia P\u00fablica em mar\u00e7o de 2020 como estagi\u00e1ria de reda\u00e7\u00e3o do n\u00facleo de pol\u00edtica e redes sociais e desde janeiro de 2022 \u00e9 rep\u00f3rter do n\u00facleo de clima. Trabalhos premiados pelo Pr\u00eamio Intercom Sudeste 2021 e 12\u00ba Pr\u00eamio Jovem Jornalista Fernando Pacheco Jord\u00e3o 2020.\",\"url\":\"https:\\\/\\\/apublica.org\\\/impeachment-bolsonaro\\\/author\\\/laurascofield\\\/\"}]}<\/script>\n<!-- \/ Yoast SEO plugin. -->","yoast_head_json":{"title":"Pedido 0019 - Os pedidos de impeachment de Bolsonaro","robots":{"index":"index","follow":"follow","max-snippet":"max-snippet:-1","max-image-preview":"max-image-preview:large","max-video-preview":"max-video-preview:-1"},"canonical":"https:\/\/apublica.org\/impeachment-bolsonaro\/pedido-019\/","og_locale":"pt_BR","og_type":"article","og_title":"Jair Bolsonaro \"\u00e9 a instabilidade pol\u00edtica\", diz deputada federal do PSOL","og_description":"O pedido de impedimento apresentado pelos deputados Fernanda Melchionna, S\u00e2mia Bomfim e David Miranda, os tr\u00eas do Partido Socialismo e Liberdade (PSOL), al\u00e9m de cerca de 200 outras personalidades, pontua que o presidente teria violado o artigo 85 da Constitui\u00e7\u00e3o e dispositivos da Lei de Responsabilidade, \u201ccometendo v\u00e1rios crimes de responsabilidade e amea\u00e7ando de maneira","og_url":"https:\/\/apublica.org\/impeachment-bolsonaro\/pedido-019\/","og_site_name":"Os pedidos de impeachment de Bolsonaro","article_published_time":"2020-03-25T06:00:00+00:00","article_modified_time":"2022-05-28T01:58:56+00:00","og_image":[{"url":"https:\/\/apublica.org\/impeachment-bolsonaro.new\/wp-content\/uploads\/2020\/03\/thumb-facebook-20.png","type":"","width":"","height":""}],"author":"Laura Scofield","twitter_card":"summary_large_image","twitter_title":"Jair Bolsonaro \"\u00e9 a instabilidade pol\u00edtica\", diz deputada federal do PSOL","twitter_image":"https:\/\/apublica.org\/impeachment-bolsonaro.new\/wp-content\/uploads\/2020\/03\/thumb-twitter-20.png","twitter_misc":{"Escrito por":"Laura Scofield","Est. tempo de leitura":"2 minutos","Written by":"Laura Scofield"},"schema":{"@context":"https:\/\/schema.org","@graph":[{"@type":"Article","@id":"https:\/\/apublica.org\/impeachment-bolsonaro\/pedido-019\/#article","isPartOf":{"@id":"https:\/\/apublica.org\/impeachment-bolsonaro\/pedido-019\/"},"author":{"name":"Laura Scofield","@id":"https:\/\/apublica.org\/impeachment-bolsonaro\/#\/schema\/person\/16aad31613529a99d0796d173eb2b2f7"},"headline":"Pedido 0019","datePublished":"2020-03-25T06:00:00+00:00","dateModified":"2022-05-28T01:58:56+00:00","mainEntityOfPage":{"@id":"https:\/\/apublica.org\/impeachment-bolsonaro\/pedido-019\/"},"wordCount":410,"image":{"@id":"https:\/\/apublica.org\/impeachment-bolsonaro\/pedido-019\/#primaryimage"},"thumbnailUrl":"https:\/\/i0.wp.com\/apublica.org\/impeachment-bolsonaro\/wp-content\/uploads\/2020\/05\/imagem-pedido-fernanda-melchionna-foto-agencia-brasil.png?fit=1530%2C856&ssl=1","keywords":["autonomia dos estados","governadores","imprensa","manifesta\u00e7\u00f5es antidemocr\u00e1ticas","quebra de decoro"],"inLanguage":"pt-BR"},{"@type":"WebPage","@id":"https:\/\/apublica.org\/impeachment-bolsonaro\/pedido-019\/","url":"https:\/\/apublica.org\/impeachment-bolsonaro\/pedido-019\/","name":"Pedido 0019 - Os pedidos de impeachment de Bolsonaro","isPartOf":{"@id":"https:\/\/apublica.org\/impeachment-bolsonaro\/#website"},"primaryImageOfPage":{"@id":"https:\/\/apublica.org\/impeachment-bolsonaro\/pedido-019\/#primaryimage"},"image":{"@id":"https:\/\/apublica.org\/impeachment-bolsonaro\/pedido-019\/#primaryimage"},"thumbnailUrl":"https:\/\/i0.wp.com\/apublica.org\/impeachment-bolsonaro\/wp-content\/uploads\/2020\/05\/imagem-pedido-fernanda-melchionna-foto-agencia-brasil.png?fit=1530%2C856&ssl=1","datePublished":"2020-03-25T06:00:00+00:00","dateModified":"2022-05-28T01:58:56+00:00","author":{"@id":"https:\/\/apublica.org\/impeachment-bolsonaro\/#\/schema\/person\/16aad31613529a99d0796d173eb2b2f7"},"breadcrumb":{"@id":"https:\/\/apublica.org\/impeachment-bolsonaro\/pedido-019\/#breadcrumb"},"inLanguage":"pt-BR","potentialAction":[{"@type":"ReadAction","target":["https:\/\/apublica.org\/impeachment-bolsonaro\/pedido-019\/"]}]},{"@type":"ImageObject","inLanguage":"pt-BR","@id":"https:\/\/apublica.org\/impeachment-bolsonaro\/pedido-019\/#primaryimage","url":"https:\/\/i0.wp.com\/apublica.org\/impeachment-bolsonaro\/wp-content\/uploads\/2020\/05\/imagem-pedido-fernanda-melchionna-foto-agencia-brasil.png?fit=1530%2C856&ssl=1","contentUrl":"https:\/\/i0.wp.com\/apublica.org\/impeachment-bolsonaro\/wp-content\/uploads\/2020\/05\/imagem-pedido-fernanda-melchionna-foto-agencia-brasil.png?fit=1530%2C856&ssl=1","width":1530,"height":856},{"@type":"BreadcrumbList","@id":"https:\/\/apublica.org\/impeachment-bolsonaro\/pedido-019\/#breadcrumb","itemListElement":[{"@type":"ListItem","position":1,"name":"In\u00edcio","item":"https:\/\/apublica.org\/impeachment-bolsonaro\/"},{"@type":"ListItem","position":2,"name":"Pedido 0019"}]},{"@type":"WebSite","@id":"https:\/\/apublica.org\/impeachment-bolsonaro\/#website","url":"https:\/\/apublica.org\/impeachment-bolsonaro\/","name":"Os pedidos de impeachment de Bolsonaro","description":"","potentialAction":[{"@type":"SearchAction","target":{"@type":"EntryPoint","urlTemplate":"https:\/\/apublica.org\/impeachment-bolsonaro\/?s={search_term_string}"},"query-input":{"@type":"PropertyValueSpecification","valueRequired":true,"valueName":"search_term_string"}}],"inLanguage":"pt-BR"},{"@type":"Person","@id":"https:\/\/apublica.org\/impeachment-bolsonaro\/#\/schema\/person\/16aad31613529a99d0796d173eb2b2f7","name":"Laura Scofield","image":{"@type":"ImageObject","inLanguage":"pt-BR","@id":"https:\/\/secure.gravatar.com\/avatar\/d1b96b430079847bc46acd129c4c10a79b053ccd4da6177e0ac83288aba8f24a?s=96&d=mm&r=g9a4c765220b5e2dfef2f7002b37fa836","url":"https:\/\/secure.gravatar.com\/avatar\/d1b96b430079847bc46acd129c4c10a79b053ccd4da6177e0ac83288aba8f24a?s=96&d=mm&r=g","contentUrl":"https:\/\/secure.gravatar.com\/avatar\/d1b96b430079847bc46acd129c4c10a79b053ccd4da6177e0ac83288aba8f24a?s=96&d=mm&r=g","caption":"Laura Scofield"},"description":"Jornalista formada pela Escola de Comunica\u00e7\u00f5es e Artes da Universidade de S\u00e3o Paulo (ECA-USP) com pesquisa sobre migra\u00e7\u00e3o indocumentada de brasileiros para os Estados Unidos. Colabora com a OBOR\u00c9 Projetos Especiais e \u00e9 ex-diretora de cultura da Jornalismo J\u00fanior. Come\u00e7ou na Ag\u00eancia P\u00fablica em mar\u00e7o de 2020 como estagi\u00e1ria de reda\u00e7\u00e3o do n\u00facleo de pol\u00edtica e redes sociais e desde janeiro de 2022 \u00e9 rep\u00f3rter do n\u00facleo de clima. Trabalhos premiados pelo Pr\u00eamio Intercom Sudeste 2021 e 12\u00ba Pr\u00eamio Jovem Jornalista Fernando Pacheco Jord\u00e3o 2020.","url":"https:\/\/apublica.org\/impeachment-bolsonaro\/author\/laurascofield\/"}]}},"jetpack_featured_media_url":"https:\/\/i0.wp.com\/apublica.org\/impeachment-bolsonaro\/wp-content\/uploads\/2020\/05\/imagem-pedido-fernanda-melchionna-foto-agencia-brasil.png?fit=1530%2C856&ssl=1","jetpack_sharing_enabled":true,"_links":{"self":[{"href":"https:\/\/apublica.org\/impeachment-bolsonaro\/wp-json\/wp\/v2\/posts\/2772","targetHints":{"allow":["GET"]}}],"collection":[{"href":"https:\/\/apublica.org\/impeachment-bolsonaro\/wp-json\/wp\/v2\/posts"}],"about":[{"href":"https:\/\/apublica.org\/impeachment-bolsonaro\/wp-json\/wp\/v2\/types\/post"}],"author":[{"embeddable":true,"href":"https:\/\/apublica.org\/impeachment-bolsonaro\/wp-json\/wp\/v2\/users\/29"}],"replies":[{"embeddable":true,"href":"https:\/\/apublica.org\/impeachment-bolsonaro\/wp-json\/wp\/v2\/comments?post=2772"}],"version-history":[{"count":1,"href":"https:\/\/apublica.org\/impeachment-bolsonaro\/wp-json\/wp\/v2\/posts\/2772\/revisions"}],"predecessor-version":[{"id":3408,"href":"https:\/\/apublica.org\/impeachment-bolsonaro\/wp-json\/wp\/v2\/posts\/2772\/revisions\/3408"}],"wp:featuredmedia":[{"embeddable":true,"href":"https:\/\/apublica.org\/impeachment-bolsonaro\/wp-json\/wp\/v2\/media\/198"}],"wp:attachment":[{"href":"https:\/\/apublica.org\/impeachment-bolsonaro\/wp-json\/wp\/v2\/media?parent=2772"}],"wp:term":[{"taxonomy":"category","embeddable":true,"href":"https:\/\/apublica.org\/impeachment-bolsonaro\/wp-json\/wp\/v2\/categories?post=2772"},{"taxonomy":"post_tag","embeddable":true,"href":"https:\/\/apublica.org\/impeachment-bolsonaro\/wp-json\/wp\/v2\/tags?post=2772"},{"taxonomy":"author","embeddable":true,"href":"https:\/\/apublica.org\/impeachment-bolsonaro\/wp-json\/wp\/v2\/coauthors?post=2772"}],"curies":[{"name":"wp","href":"https:\/\/api.w.org\/{rel}","templated":true}]}}