{"id":2778,"date":"2020-04-01T01:00:13","date_gmt":"2020-04-01T04:00:13","guid":{"rendered":"https:\/\/apublica.org\/impeachment-bolsonaro.new\/pedido-021\/"},"modified":"2022-05-27T22:59:27","modified_gmt":"2022-05-28T01:59:27","slug":"pedido-021","status":"publish","type":"post","link":"https:\/\/apublica.org\/impeachment-bolsonaro\/pedido-021\/","title":{"rendered":"Pedido 0021"},"content":{"rendered":"\n<p>O pedido apresentado pelos advogados  Bruno Espi\u00f1eira, V\u00edctor Quintiere, Thiago P\u00e1dua e Jos\u00e9 Rossini elenca v\u00e1rios crimes de responsabilidade que teriam sido cometidos por Bolsonaro e ao, final, dedica-se a fazer uma an\u00e1lise \u201cespec\u00edfica e jur\u00eddica\u201d do discurso em rede nacional do presidente no dia 24 de mar\u00e7o.    <\/p>\n\n\n\n<p>O primeiro crime apontado \u00e9 do \u201cepis\u00f3dio relativo ao golden shower\u201d, no carnaval de 2019, que, de acordo com a pe\u00e7a, constitui-se como quebra de decoro. Tamb\u00e9m na mesma linha estariam os ataques \u00e0 imprensa, como o  \u201ccriminoso trocadilho com a express\u00e3o furo jornal\u00edstico\u201d feito em rela\u00e7\u00e3o \u00e0 jornalista Patr\u00edcia Campos mello, da Folha de S Paulo. <\/p>\n\n\n\n<p>Alegando crime contra a seguran\u00e7a interna, o pedido apresenta que \u201csem ser m\u00e9dico\u201d Bolsonaro prescreveu cloroquina em rede nacional, expondo a v\u00edtimas do coronav\u00edrus a \u201cperversos efeitos colaterais\u201d. J\u00e1 exonerar o fiscal do IBAMA que multou Bolsonaro em 2012 e Ricardo Galv\u00e3o do INPE em meio \u00e0 discuss\u00e3o sobre desmatamento se encaixariam em \u201ccrime de responsabilidade por abuso de poder\u201d.  <\/p>\n\n\n\n<p>Indicar que fossem feitas comemora\u00e7\u00f5es do anivers\u00e1rio da Ditadura em 2019; n\u00e3o consider\u00e1-la fruto de um golpe, incentivar e participar manifesta\u00e7\u00f5es antidemocr\u00e1ticas seriam atentados \u00e0 Constitui\u00e7\u00e3o, por colocarem \u201cem risco o livre-exerc\u00edcio do Poder Legislativo, Poder Judici\u00e1rio e dos poderes constitucionais dos Estados, a seguran\u00e7a interna e a probidade na administra\u00e7\u00e3o p\u00fablica\u201d. <\/p>\n\n\n\n<p>Outro princ\u00edpio citado \u00e9 o da impessoalidade. Ao excluir a Folha de S. Paulo de uma licita\u00e7\u00e3o, pedir que empres\u00e1rios n\u00e3o anunciassem em jornais que fazem cr\u00edticas ao governo e \u201cmudar a l\u00f3gica de verbas publicit\u00e1rias para a TV\u201d Bolsonaro teria violado o princ\u00edpio.  <\/p>\n\n\n\n<p>Por fim, o pedido oferece destaque ao discurso de Jair Bolsonaro em rede nacional no dia 24 de mar\u00e7o, momento no qual ele teria sido \u201cexpressamente contra as manifesta\u00e7\u00f5es e pol\u00edticas p\u00fablicas de isolamento\u201d. O discurso tamb\u00e9m infringiria o livre-exerc\u00edcio dos poderes, a seguran\u00e7a interna e probidade na administra\u00e7\u00e3o.  <\/p>\n","protected":false},"excerpt":{"rendered":"<p>O pedido apresentado pelos advogados Bruno Espi\u00f1eira, V\u00edctor Quintiere, Thiago P\u00e1dua e Jos\u00e9 Rossini elenca v\u00e1rios crimes de responsabilidade que teriam sido cometidos por Bolsonaro e ao, final, dedica-se a fazer uma an\u00e1lise \u201cespec\u00edfica e jur\u00eddica\u201d do discurso em rede nacional do presidente no dia 24 de mar\u00e7o. O primeiro crime apontado \u00e9 do \u201cepis\u00f3dio<\/p>\n","protected":false},"author":29,"featured_media":665,"comment_status":"closed","ping_status":"closed","sticky":false,"template":"","format":"standard","meta":{"_acf_changed":false,"_jetpack_memberships_contains_paid_content":false,"footnotes":""},"categories":[1],"tags":[21,28,12,11,47,10,27,2,5],"coauthors":[],"class_list":["post-2778","post","type-post","status-publish","format-standard","has-post-thumbnail","hentry","category-sem-categoria","tag-censura","tag-congresso-nacional","tag-coronavirus","tag-ditadura-militar","tag-genocidio","tag-imprensa","tag-judiciario","tag-manifestacoes-antidemocraticas","tag-quebra-de-decoro"],"acf":[],"yoast_head":"<!-- This site is optimized with the Yoast SEO plugin v27.4 - https:\/\/yoast.com\/product\/yoast-seo-wordpress\/ -->\n<title>Pedido 0021 - Os pedidos de impeachment de Bolsonaro<\/title>\n<meta name=\"robots\" content=\"index, follow, max-snippet:-1, max-image-preview:large, max-video-preview:-1\" \/>\n<link rel=\"canonical\" href=\"https:\/\/apublica.org\/impeachment-bolsonaro\/pedido-021\/\" \/>\n<meta property=\"og:locale\" content=\"pt_BR\" \/>\n<meta property=\"og:type\" content=\"article\" \/>\n<meta property=\"og:title\" content=\"Pedido 0021 - Os pedidos de impeachment de Bolsonaro\" \/>\n<meta property=\"og:description\" content=\"O pedido apresentado pelos advogados Bruno Espi\u00f1eira, V\u00edctor Quintiere, Thiago P\u00e1dua e Jos\u00e9 Rossini elenca v\u00e1rios crimes de responsabilidade que teriam sido cometidos por Bolsonaro e ao, final, dedica-se a fazer uma an\u00e1lise \u201cespec\u00edfica e jur\u00eddica\u201d do discurso em rede nacional do presidente no dia 24 de mar\u00e7o. O primeiro crime apontado \u00e9 do \u201cepis\u00f3dio\" \/>\n<meta property=\"og:url\" content=\"https:\/\/apublica.org\/impeachment-bolsonaro\/pedido-021\/\" \/>\n<meta property=\"og:site_name\" content=\"Os pedidos de impeachment de Bolsonaro\" \/>\n<meta property=\"article:published_time\" content=\"2020-04-01T04:00:13+00:00\" \/>\n<meta property=\"article:modified_time\" content=\"2022-05-28T01:59:27+00:00\" \/>\n<meta property=\"og:image\" content=\"https:\/\/i0.wp.com\/apublica.org\/impeachment-bolsonaro\/wp-content\/uploads\/2020\/05\/imagem-pedido-bruno-espinera-foto-isac-nobrega-pr-e1590956247424.png?fit=1503%2C745&ssl=1\" \/>\n\t<meta property=\"og:image:width\" content=\"1503\" \/>\n\t<meta property=\"og:image:height\" content=\"745\" \/>\n\t<meta property=\"og:image:type\" content=\"image\/png\" \/>\n<meta name=\"author\" content=\"Laura Scofield\" \/>\n<meta name=\"twitter:card\" content=\"summary_large_image\" \/>\n<meta name=\"twitter:label1\" content=\"Escrito por\" \/>\n\t<meta name=\"twitter:data1\" content=\"Laura Scofield\" \/>\n\t<meta name=\"twitter:label2\" content=\"Est. tempo de leitura\" \/>\n\t<meta name=\"twitter:data2\" content=\"2 minutos\" \/>\n\t<meta name=\"twitter:label3\" content=\"Written by\" \/>\n\t<meta name=\"twitter:data3\" content=\"Laura Scofield\" \/>\n<script type=\"application\/ld+json\" class=\"yoast-schema-graph\">{\"@context\":\"https:\\\/\\\/schema.org\",\"@graph\":[{\"@type\":\"Article\",\"@id\":\"https:\\\/\\\/apublica.org\\\/impeachment-bolsonaro\\\/pedido-021\\\/#article\",\"isPartOf\":{\"@id\":\"https:\\\/\\\/apublica.org\\\/impeachment-bolsonaro\\\/pedido-021\\\/\"},\"author\":{\"name\":\"Laura Scofield\",\"@id\":\"https:\\\/\\\/apublica.org\\\/impeachment-bolsonaro\\\/#\\\/schema\\\/person\\\/16aad31613529a99d0796d173eb2b2f7\"},\"headline\":\"Pedido 0021\",\"datePublished\":\"2020-04-01T04:00:13+00:00\",\"dateModified\":\"2022-05-28T01:59:27+00:00\",\"mainEntityOfPage\":{\"@id\":\"https:\\\/\\\/apublica.org\\\/impeachment-bolsonaro\\\/pedido-021\\\/\"},\"wordCount\":349,\"image\":{\"@id\":\"https:\\\/\\\/apublica.org\\\/impeachment-bolsonaro\\\/pedido-021\\\/#primaryimage\"},\"thumbnailUrl\":\"https:\\\/\\\/i0.wp.com\\\/apublica.org\\\/impeachment-bolsonaro\\\/wp-content\\\/uploads\\\/2020\\\/05\\\/imagem-pedido-bruno-espinera-foto-isac-nobrega-pr-e1590956247424.png?fit=1503%2C745&ssl=1\",\"keywords\":[\"censura\",\"Congresso Nacional\",\"coronav\u00edrus\",\"ditadura militar\",\"genoc\u00eddio\",\"imprensa\",\"Judici\u00e1rio\",\"manifesta\u00e7\u00f5es antidemocr\u00e1ticas\",\"quebra de decoro\"],\"inLanguage\":\"pt-BR\"},{\"@type\":\"WebPage\",\"@id\":\"https:\\\/\\\/apublica.org\\\/impeachment-bolsonaro\\\/pedido-021\\\/\",\"url\":\"https:\\\/\\\/apublica.org\\\/impeachment-bolsonaro\\\/pedido-021\\\/\",\"name\":\"Pedido 0021 - Os pedidos de impeachment de Bolsonaro\",\"isPartOf\":{\"@id\":\"https:\\\/\\\/apublica.org\\\/impeachment-bolsonaro\\\/#website\"},\"primaryImageOfPage\":{\"@id\":\"https:\\\/\\\/apublica.org\\\/impeachment-bolsonaro\\\/pedido-021\\\/#primaryimage\"},\"image\":{\"@id\":\"https:\\\/\\\/apublica.org\\\/impeachment-bolsonaro\\\/pedido-021\\\/#primaryimage\"},\"thumbnailUrl\":\"https:\\\/\\\/i0.wp.com\\\/apublica.org\\\/impeachment-bolsonaro\\\/wp-content\\\/uploads\\\/2020\\\/05\\\/imagem-pedido-bruno-espinera-foto-isac-nobrega-pr-e1590956247424.png?fit=1503%2C745&ssl=1\",\"datePublished\":\"2020-04-01T04:00:13+00:00\",\"dateModified\":\"2022-05-28T01:59:27+00:00\",\"author\":{\"@id\":\"https:\\\/\\\/apublica.org\\\/impeachment-bolsonaro\\\/#\\\/schema\\\/person\\\/16aad31613529a99d0796d173eb2b2f7\"},\"breadcrumb\":{\"@id\":\"https:\\\/\\\/apublica.org\\\/impeachment-bolsonaro\\\/pedido-021\\\/#breadcrumb\"},\"inLanguage\":\"pt-BR\",\"potentialAction\":[{\"@type\":\"ReadAction\",\"target\":[\"https:\\\/\\\/apublica.org\\\/impeachment-bolsonaro\\\/pedido-021\\\/\"]}]},{\"@type\":\"ImageObject\",\"inLanguage\":\"pt-BR\",\"@id\":\"https:\\\/\\\/apublica.org\\\/impeachment-bolsonaro\\\/pedido-021\\\/#primaryimage\",\"url\":\"https:\\\/\\\/i0.wp.com\\\/apublica.org\\\/impeachment-bolsonaro\\\/wp-content\\\/uploads\\\/2020\\\/05\\\/imagem-pedido-bruno-espinera-foto-isac-nobrega-pr-e1590956247424.png?fit=1503%2C745&ssl=1\",\"contentUrl\":\"https:\\\/\\\/i0.wp.com\\\/apublica.org\\\/impeachment-bolsonaro\\\/wp-content\\\/uploads\\\/2020\\\/05\\\/imagem-pedido-bruno-espinera-foto-isac-nobrega-pr-e1590956247424.png?fit=1503%2C745&ssl=1\",\"width\":1503,\"height\":745},{\"@type\":\"BreadcrumbList\",\"@id\":\"https:\\\/\\\/apublica.org\\\/impeachment-bolsonaro\\\/pedido-021\\\/#breadcrumb\",\"itemListElement\":[{\"@type\":\"ListItem\",\"position\":1,\"name\":\"In\u00edcio\",\"item\":\"https:\\\/\\\/apublica.org\\\/impeachment-bolsonaro\\\/\"},{\"@type\":\"ListItem\",\"position\":2,\"name\":\"Pedido 0021\"}]},{\"@type\":\"WebSite\",\"@id\":\"https:\\\/\\\/apublica.org\\\/impeachment-bolsonaro\\\/#website\",\"url\":\"https:\\\/\\\/apublica.org\\\/impeachment-bolsonaro\\\/\",\"name\":\"Os pedidos de impeachment de Bolsonaro\",\"description\":\"\",\"potentialAction\":[{\"@type\":\"SearchAction\",\"target\":{\"@type\":\"EntryPoint\",\"urlTemplate\":\"https:\\\/\\\/apublica.org\\\/impeachment-bolsonaro\\\/?s={search_term_string}\"},\"query-input\":{\"@type\":\"PropertyValueSpecification\",\"valueRequired\":true,\"valueName\":\"search_term_string\"}}],\"inLanguage\":\"pt-BR\"},{\"@type\":\"Person\",\"@id\":\"https:\\\/\\\/apublica.org\\\/impeachment-bolsonaro\\\/#\\\/schema\\\/person\\\/16aad31613529a99d0796d173eb2b2f7\",\"name\":\"Laura Scofield\",\"image\":{\"@type\":\"ImageObject\",\"inLanguage\":\"pt-BR\",\"@id\":\"https:\\\/\\\/secure.gravatar.com\\\/avatar\\\/d1b96b430079847bc46acd129c4c10a79b053ccd4da6177e0ac83288aba8f24a?s=96&d=mm&r=g9a4c765220b5e2dfef2f7002b37fa836\",\"url\":\"https:\\\/\\\/secure.gravatar.com\\\/avatar\\\/d1b96b430079847bc46acd129c4c10a79b053ccd4da6177e0ac83288aba8f24a?s=96&d=mm&r=g\",\"contentUrl\":\"https:\\\/\\\/secure.gravatar.com\\\/avatar\\\/d1b96b430079847bc46acd129c4c10a79b053ccd4da6177e0ac83288aba8f24a?s=96&d=mm&r=g\",\"caption\":\"Laura Scofield\"},\"description\":\"Jornalista formada pela Escola de Comunica\u00e7\u00f5es e Artes da Universidade de S\u00e3o Paulo (ECA-USP) com pesquisa sobre migra\u00e7\u00e3o indocumentada de brasileiros para os Estados Unidos. Colabora com a OBOR\u00c9 Projetos Especiais e \u00e9 ex-diretora de cultura da Jornalismo J\u00fanior. Come\u00e7ou na Ag\u00eancia P\u00fablica em mar\u00e7o de 2020 como estagi\u00e1ria de reda\u00e7\u00e3o do n\u00facleo de pol\u00edtica e redes sociais e desde janeiro de 2022 \u00e9 rep\u00f3rter do n\u00facleo de clima. Trabalhos premiados pelo Pr\u00eamio Intercom Sudeste 2021 e 12\u00ba Pr\u00eamio Jovem Jornalista Fernando Pacheco Jord\u00e3o 2020.\",\"url\":\"https:\\\/\\\/apublica.org\\\/impeachment-bolsonaro\\\/author\\\/laurascofield\\\/\"}]}<\/script>\n<!-- \/ Yoast SEO plugin. -->","yoast_head_json":{"title":"Pedido 0021 - Os pedidos de impeachment de Bolsonaro","robots":{"index":"index","follow":"follow","max-snippet":"max-snippet:-1","max-image-preview":"max-image-preview:large","max-video-preview":"max-video-preview:-1"},"canonical":"https:\/\/apublica.org\/impeachment-bolsonaro\/pedido-021\/","og_locale":"pt_BR","og_type":"article","og_title":"Pedido 0021 - Os pedidos de impeachment de Bolsonaro","og_description":"O pedido apresentado pelos advogados Bruno Espi\u00f1eira, V\u00edctor Quintiere, Thiago P\u00e1dua e Jos\u00e9 Rossini elenca v\u00e1rios crimes de responsabilidade que teriam sido cometidos por Bolsonaro e ao, final, dedica-se a fazer uma an\u00e1lise \u201cespec\u00edfica e jur\u00eddica\u201d do discurso em rede nacional do presidente no dia 24 de mar\u00e7o. O primeiro crime apontado \u00e9 do \u201cepis\u00f3dio","og_url":"https:\/\/apublica.org\/impeachment-bolsonaro\/pedido-021\/","og_site_name":"Os pedidos de impeachment de Bolsonaro","article_published_time":"2020-04-01T04:00:13+00:00","article_modified_time":"2022-05-28T01:59:27+00:00","og_image":[{"width":1503,"height":745,"url":"https:\/\/i0.wp.com\/apublica.org\/impeachment-bolsonaro\/wp-content\/uploads\/2020\/05\/imagem-pedido-bruno-espinera-foto-isac-nobrega-pr-e1590956247424.png?fit=1503%2C745&ssl=1","type":"image\/png"}],"author":"Laura Scofield","twitter_card":"summary_large_image","twitter_misc":{"Escrito por":"Laura Scofield","Est. tempo de leitura":"2 minutos","Written by":"Laura Scofield"},"schema":{"@context":"https:\/\/schema.org","@graph":[{"@type":"Article","@id":"https:\/\/apublica.org\/impeachment-bolsonaro\/pedido-021\/#article","isPartOf":{"@id":"https:\/\/apublica.org\/impeachment-bolsonaro\/pedido-021\/"},"author":{"name":"Laura Scofield","@id":"https:\/\/apublica.org\/impeachment-bolsonaro\/#\/schema\/person\/16aad31613529a99d0796d173eb2b2f7"},"headline":"Pedido 0021","datePublished":"2020-04-01T04:00:13+00:00","dateModified":"2022-05-28T01:59:27+00:00","mainEntityOfPage":{"@id":"https:\/\/apublica.org\/impeachment-bolsonaro\/pedido-021\/"},"wordCount":349,"image":{"@id":"https:\/\/apublica.org\/impeachment-bolsonaro\/pedido-021\/#primaryimage"},"thumbnailUrl":"https:\/\/i0.wp.com\/apublica.org\/impeachment-bolsonaro\/wp-content\/uploads\/2020\/05\/imagem-pedido-bruno-espinera-foto-isac-nobrega-pr-e1590956247424.png?fit=1503%2C745&ssl=1","keywords":["censura","Congresso Nacional","coronav\u00edrus","ditadura militar","genoc\u00eddio","imprensa","Judici\u00e1rio","manifesta\u00e7\u00f5es antidemocr\u00e1ticas","quebra de decoro"],"inLanguage":"pt-BR"},{"@type":"WebPage","@id":"https:\/\/apublica.org\/impeachment-bolsonaro\/pedido-021\/","url":"https:\/\/apublica.org\/impeachment-bolsonaro\/pedido-021\/","name":"Pedido 0021 - Os pedidos de impeachment de Bolsonaro","isPartOf":{"@id":"https:\/\/apublica.org\/impeachment-bolsonaro\/#website"},"primaryImageOfPage":{"@id":"https:\/\/apublica.org\/impeachment-bolsonaro\/pedido-021\/#primaryimage"},"image":{"@id":"https:\/\/apublica.org\/impeachment-bolsonaro\/pedido-021\/#primaryimage"},"thumbnailUrl":"https:\/\/i0.wp.com\/apublica.org\/impeachment-bolsonaro\/wp-content\/uploads\/2020\/05\/imagem-pedido-bruno-espinera-foto-isac-nobrega-pr-e1590956247424.png?fit=1503%2C745&ssl=1","datePublished":"2020-04-01T04:00:13+00:00","dateModified":"2022-05-28T01:59:27+00:00","author":{"@id":"https:\/\/apublica.org\/impeachment-bolsonaro\/#\/schema\/person\/16aad31613529a99d0796d173eb2b2f7"},"breadcrumb":{"@id":"https:\/\/apublica.org\/impeachment-bolsonaro\/pedido-021\/#breadcrumb"},"inLanguage":"pt-BR","potentialAction":[{"@type":"ReadAction","target":["https:\/\/apublica.org\/impeachment-bolsonaro\/pedido-021\/"]}]},{"@type":"ImageObject","inLanguage":"pt-BR","@id":"https:\/\/apublica.org\/impeachment-bolsonaro\/pedido-021\/#primaryimage","url":"https:\/\/i0.wp.com\/apublica.org\/impeachment-bolsonaro\/wp-content\/uploads\/2020\/05\/imagem-pedido-bruno-espinera-foto-isac-nobrega-pr-e1590956247424.png?fit=1503%2C745&ssl=1","contentUrl":"https:\/\/i0.wp.com\/apublica.org\/impeachment-bolsonaro\/wp-content\/uploads\/2020\/05\/imagem-pedido-bruno-espinera-foto-isac-nobrega-pr-e1590956247424.png?fit=1503%2C745&ssl=1","width":1503,"height":745},{"@type":"BreadcrumbList","@id":"https:\/\/apublica.org\/impeachment-bolsonaro\/pedido-021\/#breadcrumb","itemListElement":[{"@type":"ListItem","position":1,"name":"In\u00edcio","item":"https:\/\/apublica.org\/impeachment-bolsonaro\/"},{"@type":"ListItem","position":2,"name":"Pedido 0021"}]},{"@type":"WebSite","@id":"https:\/\/apublica.org\/impeachment-bolsonaro\/#website","url":"https:\/\/apublica.org\/impeachment-bolsonaro\/","name":"Os pedidos de impeachment de Bolsonaro","description":"","potentialAction":[{"@type":"SearchAction","target":{"@type":"EntryPoint","urlTemplate":"https:\/\/apublica.org\/impeachment-bolsonaro\/?s={search_term_string}"},"query-input":{"@type":"PropertyValueSpecification","valueRequired":true,"valueName":"search_term_string"}}],"inLanguage":"pt-BR"},{"@type":"Person","@id":"https:\/\/apublica.org\/impeachment-bolsonaro\/#\/schema\/person\/16aad31613529a99d0796d173eb2b2f7","name":"Laura Scofield","image":{"@type":"ImageObject","inLanguage":"pt-BR","@id":"https:\/\/secure.gravatar.com\/avatar\/d1b96b430079847bc46acd129c4c10a79b053ccd4da6177e0ac83288aba8f24a?s=96&d=mm&r=g9a4c765220b5e2dfef2f7002b37fa836","url":"https:\/\/secure.gravatar.com\/avatar\/d1b96b430079847bc46acd129c4c10a79b053ccd4da6177e0ac83288aba8f24a?s=96&d=mm&r=g","contentUrl":"https:\/\/secure.gravatar.com\/avatar\/d1b96b430079847bc46acd129c4c10a79b053ccd4da6177e0ac83288aba8f24a?s=96&d=mm&r=g","caption":"Laura Scofield"},"description":"Jornalista formada pela Escola de Comunica\u00e7\u00f5es e Artes da Universidade de S\u00e3o Paulo (ECA-USP) com pesquisa sobre migra\u00e7\u00e3o indocumentada de brasileiros para os Estados Unidos. Colabora com a OBOR\u00c9 Projetos Especiais e \u00e9 ex-diretora de cultura da Jornalismo J\u00fanior. Come\u00e7ou na Ag\u00eancia P\u00fablica em mar\u00e7o de 2020 como estagi\u00e1ria de reda\u00e7\u00e3o do n\u00facleo de pol\u00edtica e redes sociais e desde janeiro de 2022 \u00e9 rep\u00f3rter do n\u00facleo de clima. Trabalhos premiados pelo Pr\u00eamio Intercom Sudeste 2021 e 12\u00ba Pr\u00eamio Jovem Jornalista Fernando Pacheco Jord\u00e3o 2020.","url":"https:\/\/apublica.org\/impeachment-bolsonaro\/author\/laurascofield\/"}]}},"jetpack_featured_media_url":"https:\/\/i0.wp.com\/apublica.org\/impeachment-bolsonaro\/wp-content\/uploads\/2020\/05\/imagem-pedido-bruno-espinera-foto-isac-nobrega-pr-e1590956247424.png?fit=1503%2C745&ssl=1","jetpack_sharing_enabled":true,"_links":{"self":[{"href":"https:\/\/apublica.org\/impeachment-bolsonaro\/wp-json\/wp\/v2\/posts\/2778","targetHints":{"allow":["GET"]}}],"collection":[{"href":"https:\/\/apublica.org\/impeachment-bolsonaro\/wp-json\/wp\/v2\/posts"}],"about":[{"href":"https:\/\/apublica.org\/impeachment-bolsonaro\/wp-json\/wp\/v2\/types\/post"}],"author":[{"embeddable":true,"href":"https:\/\/apublica.org\/impeachment-bolsonaro\/wp-json\/wp\/v2\/users\/29"}],"replies":[{"embeddable":true,"href":"https:\/\/apublica.org\/impeachment-bolsonaro\/wp-json\/wp\/v2\/comments?post=2778"}],"version-history":[{"count":1,"href":"https:\/\/apublica.org\/impeachment-bolsonaro\/wp-json\/wp\/v2\/posts\/2778\/revisions"}],"predecessor-version":[{"id":3406,"href":"https:\/\/apublica.org\/impeachment-bolsonaro\/wp-json\/wp\/v2\/posts\/2778\/revisions\/3406"}],"wp:featuredmedia":[{"embeddable":true,"href":"https:\/\/apublica.org\/impeachment-bolsonaro\/wp-json\/wp\/v2\/media\/665"}],"wp:attachment":[{"href":"https:\/\/apublica.org\/impeachment-bolsonaro\/wp-json\/wp\/v2\/media?parent=2778"}],"wp:term":[{"taxonomy":"category","embeddable":true,"href":"https:\/\/apublica.org\/impeachment-bolsonaro\/wp-json\/wp\/v2\/categories?post=2778"},{"taxonomy":"post_tag","embeddable":true,"href":"https:\/\/apublica.org\/impeachment-bolsonaro\/wp-json\/wp\/v2\/tags?post=2778"},{"taxonomy":"author","embeddable":true,"href":"https:\/\/apublica.org\/impeachment-bolsonaro\/wp-json\/wp\/v2\/coauthors?post=2778"}],"curies":[{"name":"wp","href":"https:\/\/api.w.org\/{rel}","templated":true}]}}