{"id":2779,"date":"2020-04-30T01:39:07","date_gmt":"2020-04-30T04:39:07","guid":{"rendered":"https:\/\/apublica.org\/impeachment-bolsonaro.new\/pedido-035\/"},"modified":"2022-05-27T22:59:32","modified_gmt":"2022-05-28T01:59:32","slug":"pedido-035","status":"publish","type":"post","link":"https:\/\/apublica.org\/impeachment-bolsonaro\/pedido-035\/","title":{"rendered":"Pedido 0035"},"content":{"rendered":"\n<p>A bancada do PSB na C\u00e2mara dos Deputados protocolou, no dia 29 de abril, um pedido de impeachment listando 11 crimes de responsabilidade que teriam sido cometidos pelo presidente Jair Bolsonaro (sem partido). A conduta do presidente no combate \u00e0 pandemia do novo coronav\u00edrus motivou a apresenta\u00e7\u00e3o do texto.&nbsp;<\/p>\n\n\n\n<p>Para os parlamentares, o presidente provocou pequenas aglomera\u00e7\u00f5es quando fez passeios no Distrito Federal, no dia 29 de mar\u00e7o, em meio a pandemia. O texto diz que a atua\u00e7\u00e3o de Bolsonaro \u201ccolocou vidas em risco, \u00e0 medida que desconsiderou dados cient\u00edficos e estimulou que as pessoas saiam \u00e0s ruas e participou de aglomera\u00e7\u00f5es.\u201d<\/p>\n\n\n\n<p>O pedido \u00e9 dividido em tr\u00eas partes. Na primeira, o documento registra \u201cum padr\u00e3o antidemocr\u00e1tico na conduta do presidente da Rep\u00fablica\u201d. A segunda parte lista os crimes de responsabilidade que teriam sido praticados pelo presidente. Entre eles est\u00e1 o \u201ccrime de obstru\u00e7\u00e3o da Justi\u00e7a\u201d, a partir das acusa\u00e7\u00f5es feitas pelo ex-ministro da Justi\u00e7a S\u00e9rgio Moro.&nbsp;<\/p>\n\n\n\n<p>Moro acusa o presidente de ter tentado trocar o diretor-geral da Pol\u00edcia Federal, \u201csem motivo justific\u00e1vel ou causa aparente, o que caracterizaria interfer\u00eancia indevida sobre a autonomia da Pol\u00edcia Federal, \u00f3rg\u00e3o vinculado \u00e0 estrutura do Minist\u00e9rio da Justi\u00e7a\u201d, ressalta o pedido de impeachment.&nbsp;<\/p>\n\n\n\n<p>O pedido tamb\u00e9m elenca crimes \u201ccontra a Federa\u00e7\u00e3o e a liberdade de imprensa\u201d. Nessa parte cita o apoio e participa\u00e7\u00e3o do presidente em manifesta\u00e7\u00f5es com amea\u00e7as \u00e0 independ\u00eancia do Poderes Legislativo e Judici\u00e1rio ocorridas em 15 de mar\u00e7o deste ano, tendo o Congresso Nacional e o Supremo Tribunal Federal como alvos.<\/p>\n\n\n\n<p>O documento indica como testemunhas os governadores Camilo Santana (PT), do Cear\u00e1;&nbsp; Fl\u00e1vio Dino (PC do B), do Maranh\u00e3o; Jo\u00e3o D\u00f3ria, Governador (PSDB), de S\u00e3o Paulo; Paulo C\u00e2mara (PSB), de Pernambuco; Rui Costa (PT), da Bahia; Wilson Witzel (PSC), do Rio de Janeiro. Tamb\u00e9m convoca os jornalistas Glenn Greenwald, do The Intercept Brasil; Miriam Leit\u00e3o, da Rede Globo; Patricia Toledo de Campos Mello, da Folha de S. Paulo; Talita Fernandes, da Folha de S. Paulo e Vera Magalh\u00e3es, do Estado de S\u00e3o Paulo, entre outros.<\/p>\n","protected":false},"excerpt":{"rendered":"<p>A bancada do PSB na C\u00e2mara dos Deputados protocolou, no dia 29 de abril, um pedido de impeachment listando 11 crimes de responsabilidade que teriam sido cometidos pelo presidente Jair Bolsonaro (sem partido). A conduta do presidente no combate \u00e0 pandemia do novo coronav\u00edrus motivou a apresenta\u00e7\u00e3o do texto.&nbsp; Para os parlamentares, o presidente provocou<\/p>\n","protected":false},"author":24,"featured_media":205,"comment_status":"closed","ping_status":"closed","sticky":false,"template":"","format":"standard","meta":{"_acf_changed":false,"_jetpack_memberships_contains_paid_content":false,"footnotes":""},"categories":[1],"tags":[12,10,13,27,26,7],"coauthors":[],"class_list":["post-2779","post","type-post","status-publish","format-standard","has-post-thumbnail","hentry","category-sem-categoria","tag-coronavirus","tag-imprensa","tag-improbidade-administrativa","tag-judiciario","tag-legislativo","tag-policia-federal"],"acf":[],"yoast_head":"<!-- This site is optimized with the Yoast SEO plugin v27.5 - https:\/\/yoast.com\/product\/yoast-seo-wordpress\/ -->\n<title>Pedido 0035 - Os pedidos de impeachment de Bolsonaro<\/title>\n<meta name=\"robots\" content=\"index, follow, max-snippet:-1, max-image-preview:large, max-video-preview:-1\" \/>\n<link rel=\"canonical\" href=\"https:\/\/apublica.org\/impeachment-bolsonaro\/pedido-035\/\" \/>\n<meta property=\"og:locale\" content=\"pt_BR\" \/>\n<meta property=\"og:type\" content=\"article\" \/>\n<meta property=\"og:title\" content=\"Pedido 0035 - Os pedidos de impeachment de Bolsonaro\" \/>\n<meta property=\"og:description\" content=\"A bancada do PSB na C\u00e2mara dos Deputados protocolou, no dia 29 de abril, um pedido de impeachment listando 11 crimes de responsabilidade que teriam sido cometidos pelo presidente Jair Bolsonaro (sem partido). A conduta do presidente no combate \u00e0 pandemia do novo coronav\u00edrus motivou a apresenta\u00e7\u00e3o do texto.&nbsp; Para os parlamentares, o presidente provocou\" \/>\n<meta property=\"og:url\" content=\"https:\/\/apublica.org\/impeachment-bolsonaro\/pedido-035\/\" \/>\n<meta property=\"og:site_name\" content=\"Os pedidos de impeachment de Bolsonaro\" \/>\n<meta property=\"article:published_time\" content=\"2020-04-30T04:39:07+00:00\" \/>\n<meta property=\"article:modified_time\" content=\"2022-05-28T01:59:32+00:00\" \/>\n<meta property=\"og:image\" content=\"https:\/\/i0.wp.com\/apublica.org\/impeachment-bolsonaro\/wp-content\/uploads\/2020\/05\/imagem-pedido-psd-molon-carolina-antunes-pr.png?fit=1530%2C856&ssl=1\" \/>\n\t<meta property=\"og:image:width\" content=\"1530\" \/>\n\t<meta property=\"og:image:height\" content=\"856\" \/>\n\t<meta property=\"og:image:type\" content=\"image\/png\" \/>\n<meta name=\"author\" content=\"Mariama Correia\" \/>\n<meta name=\"twitter:card\" content=\"summary_large_image\" \/>\n<meta name=\"twitter:label1\" content=\"Escrito por\" \/>\n\t<meta name=\"twitter:data1\" content=\"Mariama Correia\" \/>\n\t<meta name=\"twitter:label2\" content=\"Est. tempo de leitura\" \/>\n\t<meta name=\"twitter:data2\" content=\"2 minutos\" \/>\n\t<meta name=\"twitter:label3\" content=\"Written by\" \/>\n\t<meta name=\"twitter:data3\" content=\"Mariama Correia\" \/>\n<script type=\"application\/ld+json\" class=\"yoast-schema-graph\">{\"@context\":\"https:\\\/\\\/schema.org\",\"@graph\":[{\"@type\":\"Article\",\"@id\":\"https:\\\/\\\/apublica.org\\\/impeachment-bolsonaro\\\/pedido-035\\\/#article\",\"isPartOf\":{\"@id\":\"https:\\\/\\\/apublica.org\\\/impeachment-bolsonaro\\\/pedido-035\\\/\"},\"author\":{\"name\":\"Mariama Correia\",\"@id\":\"https:\\\/\\\/apublica.org\\\/impeachment-bolsonaro\\\/#\\\/schema\\\/person\\\/8623a96115a50fbdb34c523c66189ee8\"},\"headline\":\"Pedido 0035\",\"datePublished\":\"2020-04-30T04:39:07+00:00\",\"dateModified\":\"2022-05-28T01:59:32+00:00\",\"mainEntityOfPage\":{\"@id\":\"https:\\\/\\\/apublica.org\\\/impeachment-bolsonaro\\\/pedido-035\\\/\"},\"wordCount\":374,\"image\":{\"@id\":\"https:\\\/\\\/apublica.org\\\/impeachment-bolsonaro\\\/pedido-035\\\/#primaryimage\"},\"thumbnailUrl\":\"https:\\\/\\\/i0.wp.com\\\/apublica.org\\\/impeachment-bolsonaro\\\/wp-content\\\/uploads\\\/2020\\\/05\\\/imagem-pedido-psd-molon-carolina-antunes-pr.png?fit=1530%2C856&ssl=1\",\"keywords\":[\"coronav\u00edrus\",\"imprensa\",\"improbidade administrativa\",\"Judici\u00e1rio\",\"Legislativo\",\"Pol\u00edcia Federal\"],\"inLanguage\":\"pt-BR\"},{\"@type\":\"WebPage\",\"@id\":\"https:\\\/\\\/apublica.org\\\/impeachment-bolsonaro\\\/pedido-035\\\/\",\"url\":\"https:\\\/\\\/apublica.org\\\/impeachment-bolsonaro\\\/pedido-035\\\/\",\"name\":\"Pedido 0035 - Os pedidos de impeachment de Bolsonaro\",\"isPartOf\":{\"@id\":\"https:\\\/\\\/apublica.org\\\/impeachment-bolsonaro\\\/#website\"},\"primaryImageOfPage\":{\"@id\":\"https:\\\/\\\/apublica.org\\\/impeachment-bolsonaro\\\/pedido-035\\\/#primaryimage\"},\"image\":{\"@id\":\"https:\\\/\\\/apublica.org\\\/impeachment-bolsonaro\\\/pedido-035\\\/#primaryimage\"},\"thumbnailUrl\":\"https:\\\/\\\/i0.wp.com\\\/apublica.org\\\/impeachment-bolsonaro\\\/wp-content\\\/uploads\\\/2020\\\/05\\\/imagem-pedido-psd-molon-carolina-antunes-pr.png?fit=1530%2C856&ssl=1\",\"datePublished\":\"2020-04-30T04:39:07+00:00\",\"dateModified\":\"2022-05-28T01:59:32+00:00\",\"author\":{\"@id\":\"https:\\\/\\\/apublica.org\\\/impeachment-bolsonaro\\\/#\\\/schema\\\/person\\\/8623a96115a50fbdb34c523c66189ee8\"},\"breadcrumb\":{\"@id\":\"https:\\\/\\\/apublica.org\\\/impeachment-bolsonaro\\\/pedido-035\\\/#breadcrumb\"},\"inLanguage\":\"pt-BR\",\"potentialAction\":[{\"@type\":\"ReadAction\",\"target\":[\"https:\\\/\\\/apublica.org\\\/impeachment-bolsonaro\\\/pedido-035\\\/\"]}]},{\"@type\":\"ImageObject\",\"inLanguage\":\"pt-BR\",\"@id\":\"https:\\\/\\\/apublica.org\\\/impeachment-bolsonaro\\\/pedido-035\\\/#primaryimage\",\"url\":\"https:\\\/\\\/i0.wp.com\\\/apublica.org\\\/impeachment-bolsonaro\\\/wp-content\\\/uploads\\\/2020\\\/05\\\/imagem-pedido-psd-molon-carolina-antunes-pr.png?fit=1530%2C856&ssl=1\",\"contentUrl\":\"https:\\\/\\\/i0.wp.com\\\/apublica.org\\\/impeachment-bolsonaro\\\/wp-content\\\/uploads\\\/2020\\\/05\\\/imagem-pedido-psd-molon-carolina-antunes-pr.png?fit=1530%2C856&ssl=1\",\"width\":1530,\"height\":856},{\"@type\":\"BreadcrumbList\",\"@id\":\"https:\\\/\\\/apublica.org\\\/impeachment-bolsonaro\\\/pedido-035\\\/#breadcrumb\",\"itemListElement\":[{\"@type\":\"ListItem\",\"position\":1,\"name\":\"In\u00edcio\",\"item\":\"https:\\\/\\\/apublica.org\\\/impeachment-bolsonaro\\\/\"},{\"@type\":\"ListItem\",\"position\":2,\"name\":\"Pedido 0035\"}]},{\"@type\":\"WebSite\",\"@id\":\"https:\\\/\\\/apublica.org\\\/impeachment-bolsonaro\\\/#website\",\"url\":\"https:\\\/\\\/apublica.org\\\/impeachment-bolsonaro\\\/\",\"name\":\"Os pedidos de impeachment de Bolsonaro\",\"description\":\"\",\"potentialAction\":[{\"@type\":\"SearchAction\",\"target\":{\"@type\":\"EntryPoint\",\"urlTemplate\":\"https:\\\/\\\/apublica.org\\\/impeachment-bolsonaro\\\/?s={search_term_string}\"},\"query-input\":{\"@type\":\"PropertyValueSpecification\",\"valueRequired\":true,\"valueName\":\"search_term_string\"}}],\"inLanguage\":\"pt-BR\"},{\"@type\":\"Person\",\"@id\":\"https:\\\/\\\/apublica.org\\\/impeachment-bolsonaro\\\/#\\\/schema\\\/person\\\/8623a96115a50fbdb34c523c66189ee8\",\"name\":\"Mariama Correia\",\"image\":{\"@type\":\"ImageObject\",\"inLanguage\":\"pt-BR\",\"@id\":\"https:\\\/\\\/secure.gravatar.com\\\/avatar\\\/d86967440835379aa59e7315cb6da864332a30c986d8ebe3bbbc2e0c439fdf92?s=96&d=mm&r=g2c50642425aec9747fc19244c0fa1a50\",\"url\":\"https:\\\/\\\/secure.gravatar.com\\\/avatar\\\/d86967440835379aa59e7315cb6da864332a30c986d8ebe3bbbc2e0c439fdf92?s=96&d=mm&r=g\",\"contentUrl\":\"https:\\\/\\\/secure.gravatar.com\\\/avatar\\\/d86967440835379aa59e7315cb6da864332a30c986d8ebe3bbbc2e0c439fdf92?s=96&d=mm&r=g\",\"caption\":\"Mariama Correia\"},\"description\":\"Jornalista formada pela Universidade Cat\u00f3lica de Pernambuco e p\u00f3s-graduada pela Universidade Federal de Pernambuco. Foi rep\u00f3rter do coletivo de jornalismo investigativo e independente Marco Zero Conte\u00fado e da editoria de Economia do jornal Folha de Pernambuco. J\u00e1 assinou mat\u00e9rias no The Intercept Brasil, em revistas da Editora Abril e em outras publica\u00e7\u00f5es. Participa do Atlas da Not\u00edcia, um mapeamento do jornalismo no Brasil, como pesquisadora do Nordeste.\",\"url\":\"https:\\\/\\\/apublica.org\\\/impeachment-bolsonaro\\\/author\\\/mariamacorreia\\\/\"}]}<\/script>\n<!-- \/ Yoast SEO plugin. -->","yoast_head_json":{"title":"Pedido 0035 - Os pedidos de impeachment de Bolsonaro","robots":{"index":"index","follow":"follow","max-snippet":"max-snippet:-1","max-image-preview":"max-image-preview:large","max-video-preview":"max-video-preview:-1"},"canonical":"https:\/\/apublica.org\/impeachment-bolsonaro\/pedido-035\/","og_locale":"pt_BR","og_type":"article","og_title":"Pedido 0035 - Os pedidos de impeachment de Bolsonaro","og_description":"A bancada do PSB na C\u00e2mara dos Deputados protocolou, no dia 29 de abril, um pedido de impeachment listando 11 crimes de responsabilidade que teriam sido cometidos pelo presidente Jair Bolsonaro (sem partido). A conduta do presidente no combate \u00e0 pandemia do novo coronav\u00edrus motivou a apresenta\u00e7\u00e3o do texto.&nbsp; Para os parlamentares, o presidente provocou","og_url":"https:\/\/apublica.org\/impeachment-bolsonaro\/pedido-035\/","og_site_name":"Os pedidos de impeachment de Bolsonaro","article_published_time":"2020-04-30T04:39:07+00:00","article_modified_time":"2022-05-28T01:59:32+00:00","og_image":[{"width":1530,"height":856,"url":"https:\/\/i0.wp.com\/apublica.org\/impeachment-bolsonaro\/wp-content\/uploads\/2020\/05\/imagem-pedido-psd-molon-carolina-antunes-pr.png?fit=1530%2C856&ssl=1","type":"image\/png"}],"author":"Mariama Correia","twitter_card":"summary_large_image","twitter_misc":{"Escrito por":"Mariama Correia","Est. tempo de leitura":"2 minutos","Written by":"Mariama Correia"},"schema":{"@context":"https:\/\/schema.org","@graph":[{"@type":"Article","@id":"https:\/\/apublica.org\/impeachment-bolsonaro\/pedido-035\/#article","isPartOf":{"@id":"https:\/\/apublica.org\/impeachment-bolsonaro\/pedido-035\/"},"author":{"name":"Mariama Correia","@id":"https:\/\/apublica.org\/impeachment-bolsonaro\/#\/schema\/person\/8623a96115a50fbdb34c523c66189ee8"},"headline":"Pedido 0035","datePublished":"2020-04-30T04:39:07+00:00","dateModified":"2022-05-28T01:59:32+00:00","mainEntityOfPage":{"@id":"https:\/\/apublica.org\/impeachment-bolsonaro\/pedido-035\/"},"wordCount":374,"image":{"@id":"https:\/\/apublica.org\/impeachment-bolsonaro\/pedido-035\/#primaryimage"},"thumbnailUrl":"https:\/\/i0.wp.com\/apublica.org\/impeachment-bolsonaro\/wp-content\/uploads\/2020\/05\/imagem-pedido-psd-molon-carolina-antunes-pr.png?fit=1530%2C856&ssl=1","keywords":["coronav\u00edrus","imprensa","improbidade administrativa","Judici\u00e1rio","Legislativo","Pol\u00edcia Federal"],"inLanguage":"pt-BR"},{"@type":"WebPage","@id":"https:\/\/apublica.org\/impeachment-bolsonaro\/pedido-035\/","url":"https:\/\/apublica.org\/impeachment-bolsonaro\/pedido-035\/","name":"Pedido 0035 - Os pedidos de impeachment de Bolsonaro","isPartOf":{"@id":"https:\/\/apublica.org\/impeachment-bolsonaro\/#website"},"primaryImageOfPage":{"@id":"https:\/\/apublica.org\/impeachment-bolsonaro\/pedido-035\/#primaryimage"},"image":{"@id":"https:\/\/apublica.org\/impeachment-bolsonaro\/pedido-035\/#primaryimage"},"thumbnailUrl":"https:\/\/i0.wp.com\/apublica.org\/impeachment-bolsonaro\/wp-content\/uploads\/2020\/05\/imagem-pedido-psd-molon-carolina-antunes-pr.png?fit=1530%2C856&ssl=1","datePublished":"2020-04-30T04:39:07+00:00","dateModified":"2022-05-28T01:59:32+00:00","author":{"@id":"https:\/\/apublica.org\/impeachment-bolsonaro\/#\/schema\/person\/8623a96115a50fbdb34c523c66189ee8"},"breadcrumb":{"@id":"https:\/\/apublica.org\/impeachment-bolsonaro\/pedido-035\/#breadcrumb"},"inLanguage":"pt-BR","potentialAction":[{"@type":"ReadAction","target":["https:\/\/apublica.org\/impeachment-bolsonaro\/pedido-035\/"]}]},{"@type":"ImageObject","inLanguage":"pt-BR","@id":"https:\/\/apublica.org\/impeachment-bolsonaro\/pedido-035\/#primaryimage","url":"https:\/\/i0.wp.com\/apublica.org\/impeachment-bolsonaro\/wp-content\/uploads\/2020\/05\/imagem-pedido-psd-molon-carolina-antunes-pr.png?fit=1530%2C856&ssl=1","contentUrl":"https:\/\/i0.wp.com\/apublica.org\/impeachment-bolsonaro\/wp-content\/uploads\/2020\/05\/imagem-pedido-psd-molon-carolina-antunes-pr.png?fit=1530%2C856&ssl=1","width":1530,"height":856},{"@type":"BreadcrumbList","@id":"https:\/\/apublica.org\/impeachment-bolsonaro\/pedido-035\/#breadcrumb","itemListElement":[{"@type":"ListItem","position":1,"name":"In\u00edcio","item":"https:\/\/apublica.org\/impeachment-bolsonaro\/"},{"@type":"ListItem","position":2,"name":"Pedido 0035"}]},{"@type":"WebSite","@id":"https:\/\/apublica.org\/impeachment-bolsonaro\/#website","url":"https:\/\/apublica.org\/impeachment-bolsonaro\/","name":"Os pedidos de impeachment de Bolsonaro","description":"","potentialAction":[{"@type":"SearchAction","target":{"@type":"EntryPoint","urlTemplate":"https:\/\/apublica.org\/impeachment-bolsonaro\/?s={search_term_string}"},"query-input":{"@type":"PropertyValueSpecification","valueRequired":true,"valueName":"search_term_string"}}],"inLanguage":"pt-BR"},{"@type":"Person","@id":"https:\/\/apublica.org\/impeachment-bolsonaro\/#\/schema\/person\/8623a96115a50fbdb34c523c66189ee8","name":"Mariama Correia","image":{"@type":"ImageObject","inLanguage":"pt-BR","@id":"https:\/\/secure.gravatar.com\/avatar\/d86967440835379aa59e7315cb6da864332a30c986d8ebe3bbbc2e0c439fdf92?s=96&d=mm&r=g2c50642425aec9747fc19244c0fa1a50","url":"https:\/\/secure.gravatar.com\/avatar\/d86967440835379aa59e7315cb6da864332a30c986d8ebe3bbbc2e0c439fdf92?s=96&d=mm&r=g","contentUrl":"https:\/\/secure.gravatar.com\/avatar\/d86967440835379aa59e7315cb6da864332a30c986d8ebe3bbbc2e0c439fdf92?s=96&d=mm&r=g","caption":"Mariama Correia"},"description":"Jornalista formada pela Universidade Cat\u00f3lica de Pernambuco e p\u00f3s-graduada pela Universidade Federal de Pernambuco. Foi rep\u00f3rter do coletivo de jornalismo investigativo e independente Marco Zero Conte\u00fado e da editoria de Economia do jornal Folha de Pernambuco. J\u00e1 assinou mat\u00e9rias no The Intercept Brasil, em revistas da Editora Abril e em outras publica\u00e7\u00f5es. Participa do Atlas da Not\u00edcia, um mapeamento do jornalismo no Brasil, como pesquisadora do Nordeste.","url":"https:\/\/apublica.org\/impeachment-bolsonaro\/author\/mariamacorreia\/"}]}},"jetpack_featured_media_url":"https:\/\/i0.wp.com\/apublica.org\/impeachment-bolsonaro\/wp-content\/uploads\/2020\/05\/imagem-pedido-psd-molon-carolina-antunes-pr.png?fit=1530%2C856&ssl=1","jetpack_sharing_enabled":true,"_links":{"self":[{"href":"https:\/\/apublica.org\/impeachment-bolsonaro\/wp-json\/wp\/v2\/posts\/2779","targetHints":{"allow":["GET"]}}],"collection":[{"href":"https:\/\/apublica.org\/impeachment-bolsonaro\/wp-json\/wp\/v2\/posts"}],"about":[{"href":"https:\/\/apublica.org\/impeachment-bolsonaro\/wp-json\/wp\/v2\/types\/post"}],"author":[{"embeddable":true,"href":"https:\/\/apublica.org\/impeachment-bolsonaro\/wp-json\/wp\/v2\/users\/24"}],"replies":[{"embeddable":true,"href":"https:\/\/apublica.org\/impeachment-bolsonaro\/wp-json\/wp\/v2\/comments?post=2779"}],"version-history":[{"count":1,"href":"https:\/\/apublica.org\/impeachment-bolsonaro\/wp-json\/wp\/v2\/posts\/2779\/revisions"}],"predecessor-version":[{"id":3392,"href":"https:\/\/apublica.org\/impeachment-bolsonaro\/wp-json\/wp\/v2\/posts\/2779\/revisions\/3392"}],"wp:featuredmedia":[{"embeddable":true,"href":"https:\/\/apublica.org\/impeachment-bolsonaro\/wp-json\/wp\/v2\/media\/205"}],"wp:attachment":[{"href":"https:\/\/apublica.org\/impeachment-bolsonaro\/wp-json\/wp\/v2\/media?parent=2779"}],"wp:term":[{"taxonomy":"category","embeddable":true,"href":"https:\/\/apublica.org\/impeachment-bolsonaro\/wp-json\/wp\/v2\/categories?post=2779"},{"taxonomy":"post_tag","embeddable":true,"href":"https:\/\/apublica.org\/impeachment-bolsonaro\/wp-json\/wp\/v2\/tags?post=2779"},{"taxonomy":"author","embeddable":true,"href":"https:\/\/apublica.org\/impeachment-bolsonaro\/wp-json\/wp\/v2\/coauthors?post=2779"}],"curies":[{"name":"wp","href":"https:\/\/api.w.org\/{rel}","templated":true}]}}