{"id":2780,"date":"2020-04-01T03:00:00","date_gmt":"2020-04-01T06:00:00","guid":{"rendered":"https:\/\/apublica.org\/impeachment-bolsonaro.new\/pedido-022\/"},"modified":"2022-05-27T22:59:37","modified_gmt":"2022-05-28T01:59:37","slug":"pedido-022","status":"publish","type":"post","link":"https:\/\/apublica.org\/impeachment-bolsonaro\/pedido-022\/","title":{"rendered":"Pedido 0022"},"content":{"rendered":"\n<p>O pedido de impeachment apresentado por Andr\u00e9 Luiz Moura de Oliveira alega que o presidente Jair Bolsonaro procedeu de modo \u201cincompat\u00edvel com a dignidade, a honra e o decoro do cargo\u201d ao atacar a jornalista Patr\u00edcia Campos Mello, da Folha de S Paulo. Cita tamb\u00e9m o apoio do presidente a manifesta\u00e7\u00f5es contr\u00e1rias ao Congresso e STF e afirma que ele foi \u201cirrespons\u00e1vel\u201d no tratamento da pandemia de COVID-19. <\/p>\n\n\n\n<p>Depois, trata do incentivo e participa\u00e7\u00e3o de Bolsonaro nas manifesta\u00e7\u00f5es de 15 de mar\u00e7o de 2020. O presidente, por meio de \u00e1udios e v\u00eddeos, teria convocado seus seguidores a participar de um ato abertamente contra o Congresso e o STF, crime previsto no Art.4, inciso II, da Constitui\u00e7\u00e3o.\u201cE ele [Bolsonaro] supostamente alegando que pedira para que n\u00e3o ocorressem as manifesta\u00e7\u00f5es, mas pedindo apoio pol\u00edtico a ele, sem se preocupar com a sa\u00fade p\u00fablica\u201d, diz o documento. <\/p>\n\n\n\n<p>Outro ponto citado \u00e9 o discurso do presidente no dia 7 de mar\u00e7o em Boa Vista (RR) \u00e0 plateia de militares, onde teria feito \u201cmanifesta\u00e7\u00e3o ampla e irrestrita para o ato de fechamento dos Congresso e STF e o apoio a uma ditadura militar\u201d. <\/p>\n\n\n\n<p>Por fim, ao tratar da crise de sa\u00fade p\u00fablica gerada pelo COVID-19, o pedido chama Jair Bolsonaro de \u201cirrespons\u00e1vel\u201d ao desrespeitar o isolamento social e \u201cabra\u00e7ar pessoas e apertar as m\u00e3os de simpatizantes\u201d no dia 15 de mar\u00e7o. Assim, Jair Bolsonaro teria cometido delito previsto no Art. 268 do C\u00f3digo Penal.  <\/p>\n\n\n\n<p>Testemunhas a serem chamadas se o pedido for acatado: Patr\u00edcia Campos Mello, rep\u00f3rter da Folha de S. Paulo, Rep\u00f3rter correspondente da Folha de S. Paulo em Boa Vista-RR, Deputado Alexandre Frota (PSDB-SP), Reynaldo Turullo Jr, jornalista da sucursal da Folha de S. Paulo em Bras\u00edlia.<\/p>\n","protected":false},"excerpt":{"rendered":"<p>O pedido de impeachment apresentado por Andr\u00e9 Luiz Moura de Oliveira alega que o presidente Jair Bolsonaro procedeu de modo \u201cincompat\u00edvel com a dignidade, a honra e o decoro do cargo\u201d ao atacar a jornalista Patr\u00edcia Campos Mello, da Folha de S Paulo. Cita tamb\u00e9m o apoio do presidente a manifesta\u00e7\u00f5es contr\u00e1rias ao Congresso e<\/p>\n","protected":false},"author":29,"featured_media":131,"comment_status":"closed","ping_status":"closed","sticky":false,"template":"","format":"standard","meta":{"_acf_changed":false,"_jetpack_memberships_contains_paid_content":false,"footnotes":""},"categories":[1],"tags":[12,10,30,2,5],"coauthors":[],"class_list":["post-2780","post","type-post","status-publish","format-standard","has-post-thumbnail","hentry","category-sem-categoria","tag-coronavirus","tag-imprensa","tag-machismo","tag-manifestacoes-antidemocraticas","tag-quebra-de-decoro"],"acf":[],"yoast_head":"<!-- This site is optimized with the Yoast SEO plugin v27.4 - https:\/\/yoast.com\/product\/yoast-seo-wordpress\/ -->\n<title>Funcion\u00e1rio p\u00fablico entra com pedido de impeachment contra Bolsonaro<\/title>\n<meta name=\"robots\" content=\"index, follow, max-snippet:-1, max-image-preview:large, max-video-preview:-1\" \/>\n<link rel=\"canonical\" href=\"https:\/\/apublica.org\/impeachment-bolsonaro\/pedido-022\/\" \/>\n<meta property=\"og:locale\" content=\"pt_BR\" \/>\n<meta property=\"og:type\" content=\"article\" \/>\n<meta property=\"og:title\" content=\"&quot;Um cidad\u00e3o \u2018invis\u00edvel\u2019 tamb\u00e9m pode contribuir&quot;, diz funcion\u00e1rio p\u00fablico que redigiu impeachment de Bolsonaro\" \/>\n<meta property=\"og:description\" content=\"O pedido de impeachment apresentado por Andr\u00e9 Luiz Moura de Oliveira alega que o presidente Jair Bolsonaro procedeu de modo \u201cincompat\u00edvel com a dignidade, a honra e o decoro do cargo\u201d ao atacar a jornalista Patr\u00edcia Campos Mello, da Folha de S Paulo. Cita tamb\u00e9m o apoio do presidente a manifesta\u00e7\u00f5es contr\u00e1rias ao Congresso e\" \/>\n<meta property=\"og:url\" content=\"https:\/\/apublica.org\/impeachment-bolsonaro\/pedido-022\/\" \/>\n<meta property=\"og:site_name\" content=\"Os pedidos de impeachment de Bolsonaro\" \/>\n<meta property=\"article:published_time\" content=\"2020-04-01T06:00:00+00:00\" \/>\n<meta property=\"article:modified_time\" content=\"2022-05-28T01:59:37+00:00\" \/>\n<meta property=\"og:image\" content=\"https:\/\/apublica.org\/impeachment-bolsonaro.new\/wp-content\/uploads\/2020\/04\/thumb-facebook-19.png\" \/>\n<meta name=\"author\" content=\"Laura Scofield\" \/>\n<meta name=\"twitter:card\" content=\"summary_large_image\" \/>\n<meta name=\"twitter:title\" content=\"&quot;Um cidad\u00e3o \u2018invis\u00edvel\u2019 tamb\u00e9m pode contribuir&quot;, diz funcion\u00e1rio p\u00fablico que redigiu impeachment de Bolsonaro\" \/>\n<meta name=\"twitter:image\" content=\"https:\/\/apublica.org\/impeachment-bolsonaro.new\/wp-content\/uploads\/2020\/04\/thumb-twitter-19.png\" \/>\n<meta name=\"twitter:label1\" content=\"Escrito por\" \/>\n\t<meta name=\"twitter:data1\" content=\"Laura Scofield\" \/>\n\t<meta name=\"twitter:label2\" content=\"Est. tempo de leitura\" \/>\n\t<meta name=\"twitter:data2\" content=\"2 minutos\" \/>\n\t<meta name=\"twitter:label3\" content=\"Written by\" \/>\n\t<meta name=\"twitter:data3\" content=\"Laura Scofield\" \/>\n<script type=\"application\/ld+json\" class=\"yoast-schema-graph\">{\"@context\":\"https:\\\/\\\/schema.org\",\"@graph\":[{\"@type\":\"Article\",\"@id\":\"https:\\\/\\\/apublica.org\\\/impeachment-bolsonaro\\\/pedido-022\\\/#article\",\"isPartOf\":{\"@id\":\"https:\\\/\\\/apublica.org\\\/impeachment-bolsonaro\\\/pedido-022\\\/\"},\"author\":{\"name\":\"Laura Scofield\",\"@id\":\"https:\\\/\\\/apublica.org\\\/impeachment-bolsonaro\\\/#\\\/schema\\\/person\\\/16aad31613529a99d0796d173eb2b2f7\"},\"headline\":\"Pedido 0022\",\"datePublished\":\"2020-04-01T06:00:00+00:00\",\"dateModified\":\"2022-05-28T01:59:37+00:00\",\"mainEntityOfPage\":{\"@id\":\"https:\\\/\\\/apublica.org\\\/impeachment-bolsonaro\\\/pedido-022\\\/\"},\"wordCount\":308,\"image\":{\"@id\":\"https:\\\/\\\/apublica.org\\\/impeachment-bolsonaro\\\/pedido-022\\\/#primaryimage\"},\"thumbnailUrl\":\"https:\\\/\\\/i0.wp.com\\\/apublica.org\\\/impeachment-bolsonaro\\\/wp-content\\\/uploads\\\/2020\\\/05\\\/imagem-pedido-andre-luiz-moura-de-oliveira-foto-jose-cruz-agencia-brasil-e1590957954483.jpg?fit=1248%2C457&ssl=1\",\"keywords\":[\"coronav\u00edrus\",\"imprensa\",\"machismo\",\"manifesta\u00e7\u00f5es antidemocr\u00e1ticas\",\"quebra de decoro\"],\"inLanguage\":\"pt-BR\"},{\"@type\":\"WebPage\",\"@id\":\"https:\\\/\\\/apublica.org\\\/impeachment-bolsonaro\\\/pedido-022\\\/\",\"url\":\"https:\\\/\\\/apublica.org\\\/impeachment-bolsonaro\\\/pedido-022\\\/\",\"name\":\"Funcion\u00e1rio p\u00fablico entra com pedido de impeachment contra Bolsonaro\",\"isPartOf\":{\"@id\":\"https:\\\/\\\/apublica.org\\\/impeachment-bolsonaro\\\/#website\"},\"primaryImageOfPage\":{\"@id\":\"https:\\\/\\\/apublica.org\\\/impeachment-bolsonaro\\\/pedido-022\\\/#primaryimage\"},\"image\":{\"@id\":\"https:\\\/\\\/apublica.org\\\/impeachment-bolsonaro\\\/pedido-022\\\/#primaryimage\"},\"thumbnailUrl\":\"https:\\\/\\\/i0.wp.com\\\/apublica.org\\\/impeachment-bolsonaro\\\/wp-content\\\/uploads\\\/2020\\\/05\\\/imagem-pedido-andre-luiz-moura-de-oliveira-foto-jose-cruz-agencia-brasil-e1590957954483.jpg?fit=1248%2C457&ssl=1\",\"datePublished\":\"2020-04-01T06:00:00+00:00\",\"dateModified\":\"2022-05-28T01:59:37+00:00\",\"author\":{\"@id\":\"https:\\\/\\\/apublica.org\\\/impeachment-bolsonaro\\\/#\\\/schema\\\/person\\\/16aad31613529a99d0796d173eb2b2f7\"},\"breadcrumb\":{\"@id\":\"https:\\\/\\\/apublica.org\\\/impeachment-bolsonaro\\\/pedido-022\\\/#breadcrumb\"},\"inLanguage\":\"pt-BR\",\"potentialAction\":[{\"@type\":\"ReadAction\",\"target\":[\"https:\\\/\\\/apublica.org\\\/impeachment-bolsonaro\\\/pedido-022\\\/\"]}]},{\"@type\":\"ImageObject\",\"inLanguage\":\"pt-BR\",\"@id\":\"https:\\\/\\\/apublica.org\\\/impeachment-bolsonaro\\\/pedido-022\\\/#primaryimage\",\"url\":\"https:\\\/\\\/i0.wp.com\\\/apublica.org\\\/impeachment-bolsonaro\\\/wp-content\\\/uploads\\\/2020\\\/05\\\/imagem-pedido-andre-luiz-moura-de-oliveira-foto-jose-cruz-agencia-brasil-e1590957954483.jpg?fit=1248%2C457&ssl=1\",\"contentUrl\":\"https:\\\/\\\/i0.wp.com\\\/apublica.org\\\/impeachment-bolsonaro\\\/wp-content\\\/uploads\\\/2020\\\/05\\\/imagem-pedido-andre-luiz-moura-de-oliveira-foto-jose-cruz-agencia-brasil-e1590957954483.jpg?fit=1248%2C457&ssl=1\",\"width\":1248,\"height\":457,\"caption\":\"Foto: Jos\u00e9 Cruz\\\/Ag\u00eancia Brasil\"},{\"@type\":\"BreadcrumbList\",\"@id\":\"https:\\\/\\\/apublica.org\\\/impeachment-bolsonaro\\\/pedido-022\\\/#breadcrumb\",\"itemListElement\":[{\"@type\":\"ListItem\",\"position\":1,\"name\":\"In\u00edcio\",\"item\":\"https:\\\/\\\/apublica.org\\\/impeachment-bolsonaro\\\/\"},{\"@type\":\"ListItem\",\"position\":2,\"name\":\"Pedido 0022\"}]},{\"@type\":\"WebSite\",\"@id\":\"https:\\\/\\\/apublica.org\\\/impeachment-bolsonaro\\\/#website\",\"url\":\"https:\\\/\\\/apublica.org\\\/impeachment-bolsonaro\\\/\",\"name\":\"Os pedidos de impeachment de Bolsonaro\",\"description\":\"\",\"potentialAction\":[{\"@type\":\"SearchAction\",\"target\":{\"@type\":\"EntryPoint\",\"urlTemplate\":\"https:\\\/\\\/apublica.org\\\/impeachment-bolsonaro\\\/?s={search_term_string}\"},\"query-input\":{\"@type\":\"PropertyValueSpecification\",\"valueRequired\":true,\"valueName\":\"search_term_string\"}}],\"inLanguage\":\"pt-BR\"},{\"@type\":\"Person\",\"@id\":\"https:\\\/\\\/apublica.org\\\/impeachment-bolsonaro\\\/#\\\/schema\\\/person\\\/16aad31613529a99d0796d173eb2b2f7\",\"name\":\"Laura Scofield\",\"image\":{\"@type\":\"ImageObject\",\"inLanguage\":\"pt-BR\",\"@id\":\"https:\\\/\\\/secure.gravatar.com\\\/avatar\\\/d1b96b430079847bc46acd129c4c10a79b053ccd4da6177e0ac83288aba8f24a?s=96&d=mm&r=g9a4c765220b5e2dfef2f7002b37fa836\",\"url\":\"https:\\\/\\\/secure.gravatar.com\\\/avatar\\\/d1b96b430079847bc46acd129c4c10a79b053ccd4da6177e0ac83288aba8f24a?s=96&d=mm&r=g\",\"contentUrl\":\"https:\\\/\\\/secure.gravatar.com\\\/avatar\\\/d1b96b430079847bc46acd129c4c10a79b053ccd4da6177e0ac83288aba8f24a?s=96&d=mm&r=g\",\"caption\":\"Laura Scofield\"},\"description\":\"Jornalista formada pela Escola de Comunica\u00e7\u00f5es e Artes da Universidade de S\u00e3o Paulo (ECA-USP) com pesquisa sobre migra\u00e7\u00e3o indocumentada de brasileiros para os Estados Unidos. Colabora com a OBOR\u00c9 Projetos Especiais e \u00e9 ex-diretora de cultura da Jornalismo J\u00fanior. Come\u00e7ou na Ag\u00eancia P\u00fablica em mar\u00e7o de 2020 como estagi\u00e1ria de reda\u00e7\u00e3o do n\u00facleo de pol\u00edtica e redes sociais e desde janeiro de 2022 \u00e9 rep\u00f3rter do n\u00facleo de clima. Trabalhos premiados pelo Pr\u00eamio Intercom Sudeste 2021 e 12\u00ba Pr\u00eamio Jovem Jornalista Fernando Pacheco Jord\u00e3o 2020.\",\"url\":\"https:\\\/\\\/apublica.org\\\/impeachment-bolsonaro\\\/author\\\/laurascofield\\\/\"}]}<\/script>\n<!-- \/ Yoast SEO plugin. -->","yoast_head_json":{"title":"Funcion\u00e1rio p\u00fablico entra com pedido de impeachment contra Bolsonaro","robots":{"index":"index","follow":"follow","max-snippet":"max-snippet:-1","max-image-preview":"max-image-preview:large","max-video-preview":"max-video-preview:-1"},"canonical":"https:\/\/apublica.org\/impeachment-bolsonaro\/pedido-022\/","og_locale":"pt_BR","og_type":"article","og_title":"\"Um cidad\u00e3o \u2018invis\u00edvel\u2019 tamb\u00e9m pode contribuir\", diz funcion\u00e1rio p\u00fablico que redigiu impeachment de Bolsonaro","og_description":"O pedido de impeachment apresentado por Andr\u00e9 Luiz Moura de Oliveira alega que o presidente Jair Bolsonaro procedeu de modo \u201cincompat\u00edvel com a dignidade, a honra e o decoro do cargo\u201d ao atacar a jornalista Patr\u00edcia Campos Mello, da Folha de S Paulo. Cita tamb\u00e9m o apoio do presidente a manifesta\u00e7\u00f5es contr\u00e1rias ao Congresso e","og_url":"https:\/\/apublica.org\/impeachment-bolsonaro\/pedido-022\/","og_site_name":"Os pedidos de impeachment de Bolsonaro","article_published_time":"2020-04-01T06:00:00+00:00","article_modified_time":"2022-05-28T01:59:37+00:00","og_image":[{"url":"https:\/\/apublica.org\/impeachment-bolsonaro.new\/wp-content\/uploads\/2020\/04\/thumb-facebook-19.png","type":"","width":"","height":""}],"author":"Laura Scofield","twitter_card":"summary_large_image","twitter_title":"\"Um cidad\u00e3o \u2018invis\u00edvel\u2019 tamb\u00e9m pode contribuir\", diz funcion\u00e1rio p\u00fablico que redigiu impeachment de Bolsonaro","twitter_image":"https:\/\/apublica.org\/impeachment-bolsonaro.new\/wp-content\/uploads\/2020\/04\/thumb-twitter-19.png","twitter_misc":{"Escrito por":"Laura Scofield","Est. tempo de leitura":"2 minutos","Written by":"Laura Scofield"},"schema":{"@context":"https:\/\/schema.org","@graph":[{"@type":"Article","@id":"https:\/\/apublica.org\/impeachment-bolsonaro\/pedido-022\/#article","isPartOf":{"@id":"https:\/\/apublica.org\/impeachment-bolsonaro\/pedido-022\/"},"author":{"name":"Laura Scofield","@id":"https:\/\/apublica.org\/impeachment-bolsonaro\/#\/schema\/person\/16aad31613529a99d0796d173eb2b2f7"},"headline":"Pedido 0022","datePublished":"2020-04-01T06:00:00+00:00","dateModified":"2022-05-28T01:59:37+00:00","mainEntityOfPage":{"@id":"https:\/\/apublica.org\/impeachment-bolsonaro\/pedido-022\/"},"wordCount":308,"image":{"@id":"https:\/\/apublica.org\/impeachment-bolsonaro\/pedido-022\/#primaryimage"},"thumbnailUrl":"https:\/\/i0.wp.com\/apublica.org\/impeachment-bolsonaro\/wp-content\/uploads\/2020\/05\/imagem-pedido-andre-luiz-moura-de-oliveira-foto-jose-cruz-agencia-brasil-e1590957954483.jpg?fit=1248%2C457&ssl=1","keywords":["coronav\u00edrus","imprensa","machismo","manifesta\u00e7\u00f5es antidemocr\u00e1ticas","quebra de decoro"],"inLanguage":"pt-BR"},{"@type":"WebPage","@id":"https:\/\/apublica.org\/impeachment-bolsonaro\/pedido-022\/","url":"https:\/\/apublica.org\/impeachment-bolsonaro\/pedido-022\/","name":"Funcion\u00e1rio p\u00fablico entra com pedido de impeachment contra Bolsonaro","isPartOf":{"@id":"https:\/\/apublica.org\/impeachment-bolsonaro\/#website"},"primaryImageOfPage":{"@id":"https:\/\/apublica.org\/impeachment-bolsonaro\/pedido-022\/#primaryimage"},"image":{"@id":"https:\/\/apublica.org\/impeachment-bolsonaro\/pedido-022\/#primaryimage"},"thumbnailUrl":"https:\/\/i0.wp.com\/apublica.org\/impeachment-bolsonaro\/wp-content\/uploads\/2020\/05\/imagem-pedido-andre-luiz-moura-de-oliveira-foto-jose-cruz-agencia-brasil-e1590957954483.jpg?fit=1248%2C457&ssl=1","datePublished":"2020-04-01T06:00:00+00:00","dateModified":"2022-05-28T01:59:37+00:00","author":{"@id":"https:\/\/apublica.org\/impeachment-bolsonaro\/#\/schema\/person\/16aad31613529a99d0796d173eb2b2f7"},"breadcrumb":{"@id":"https:\/\/apublica.org\/impeachment-bolsonaro\/pedido-022\/#breadcrumb"},"inLanguage":"pt-BR","potentialAction":[{"@type":"ReadAction","target":["https:\/\/apublica.org\/impeachment-bolsonaro\/pedido-022\/"]}]},{"@type":"ImageObject","inLanguage":"pt-BR","@id":"https:\/\/apublica.org\/impeachment-bolsonaro\/pedido-022\/#primaryimage","url":"https:\/\/i0.wp.com\/apublica.org\/impeachment-bolsonaro\/wp-content\/uploads\/2020\/05\/imagem-pedido-andre-luiz-moura-de-oliveira-foto-jose-cruz-agencia-brasil-e1590957954483.jpg?fit=1248%2C457&ssl=1","contentUrl":"https:\/\/i0.wp.com\/apublica.org\/impeachment-bolsonaro\/wp-content\/uploads\/2020\/05\/imagem-pedido-andre-luiz-moura-de-oliveira-foto-jose-cruz-agencia-brasil-e1590957954483.jpg?fit=1248%2C457&ssl=1","width":1248,"height":457,"caption":"Foto: Jos\u00e9 Cruz\/Ag\u00eancia Brasil"},{"@type":"BreadcrumbList","@id":"https:\/\/apublica.org\/impeachment-bolsonaro\/pedido-022\/#breadcrumb","itemListElement":[{"@type":"ListItem","position":1,"name":"In\u00edcio","item":"https:\/\/apublica.org\/impeachment-bolsonaro\/"},{"@type":"ListItem","position":2,"name":"Pedido 0022"}]},{"@type":"WebSite","@id":"https:\/\/apublica.org\/impeachment-bolsonaro\/#website","url":"https:\/\/apublica.org\/impeachment-bolsonaro\/","name":"Os pedidos de impeachment de Bolsonaro","description":"","potentialAction":[{"@type":"SearchAction","target":{"@type":"EntryPoint","urlTemplate":"https:\/\/apublica.org\/impeachment-bolsonaro\/?s={search_term_string}"},"query-input":{"@type":"PropertyValueSpecification","valueRequired":true,"valueName":"search_term_string"}}],"inLanguage":"pt-BR"},{"@type":"Person","@id":"https:\/\/apublica.org\/impeachment-bolsonaro\/#\/schema\/person\/16aad31613529a99d0796d173eb2b2f7","name":"Laura Scofield","image":{"@type":"ImageObject","inLanguage":"pt-BR","@id":"https:\/\/secure.gravatar.com\/avatar\/d1b96b430079847bc46acd129c4c10a79b053ccd4da6177e0ac83288aba8f24a?s=96&d=mm&r=g9a4c765220b5e2dfef2f7002b37fa836","url":"https:\/\/secure.gravatar.com\/avatar\/d1b96b430079847bc46acd129c4c10a79b053ccd4da6177e0ac83288aba8f24a?s=96&d=mm&r=g","contentUrl":"https:\/\/secure.gravatar.com\/avatar\/d1b96b430079847bc46acd129c4c10a79b053ccd4da6177e0ac83288aba8f24a?s=96&d=mm&r=g","caption":"Laura Scofield"},"description":"Jornalista formada pela Escola de Comunica\u00e7\u00f5es e Artes da Universidade de S\u00e3o Paulo (ECA-USP) com pesquisa sobre migra\u00e7\u00e3o indocumentada de brasileiros para os Estados Unidos. Colabora com a OBOR\u00c9 Projetos Especiais e \u00e9 ex-diretora de cultura da Jornalismo J\u00fanior. Come\u00e7ou na Ag\u00eancia P\u00fablica em mar\u00e7o de 2020 como estagi\u00e1ria de reda\u00e7\u00e3o do n\u00facleo de pol\u00edtica e redes sociais e desde janeiro de 2022 \u00e9 rep\u00f3rter do n\u00facleo de clima. Trabalhos premiados pelo Pr\u00eamio Intercom Sudeste 2021 e 12\u00ba Pr\u00eamio Jovem Jornalista Fernando Pacheco Jord\u00e3o 2020.","url":"https:\/\/apublica.org\/impeachment-bolsonaro\/author\/laurascofield\/"}]}},"jetpack_featured_media_url":"https:\/\/i0.wp.com\/apublica.org\/impeachment-bolsonaro\/wp-content\/uploads\/2020\/05\/imagem-pedido-andre-luiz-moura-de-oliveira-foto-jose-cruz-agencia-brasil-e1590957954483.jpg?fit=1248%2C457&ssl=1","jetpack_sharing_enabled":true,"_links":{"self":[{"href":"https:\/\/apublica.org\/impeachment-bolsonaro\/wp-json\/wp\/v2\/posts\/2780","targetHints":{"allow":["GET"]}}],"collection":[{"href":"https:\/\/apublica.org\/impeachment-bolsonaro\/wp-json\/wp\/v2\/posts"}],"about":[{"href":"https:\/\/apublica.org\/impeachment-bolsonaro\/wp-json\/wp\/v2\/types\/post"}],"author":[{"embeddable":true,"href":"https:\/\/apublica.org\/impeachment-bolsonaro\/wp-json\/wp\/v2\/users\/29"}],"replies":[{"embeddable":true,"href":"https:\/\/apublica.org\/impeachment-bolsonaro\/wp-json\/wp\/v2\/comments?post=2780"}],"version-history":[{"count":1,"href":"https:\/\/apublica.org\/impeachment-bolsonaro\/wp-json\/wp\/v2\/posts\/2780\/revisions"}],"predecessor-version":[{"id":3405,"href":"https:\/\/apublica.org\/impeachment-bolsonaro\/wp-json\/wp\/v2\/posts\/2780\/revisions\/3405"}],"wp:featuredmedia":[{"embeddable":true,"href":"https:\/\/apublica.org\/impeachment-bolsonaro\/wp-json\/wp\/v2\/media\/131"}],"wp:attachment":[{"href":"https:\/\/apublica.org\/impeachment-bolsonaro\/wp-json\/wp\/v2\/media?parent=2780"}],"wp:term":[{"taxonomy":"category","embeddable":true,"href":"https:\/\/apublica.org\/impeachment-bolsonaro\/wp-json\/wp\/v2\/categories?post=2780"},{"taxonomy":"post_tag","embeddable":true,"href":"https:\/\/apublica.org\/impeachment-bolsonaro\/wp-json\/wp\/v2\/tags?post=2780"},{"taxonomy":"author","embeddable":true,"href":"https:\/\/apublica.org\/impeachment-bolsonaro\/wp-json\/wp\/v2\/coauthors?post=2780"}],"curies":[{"name":"wp","href":"https:\/\/api.w.org\/{rel}","templated":true}]}}