{"id":2781,"date":"2020-03-25T13:44:00","date_gmt":"2020-03-25T16:44:00","guid":{"rendered":"https:\/\/apublica.org\/impeachment-bolsonaro.new\/pedido-020\/"},"modified":"2022-05-27T22:59:42","modified_gmt":"2022-05-28T01:59:42","slug":"pedido-020","status":"publish","type":"post","link":"https:\/\/apublica.org\/impeachment-bolsonaro\/pedido-020\/","title":{"rendered":"Pedido 0020"},"content":{"rendered":"\n<p>O pedido de impeachment apresentado por Paulo Iotti apresenta tr\u00eas crimes de responsabilidade: agir contra \u201ca dignidade, a honra e o decoro\u201d do cargo (artigo 9\u00ba da Lei n\u00ba 1.079\/50); \u201catentar contra direitos e garantias fundamentais\u201d (artigo 7o da Lei n\u00ba 1.079\/50); e \u201cn\u00e3o tomar a responsabilidade de subordinados\u201d (artigo 9o da Lei n\u00ba 1.079\/50).<\/p>\n\n\n\n<p>Para exemplificar os crimes contra a dignidade, honra e decoro que Bolsonaro estaria cometendo \u201ccom regularidade impressionante e assustadora\u201d a pe\u00e7a cita a \u201ceterna guerra pol\u00edtica com a sociedade civil e poderes\u201d; tentativa \u201cnepotista\u201d de indicar Eduardo Bolsonaro como embaixador dos Estados Unidos; afirma\u00e7\u00e3o de um fato para depois neg\u00e1-lo; postura quanto ao Dia do Fogo; interfer\u00eancia no funcionamento da Receita Federal; cortes do Bolsa-Fam\u00edlia em estados nordestinos; rea\u00e7\u00e3o aos \u201cincidentes com \u00f3leo\u201d na costa nordestina; e outros.<\/p>\n\n\n\n<p>J\u00e1 os \u201cataques\u201d \u00e0 m\u00eddia, Poderes Legislativo e Judici\u00e1rio, governadores e prefeitos, al\u00e9m de \u201capologias \u00e0 Ditadura Militar\u201d, configurariam atentados contra direitos e garantias previstos na Constitui\u00e7\u00e3o. Nesse ponto, acrescenta-se tamb\u00e9m o \u201ccorte de verbas para pol\u00edticas de combate \u00e0 viol\u00eancia contra a mulher\u201d e o \u201ccorte das ag\u00eancias do INSS\u201d.&nbsp;<\/p>\n\n\n\n<p>Quanto ao crime remetente \u00e0 tomar responsabilidade por seus subordinados, a pe\u00e7a pontua principalmente que Bolsonaro n\u00e3o repreendeu Weintraub por copiar \u201cum discurso nazista\u201d.<\/p>\n\n\n\n<p>O documento tamb\u00e9m apresenta crimes comuns que teriam sido cometidos por Bolsonaro, tanto em rela\u00e7\u00e3o \u00e0 sua \u201cpostura de irrespons\u00e1vel in\u00e9pcia\u201d na condu\u00e7\u00e3o da pandemia de Coronav\u00edrus; quanto \u00e0 discrimina\u00e7\u00e3o e preconceito relacionado a pessoas negras, homossexuais, portadores de doen\u00e7as e de diferentes etnias, crime definido no Art. 20 da Lei n\u00ba 7716\/89.<\/p>\n\n\n\n<p>Ao tratar especificamente da pandemia de COVID-19, Paulo cita os artigos 132 e 268 do C\u00f3digo Penal, que definem os crimes de \u201cde expor a vida ou a sa\u00fade de outras pessoas a perigo\u201d e \u201cinfringir determina\u00e7\u00e3o do Poder P\u00fablico destinada a prevenir a introdu\u00e7\u00e3o ou dissemina\u00e7\u00e3o de doen\u00e7a contagiosa\u201d. Destaca a declara\u00e7\u00e3o \u201cat\u00e9cnica e irrespons\u00e1vel\u201d de Bolsonaro em pronunciamento no dia 24 de mar\u00e7o, onde ele incitaria a popula\u00e7\u00e3o a agir contras as indica\u00e7\u00f5es de autoridades sanit\u00e1rias e acusaria governadores e imprensa de mentirem \u00e0 popula\u00e7\u00e3o.<\/p>\n","protected":false},"excerpt":{"rendered":"<p>O pedido de impeachment apresentado por Paulo Iotti apresenta tr\u00eas crimes de responsabilidade: agir contra \u201ca dignidade, a honra e o decoro\u201d do cargo (artigo 9\u00ba da Lei n\u00ba 1.079\/50); \u201catentar contra direitos e garantias fundamentais\u201d (artigo 7o da Lei n\u00ba 1.079\/50); e \u201cn\u00e3o tomar a responsabilidade de subordinados\u201d (artigo 9o da Lei n\u00ba 1.079\/50).<\/p>\n","protected":false},"author":29,"featured_media":204,"comment_status":"closed","ping_status":"closed","sticky":false,"template":"","format":"standard","meta":{"_acf_changed":false,"_jetpack_memberships_contains_paid_content":false,"footnotes":""},"categories":[1],"tags":[28,12,11,47,23,27,26,2,9,5,3],"coauthors":[],"class_list":["post-2781","post","type-post","status-publish","format-standard","has-post-thumbnail","hentry","category-sem-categoria","tag-congresso-nacional","tag-coronavirus","tag-ditadura-militar","tag-genocidio","tag-homofobia","tag-judiciario","tag-legislativo","tag-manifestacoes-antidemocraticas","tag-povos-indigenas","tag-quebra-de-decoro","tag-racismo"],"acf":[],"yoast_head":"<!-- This site is optimized with the Yoast SEO plugin v27.4 - https:\/\/yoast.com\/product\/yoast-seo-wordpress\/ -->\n<title>Pedido 0020 - Os pedidos de impeachment de Bolsonaro<\/title>\n<meta name=\"robots\" content=\"index, follow, max-snippet:-1, max-image-preview:large, max-video-preview:-1\" \/>\n<link rel=\"canonical\" href=\"https:\/\/apublica.org\/impeachment-bolsonaro\/pedido-020\/\" \/>\n<meta property=\"og:locale\" content=\"pt_BR\" \/>\n<meta property=\"og:type\" content=\"article\" \/>\n<meta property=\"og:title\" content=\"Pedido 0020 - Os pedidos de impeachment de Bolsonaro\" \/>\n<meta property=\"og:description\" content=\"O pedido de impeachment apresentado por Paulo Iotti apresenta tr\u00eas crimes de responsabilidade: agir contra \u201ca dignidade, a honra e o decoro\u201d do cargo (artigo 9\u00ba da Lei n\u00ba 1.079\/50); \u201catentar contra direitos e garantias fundamentais\u201d (artigo 7o da Lei n\u00ba 1.079\/50); e \u201cn\u00e3o tomar a responsabilidade de subordinados\u201d (artigo 9o da Lei n\u00ba 1.079\/50).\" \/>\n<meta property=\"og:url\" content=\"https:\/\/apublica.org\/impeachment-bolsonaro\/pedido-020\/\" \/>\n<meta property=\"og:site_name\" content=\"Os pedidos de impeachment de Bolsonaro\" \/>\n<meta property=\"article:published_time\" content=\"2020-03-25T16:44:00+00:00\" \/>\n<meta property=\"article:modified_time\" content=\"2022-05-28T01:59:42+00:00\" \/>\n<meta property=\"og:image\" content=\"https:\/\/i0.wp.com\/apublica.org\/impeachment-bolsonaro\/wp-content\/uploads\/2020\/05\/imagem-pedido-paulo-roberto-iotti-foto-marcos-correa-pr.png?fit=1530%2C856&ssl=1\" \/>\n\t<meta property=\"og:image:width\" content=\"1530\" \/>\n\t<meta property=\"og:image:height\" content=\"856\" \/>\n\t<meta property=\"og:image:type\" content=\"image\/png\" \/>\n<meta name=\"author\" content=\"Laura Scofield\" \/>\n<meta name=\"twitter:card\" content=\"summary_large_image\" \/>\n<meta name=\"twitter:label1\" content=\"Escrito por\" \/>\n\t<meta name=\"twitter:data1\" content=\"Laura Scofield\" \/>\n\t<meta name=\"twitter:label2\" content=\"Est. tempo de leitura\" \/>\n\t<meta name=\"twitter:data2\" content=\"2 minutos\" \/>\n\t<meta name=\"twitter:label3\" content=\"Written by\" \/>\n\t<meta name=\"twitter:data3\" content=\"Laura Scofield\" \/>\n<script type=\"application\/ld+json\" class=\"yoast-schema-graph\">{\"@context\":\"https:\\\/\\\/schema.org\",\"@graph\":[{\"@type\":\"Article\",\"@id\":\"https:\\\/\\\/apublica.org\\\/impeachment-bolsonaro\\\/pedido-020\\\/#article\",\"isPartOf\":{\"@id\":\"https:\\\/\\\/apublica.org\\\/impeachment-bolsonaro\\\/pedido-020\\\/\"},\"author\":{\"name\":\"Laura Scofield\",\"@id\":\"https:\\\/\\\/apublica.org\\\/impeachment-bolsonaro\\\/#\\\/schema\\\/person\\\/16aad31613529a99d0796d173eb2b2f7\"},\"headline\":\"Pedido 0020\",\"datePublished\":\"2020-03-25T16:44:00+00:00\",\"dateModified\":\"2022-05-28T01:59:42+00:00\",\"mainEntityOfPage\":{\"@id\":\"https:\\\/\\\/apublica.org\\\/impeachment-bolsonaro\\\/pedido-020\\\/\"},\"wordCount\":376,\"image\":{\"@id\":\"https:\\\/\\\/apublica.org\\\/impeachment-bolsonaro\\\/pedido-020\\\/#primaryimage\"},\"thumbnailUrl\":\"https:\\\/\\\/i0.wp.com\\\/apublica.org\\\/impeachment-bolsonaro\\\/wp-content\\\/uploads\\\/2020\\\/05\\\/imagem-pedido-paulo-roberto-iotti-foto-marcos-correa-pr.png?fit=1530%2C856&ssl=1\",\"keywords\":[\"Congresso Nacional\",\"coronav\u00edrus\",\"ditadura militar\",\"genoc\u00eddio\",\"homofobia\",\"Judici\u00e1rio\",\"Legislativo\",\"manifesta\u00e7\u00f5es antidemocr\u00e1ticas\",\"povos ind\u00edgenas\",\"quebra de decoro\",\"racismo\"],\"inLanguage\":\"pt-BR\"},{\"@type\":\"WebPage\",\"@id\":\"https:\\\/\\\/apublica.org\\\/impeachment-bolsonaro\\\/pedido-020\\\/\",\"url\":\"https:\\\/\\\/apublica.org\\\/impeachment-bolsonaro\\\/pedido-020\\\/\",\"name\":\"Pedido 0020 - Os pedidos de impeachment de Bolsonaro\",\"isPartOf\":{\"@id\":\"https:\\\/\\\/apublica.org\\\/impeachment-bolsonaro\\\/#website\"},\"primaryImageOfPage\":{\"@id\":\"https:\\\/\\\/apublica.org\\\/impeachment-bolsonaro\\\/pedido-020\\\/#primaryimage\"},\"image\":{\"@id\":\"https:\\\/\\\/apublica.org\\\/impeachment-bolsonaro\\\/pedido-020\\\/#primaryimage\"},\"thumbnailUrl\":\"https:\\\/\\\/i0.wp.com\\\/apublica.org\\\/impeachment-bolsonaro\\\/wp-content\\\/uploads\\\/2020\\\/05\\\/imagem-pedido-paulo-roberto-iotti-foto-marcos-correa-pr.png?fit=1530%2C856&ssl=1\",\"datePublished\":\"2020-03-25T16:44:00+00:00\",\"dateModified\":\"2022-05-28T01:59:42+00:00\",\"author\":{\"@id\":\"https:\\\/\\\/apublica.org\\\/impeachment-bolsonaro\\\/#\\\/schema\\\/person\\\/16aad31613529a99d0796d173eb2b2f7\"},\"breadcrumb\":{\"@id\":\"https:\\\/\\\/apublica.org\\\/impeachment-bolsonaro\\\/pedido-020\\\/#breadcrumb\"},\"inLanguage\":\"pt-BR\",\"potentialAction\":[{\"@type\":\"ReadAction\",\"target\":[\"https:\\\/\\\/apublica.org\\\/impeachment-bolsonaro\\\/pedido-020\\\/\"]}]},{\"@type\":\"ImageObject\",\"inLanguage\":\"pt-BR\",\"@id\":\"https:\\\/\\\/apublica.org\\\/impeachment-bolsonaro\\\/pedido-020\\\/#primaryimage\",\"url\":\"https:\\\/\\\/i0.wp.com\\\/apublica.org\\\/impeachment-bolsonaro\\\/wp-content\\\/uploads\\\/2020\\\/05\\\/imagem-pedido-paulo-roberto-iotti-foto-marcos-correa-pr.png?fit=1530%2C856&ssl=1\",\"contentUrl\":\"https:\\\/\\\/i0.wp.com\\\/apublica.org\\\/impeachment-bolsonaro\\\/wp-content\\\/uploads\\\/2020\\\/05\\\/imagem-pedido-paulo-roberto-iotti-foto-marcos-correa-pr.png?fit=1530%2C856&ssl=1\",\"width\":1530,\"height\":856},{\"@type\":\"BreadcrumbList\",\"@id\":\"https:\\\/\\\/apublica.org\\\/impeachment-bolsonaro\\\/pedido-020\\\/#breadcrumb\",\"itemListElement\":[{\"@type\":\"ListItem\",\"position\":1,\"name\":\"In\u00edcio\",\"item\":\"https:\\\/\\\/apublica.org\\\/impeachment-bolsonaro\\\/\"},{\"@type\":\"ListItem\",\"position\":2,\"name\":\"Pedido 0020\"}]},{\"@type\":\"WebSite\",\"@id\":\"https:\\\/\\\/apublica.org\\\/impeachment-bolsonaro\\\/#website\",\"url\":\"https:\\\/\\\/apublica.org\\\/impeachment-bolsonaro\\\/\",\"name\":\"Os pedidos de impeachment de Bolsonaro\",\"description\":\"\",\"potentialAction\":[{\"@type\":\"SearchAction\",\"target\":{\"@type\":\"EntryPoint\",\"urlTemplate\":\"https:\\\/\\\/apublica.org\\\/impeachment-bolsonaro\\\/?s={search_term_string}\"},\"query-input\":{\"@type\":\"PropertyValueSpecification\",\"valueRequired\":true,\"valueName\":\"search_term_string\"}}],\"inLanguage\":\"pt-BR\"},{\"@type\":\"Person\",\"@id\":\"https:\\\/\\\/apublica.org\\\/impeachment-bolsonaro\\\/#\\\/schema\\\/person\\\/16aad31613529a99d0796d173eb2b2f7\",\"name\":\"Laura Scofield\",\"image\":{\"@type\":\"ImageObject\",\"inLanguage\":\"pt-BR\",\"@id\":\"https:\\\/\\\/secure.gravatar.com\\\/avatar\\\/d1b96b430079847bc46acd129c4c10a79b053ccd4da6177e0ac83288aba8f24a?s=96&d=mm&r=g9a4c765220b5e2dfef2f7002b37fa836\",\"url\":\"https:\\\/\\\/secure.gravatar.com\\\/avatar\\\/d1b96b430079847bc46acd129c4c10a79b053ccd4da6177e0ac83288aba8f24a?s=96&d=mm&r=g\",\"contentUrl\":\"https:\\\/\\\/secure.gravatar.com\\\/avatar\\\/d1b96b430079847bc46acd129c4c10a79b053ccd4da6177e0ac83288aba8f24a?s=96&d=mm&r=g\",\"caption\":\"Laura Scofield\"},\"description\":\"Jornalista formada pela Escola de Comunica\u00e7\u00f5es e Artes da Universidade de S\u00e3o Paulo (ECA-USP) com pesquisa sobre migra\u00e7\u00e3o indocumentada de brasileiros para os Estados Unidos. Colabora com a OBOR\u00c9 Projetos Especiais e \u00e9 ex-diretora de cultura da Jornalismo J\u00fanior. Come\u00e7ou na Ag\u00eancia P\u00fablica em mar\u00e7o de 2020 como estagi\u00e1ria de reda\u00e7\u00e3o do n\u00facleo de pol\u00edtica e redes sociais e desde janeiro de 2022 \u00e9 rep\u00f3rter do n\u00facleo de clima. Trabalhos premiados pelo Pr\u00eamio Intercom Sudeste 2021 e 12\u00ba Pr\u00eamio Jovem Jornalista Fernando Pacheco Jord\u00e3o 2020.\",\"url\":\"https:\\\/\\\/apublica.org\\\/impeachment-bolsonaro\\\/author\\\/laurascofield\\\/\"}]}<\/script>\n<!-- \/ Yoast SEO plugin. -->","yoast_head_json":{"title":"Pedido 0020 - Os pedidos de impeachment de Bolsonaro","robots":{"index":"index","follow":"follow","max-snippet":"max-snippet:-1","max-image-preview":"max-image-preview:large","max-video-preview":"max-video-preview:-1"},"canonical":"https:\/\/apublica.org\/impeachment-bolsonaro\/pedido-020\/","og_locale":"pt_BR","og_type":"article","og_title":"Pedido 0020 - Os pedidos de impeachment de Bolsonaro","og_description":"O pedido de impeachment apresentado por Paulo Iotti apresenta tr\u00eas crimes de responsabilidade: agir contra \u201ca dignidade, a honra e o decoro\u201d do cargo (artigo 9\u00ba da Lei n\u00ba 1.079\/50); \u201catentar contra direitos e garantias fundamentais\u201d (artigo 7o da Lei n\u00ba 1.079\/50); e \u201cn\u00e3o tomar a responsabilidade de subordinados\u201d (artigo 9o da Lei n\u00ba 1.079\/50).","og_url":"https:\/\/apublica.org\/impeachment-bolsonaro\/pedido-020\/","og_site_name":"Os pedidos de impeachment de Bolsonaro","article_published_time":"2020-03-25T16:44:00+00:00","article_modified_time":"2022-05-28T01:59:42+00:00","og_image":[{"width":1530,"height":856,"url":"https:\/\/i0.wp.com\/apublica.org\/impeachment-bolsonaro\/wp-content\/uploads\/2020\/05\/imagem-pedido-paulo-roberto-iotti-foto-marcos-correa-pr.png?fit=1530%2C856&ssl=1","type":"image\/png"}],"author":"Laura Scofield","twitter_card":"summary_large_image","twitter_misc":{"Escrito por":"Laura Scofield","Est. tempo de leitura":"2 minutos","Written by":"Laura Scofield"},"schema":{"@context":"https:\/\/schema.org","@graph":[{"@type":"Article","@id":"https:\/\/apublica.org\/impeachment-bolsonaro\/pedido-020\/#article","isPartOf":{"@id":"https:\/\/apublica.org\/impeachment-bolsonaro\/pedido-020\/"},"author":{"name":"Laura Scofield","@id":"https:\/\/apublica.org\/impeachment-bolsonaro\/#\/schema\/person\/16aad31613529a99d0796d173eb2b2f7"},"headline":"Pedido 0020","datePublished":"2020-03-25T16:44:00+00:00","dateModified":"2022-05-28T01:59:42+00:00","mainEntityOfPage":{"@id":"https:\/\/apublica.org\/impeachment-bolsonaro\/pedido-020\/"},"wordCount":376,"image":{"@id":"https:\/\/apublica.org\/impeachment-bolsonaro\/pedido-020\/#primaryimage"},"thumbnailUrl":"https:\/\/i0.wp.com\/apublica.org\/impeachment-bolsonaro\/wp-content\/uploads\/2020\/05\/imagem-pedido-paulo-roberto-iotti-foto-marcos-correa-pr.png?fit=1530%2C856&ssl=1","keywords":["Congresso Nacional","coronav\u00edrus","ditadura militar","genoc\u00eddio","homofobia","Judici\u00e1rio","Legislativo","manifesta\u00e7\u00f5es antidemocr\u00e1ticas","povos ind\u00edgenas","quebra de decoro","racismo"],"inLanguage":"pt-BR"},{"@type":"WebPage","@id":"https:\/\/apublica.org\/impeachment-bolsonaro\/pedido-020\/","url":"https:\/\/apublica.org\/impeachment-bolsonaro\/pedido-020\/","name":"Pedido 0020 - Os pedidos de impeachment de Bolsonaro","isPartOf":{"@id":"https:\/\/apublica.org\/impeachment-bolsonaro\/#website"},"primaryImageOfPage":{"@id":"https:\/\/apublica.org\/impeachment-bolsonaro\/pedido-020\/#primaryimage"},"image":{"@id":"https:\/\/apublica.org\/impeachment-bolsonaro\/pedido-020\/#primaryimage"},"thumbnailUrl":"https:\/\/i0.wp.com\/apublica.org\/impeachment-bolsonaro\/wp-content\/uploads\/2020\/05\/imagem-pedido-paulo-roberto-iotti-foto-marcos-correa-pr.png?fit=1530%2C856&ssl=1","datePublished":"2020-03-25T16:44:00+00:00","dateModified":"2022-05-28T01:59:42+00:00","author":{"@id":"https:\/\/apublica.org\/impeachment-bolsonaro\/#\/schema\/person\/16aad31613529a99d0796d173eb2b2f7"},"breadcrumb":{"@id":"https:\/\/apublica.org\/impeachment-bolsonaro\/pedido-020\/#breadcrumb"},"inLanguage":"pt-BR","potentialAction":[{"@type":"ReadAction","target":["https:\/\/apublica.org\/impeachment-bolsonaro\/pedido-020\/"]}]},{"@type":"ImageObject","inLanguage":"pt-BR","@id":"https:\/\/apublica.org\/impeachment-bolsonaro\/pedido-020\/#primaryimage","url":"https:\/\/i0.wp.com\/apublica.org\/impeachment-bolsonaro\/wp-content\/uploads\/2020\/05\/imagem-pedido-paulo-roberto-iotti-foto-marcos-correa-pr.png?fit=1530%2C856&ssl=1","contentUrl":"https:\/\/i0.wp.com\/apublica.org\/impeachment-bolsonaro\/wp-content\/uploads\/2020\/05\/imagem-pedido-paulo-roberto-iotti-foto-marcos-correa-pr.png?fit=1530%2C856&ssl=1","width":1530,"height":856},{"@type":"BreadcrumbList","@id":"https:\/\/apublica.org\/impeachment-bolsonaro\/pedido-020\/#breadcrumb","itemListElement":[{"@type":"ListItem","position":1,"name":"In\u00edcio","item":"https:\/\/apublica.org\/impeachment-bolsonaro\/"},{"@type":"ListItem","position":2,"name":"Pedido 0020"}]},{"@type":"WebSite","@id":"https:\/\/apublica.org\/impeachment-bolsonaro\/#website","url":"https:\/\/apublica.org\/impeachment-bolsonaro\/","name":"Os pedidos de impeachment de Bolsonaro","description":"","potentialAction":[{"@type":"SearchAction","target":{"@type":"EntryPoint","urlTemplate":"https:\/\/apublica.org\/impeachment-bolsonaro\/?s={search_term_string}"},"query-input":{"@type":"PropertyValueSpecification","valueRequired":true,"valueName":"search_term_string"}}],"inLanguage":"pt-BR"},{"@type":"Person","@id":"https:\/\/apublica.org\/impeachment-bolsonaro\/#\/schema\/person\/16aad31613529a99d0796d173eb2b2f7","name":"Laura Scofield","image":{"@type":"ImageObject","inLanguage":"pt-BR","@id":"https:\/\/secure.gravatar.com\/avatar\/d1b96b430079847bc46acd129c4c10a79b053ccd4da6177e0ac83288aba8f24a?s=96&d=mm&r=g9a4c765220b5e2dfef2f7002b37fa836","url":"https:\/\/secure.gravatar.com\/avatar\/d1b96b430079847bc46acd129c4c10a79b053ccd4da6177e0ac83288aba8f24a?s=96&d=mm&r=g","contentUrl":"https:\/\/secure.gravatar.com\/avatar\/d1b96b430079847bc46acd129c4c10a79b053ccd4da6177e0ac83288aba8f24a?s=96&d=mm&r=g","caption":"Laura Scofield"},"description":"Jornalista formada pela Escola de Comunica\u00e7\u00f5es e Artes da Universidade de S\u00e3o Paulo (ECA-USP) com pesquisa sobre migra\u00e7\u00e3o indocumentada de brasileiros para os Estados Unidos. Colabora com a OBOR\u00c9 Projetos Especiais e \u00e9 ex-diretora de cultura da Jornalismo J\u00fanior. Come\u00e7ou na Ag\u00eancia P\u00fablica em mar\u00e7o de 2020 como estagi\u00e1ria de reda\u00e7\u00e3o do n\u00facleo de pol\u00edtica e redes sociais e desde janeiro de 2022 \u00e9 rep\u00f3rter do n\u00facleo de clima. Trabalhos premiados pelo Pr\u00eamio Intercom Sudeste 2021 e 12\u00ba Pr\u00eamio Jovem Jornalista Fernando Pacheco Jord\u00e3o 2020.","url":"https:\/\/apublica.org\/impeachment-bolsonaro\/author\/laurascofield\/"}]}},"jetpack_featured_media_url":"https:\/\/i0.wp.com\/apublica.org\/impeachment-bolsonaro\/wp-content\/uploads\/2020\/05\/imagem-pedido-paulo-roberto-iotti-foto-marcos-correa-pr.png?fit=1530%2C856&ssl=1","jetpack_sharing_enabled":true,"_links":{"self":[{"href":"https:\/\/apublica.org\/impeachment-bolsonaro\/wp-json\/wp\/v2\/posts\/2781","targetHints":{"allow":["GET"]}}],"collection":[{"href":"https:\/\/apublica.org\/impeachment-bolsonaro\/wp-json\/wp\/v2\/posts"}],"about":[{"href":"https:\/\/apublica.org\/impeachment-bolsonaro\/wp-json\/wp\/v2\/types\/post"}],"author":[{"embeddable":true,"href":"https:\/\/apublica.org\/impeachment-bolsonaro\/wp-json\/wp\/v2\/users\/29"}],"replies":[{"embeddable":true,"href":"https:\/\/apublica.org\/impeachment-bolsonaro\/wp-json\/wp\/v2\/comments?post=2781"}],"version-history":[{"count":1,"href":"https:\/\/apublica.org\/impeachment-bolsonaro\/wp-json\/wp\/v2\/posts\/2781\/revisions"}],"predecessor-version":[{"id":3407,"href":"https:\/\/apublica.org\/impeachment-bolsonaro\/wp-json\/wp\/v2\/posts\/2781\/revisions\/3407"}],"wp:featuredmedia":[{"embeddable":true,"href":"https:\/\/apublica.org\/impeachment-bolsonaro\/wp-json\/wp\/v2\/media\/204"}],"wp:attachment":[{"href":"https:\/\/apublica.org\/impeachment-bolsonaro\/wp-json\/wp\/v2\/media?parent=2781"}],"wp:term":[{"taxonomy":"category","embeddable":true,"href":"https:\/\/apublica.org\/impeachment-bolsonaro\/wp-json\/wp\/v2\/categories?post=2781"},{"taxonomy":"post_tag","embeddable":true,"href":"https:\/\/apublica.org\/impeachment-bolsonaro\/wp-json\/wp\/v2\/tags?post=2781"},{"taxonomy":"author","embeddable":true,"href":"https:\/\/apublica.org\/impeachment-bolsonaro\/wp-json\/wp\/v2\/coauthors?post=2781"}],"curies":[{"name":"wp","href":"https:\/\/api.w.org\/{rel}","templated":true}]}}