{"id":2782,"date":"2020-04-22T03:00:00","date_gmt":"2020-04-22T06:00:00","guid":{"rendered":"https:\/\/apublica.org\/impeachment-bolsonaro.new\/pedido-026\/"},"modified":"2022-05-27T22:59:46","modified_gmt":"2022-05-28T01:59:46","slug":"pedido-026","status":"publish","type":"post","link":"https:\/\/apublica.org\/impeachment-bolsonaro\/pedido-026\/","title":{"rendered":"Pedido 0026"},"content":{"rendered":"\n<p>O PDT foi o primeiro partido pol\u00edtico a protocolar um pedido de impeachment contra o governo de Jair Bolsonaro (sem partido). O texto \u00e9 assinado pelo presidente da sigla, Carlos Lupi, pelo advogado da legenda, Walter Agra, e por Ciro Gomes (PDT), que concorreu com Bolsonaro \u00e0 Presid\u00eancia da Rep\u00fablica em 2018.&nbsp;<\/p>\n\n\n\n<p>O documento afirma que o presidente teria cometido crimes de responsabilidade ao violar direitos sociais, como o direito \u00e0 sa\u00fade, e crime contra a seguran\u00e7a nacional ao descumprir determina\u00e7\u00f5es da Organiza\u00e7\u00e3o Mundial de Sa\u00fade (OMS) relacionadas a medidas de preven\u00e7\u00e3o ao novo coronav\u00edrus.&nbsp;<\/p>\n\n\n\n<p>De acordo com o pedido, as atitudes do presidente iriam de encontro a normas do pr\u00f3prio minist\u00e9rio da Sa\u00fade e dos atos normativos e legislativos dos entes da Federa\u00e7\u00e3o, destacando esfor\u00e7os de estados e munic\u00edpios no sentido de conter o avan\u00e7o da pandemia. O texto cita que, em 29 de mar\u00e7o, em meio a pandemia do novo coronav\u00edrus, o presidente caminhou pelas ruas de Bras\u00edlia para estimular as pessoas a retornarem ao trabalho.&nbsp;<\/p>\n\n\n\n<p>O partido tamb\u00e9m acusa Bolsonaro de&nbsp; cometer crime contra a seguran\u00e7a nacional ao endossar manifesta\u00e7\u00f5es que conclamavam a interven\u00e7\u00e3o militar, a reedi\u00e7\u00e3o do AI-5 e o fechamento do Congresso Nacional e do Supremo Tribunal Federal. O documento cita que, em fevereiro de 2020, \u201co presidente da Rep\u00fablica difundiu v\u00eddeo que convoca a popula\u00e7\u00e3o para ir \u00e0s ruas no dia 15 de mar\u00e7o para defend\u00ea-lo e para marchar contra o Congresso Nacional e o Supremo Tribunal Federal.\u201d&nbsp;<\/p>\n\n\n\n<p>O pedido destaca \u201ca incapacidade\u201d de interlocu\u00e7\u00e3o do presidente com os governadores de Estado. O texto cita o caso de compra de respiradores no Maranh\u00e3o, sustentando que o Governo Federal n\u00e3o teria auxiliado na execu\u00e7\u00e3o dos contratos, e que, por isso, o governo local precisou realizar uma manobra para trazer respiradores da China, via Eti\u00f3pia. A Receita Federal considerou a opera\u00e7\u00e3o ilegal.&nbsp;<\/p>\n\n\n\n<p>Mudan\u00e7as de quadros da administra\u00e7\u00e3o, como exonera\u00e7\u00f5es no Ibama, Inep, amea\u00e7a de extin\u00e7\u00e3o da Ancine, exonera\u00e7\u00e3o do ex-ministro da Sa\u00fade, Luiz Mandetta por tentar seguir determina\u00e7\u00f5es da OMS, s\u00e3o citados como exemplos improbidades administrativas que teriam sido cometidas pelo presidente, utilizando como argumento o Artigo 9\u00b0 da Lei do Impeachment, que versa sobre a amea\u00e7as contra funcion\u00e1rios p\u00fablicos.&nbsp;<\/p>\n\n\n\n<p>As testemunhas arroladas no documento s\u00e3o Felipe Santa Cruz, Presidente do Conselho Federal da Ordem dos Advogados do Brasil; Marcos Gutemberg, m\u00e9dico presidente da Federa\u00e7\u00e3o Nacional dos M\u00e9dicos&nbsp; Solange Caetano, presidente da Federa\u00e7\u00e3o Nacional dos Enfermeiros, Manoel Carlos Neri, presidente do Conselho Federal de Enfermagem e S\u00e9rgio Cimerma,&nbsp; presidente da Sociedade Brasileira de Infectologia.<\/p>\n","protected":false},"excerpt":{"rendered":"<p>O PDT foi o primeiro partido pol\u00edtico a protocolar um pedido de impeachment contra o governo de Jair Bolsonaro (sem partido). O texto \u00e9 assinado pelo presidente da sigla, Carlos Lupi, pelo advogado da legenda, Walter Agra, e por Ciro Gomes (PDT), que concorreu com Bolsonaro \u00e0 Presid\u00eancia da Rep\u00fablica em 2018.&nbsp; O documento afirma<\/p>\n","protected":false},"author":24,"featured_media":197,"comment_status":"closed","ping_status":"closed","sticky":false,"template":"","format":"standard","meta":{"_acf_changed":false,"_jetpack_memberships_contains_paid_content":false,"footnotes":""},"categories":[1],"tags":[33,28,12,11,47,32,13,27,26,29],"coauthors":[],"class_list":["post-2782","post","type-post","status-publish","format-standard","has-post-thumbnail","hentry","category-sem-categoria","tag-autonomia-dos-estados","tag-congresso-nacional","tag-coronavirus","tag-ditadura-militar","tag-genocidio","tag-governadores","tag-improbidade-administrativa","tag-judiciario","tag-legislativo","tag-stf"],"acf":[],"yoast_head":"<!-- This site is optimized with the Yoast SEO plugin v27.5 - https:\/\/yoast.com\/product\/yoast-seo-wordpress\/ -->\n<title>Pedido 0026 - Os pedidos de impeachment de Bolsonaro<\/title>\n<meta name=\"robots\" content=\"index, follow, max-snippet:-1, max-image-preview:large, max-video-preview:-1\" \/>\n<link rel=\"canonical\" href=\"https:\/\/apublica.org\/impeachment-bolsonaro\/pedido-026\/\" \/>\n<meta property=\"og:locale\" content=\"pt_BR\" \/>\n<meta property=\"og:type\" content=\"article\" \/>\n<meta property=\"og:title\" content=\"Ciro Gomes: &quot;Impeachment \u00e9 rem\u00e9dio para criminoso. E bolsonaro \u00e9 um criminoso&quot;\" \/>\n<meta property=\"og:description\" content=\"O PDT foi o primeiro partido pol\u00edtico a protocolar um pedido de impeachment contra o governo de Jair Bolsonaro (sem partido). O texto \u00e9 assinado pelo presidente da sigla, Carlos Lupi, pelo advogado da legenda, Walter Agra, e por Ciro Gomes (PDT), que concorreu com Bolsonaro \u00e0 Presid\u00eancia da Rep\u00fablica em 2018.&nbsp; O documento afirma\" \/>\n<meta property=\"og:url\" content=\"https:\/\/apublica.org\/impeachment-bolsonaro\/pedido-026\/\" \/>\n<meta property=\"og:site_name\" content=\"Os pedidos de impeachment de Bolsonaro\" \/>\n<meta property=\"article:published_time\" content=\"2020-04-22T06:00:00+00:00\" \/>\n<meta property=\"article:modified_time\" content=\"2022-05-28T01:59:46+00:00\" \/>\n<meta property=\"og:image\" content=\"https:\/\/apublica.org\/impeachment-bolsonaro.new\/wp-content\/uploads\/2020\/06\/thumb-facebook-13.png\" \/>\n<meta name=\"author\" content=\"Mariama Correia\" \/>\n<meta name=\"twitter:card\" content=\"summary_large_image\" \/>\n<meta name=\"twitter:title\" content=\"Ciro Gomes: &quot;Impeachment \u00e9 rem\u00e9dio para criminoso. E bolsonaro \u00e9 um criminoso&quot;\" \/>\n<meta name=\"twitter:image\" content=\"https:\/\/apublica.org\/impeachment-bolsonaro.new\/wp-content\/uploads\/2020\/06\/thumb-twitter-13.png\" \/>\n<meta name=\"twitter:label1\" content=\"Escrito por\" \/>\n\t<meta name=\"twitter:data1\" content=\"Mariama Correia\" \/>\n\t<meta name=\"twitter:label2\" content=\"Est. tempo de leitura\" \/>\n\t<meta name=\"twitter:data2\" content=\"2 minutos\" \/>\n\t<meta name=\"twitter:label3\" content=\"Written by\" \/>\n\t<meta name=\"twitter:data3\" content=\"Mariama Correia\" \/>\n<script type=\"application\/ld+json\" class=\"yoast-schema-graph\">{\"@context\":\"https:\\\/\\\/schema.org\",\"@graph\":[{\"@type\":\"Article\",\"@id\":\"https:\\\/\\\/apublica.org\\\/impeachment-bolsonaro\\\/pedido-026\\\/#article\",\"isPartOf\":{\"@id\":\"https:\\\/\\\/apublica.org\\\/impeachment-bolsonaro\\\/pedido-026\\\/\"},\"author\":{\"name\":\"Mariama Correia\",\"@id\":\"https:\\\/\\\/apublica.org\\\/impeachment-bolsonaro\\\/#\\\/schema\\\/person\\\/8623a96115a50fbdb34c523c66189ee8\"},\"headline\":\"Pedido 0026\",\"datePublished\":\"2020-04-22T06:00:00+00:00\",\"dateModified\":\"2022-05-28T01:59:46+00:00\",\"mainEntityOfPage\":{\"@id\":\"https:\\\/\\\/apublica.org\\\/impeachment-bolsonaro\\\/pedido-026\\\/\"},\"wordCount\":474,\"image\":{\"@id\":\"https:\\\/\\\/apublica.org\\\/impeachment-bolsonaro\\\/pedido-026\\\/#primaryimage\"},\"thumbnailUrl\":\"https:\\\/\\\/i0.wp.com\\\/apublica.org\\\/impeachment-bolsonaro\\\/wp-content\\\/uploads\\\/2020\\\/05\\\/imagem-pedido-ciro-gomes-foto-marcello-casal-jr.png?fit=1530%2C856&ssl=1\",\"keywords\":[\"autonomia dos estados\",\"Congresso Nacional\",\"coronav\u00edrus\",\"ditadura militar\",\"genoc\u00eddio\",\"governadores\",\"improbidade administrativa\",\"Judici\u00e1rio\",\"Legislativo\",\"STF\"],\"inLanguage\":\"pt-BR\"},{\"@type\":\"WebPage\",\"@id\":\"https:\\\/\\\/apublica.org\\\/impeachment-bolsonaro\\\/pedido-026\\\/\",\"url\":\"https:\\\/\\\/apublica.org\\\/impeachment-bolsonaro\\\/pedido-026\\\/\",\"name\":\"Pedido 0026 - Os pedidos de impeachment de Bolsonaro\",\"isPartOf\":{\"@id\":\"https:\\\/\\\/apublica.org\\\/impeachment-bolsonaro\\\/#website\"},\"primaryImageOfPage\":{\"@id\":\"https:\\\/\\\/apublica.org\\\/impeachment-bolsonaro\\\/pedido-026\\\/#primaryimage\"},\"image\":{\"@id\":\"https:\\\/\\\/apublica.org\\\/impeachment-bolsonaro\\\/pedido-026\\\/#primaryimage\"},\"thumbnailUrl\":\"https:\\\/\\\/i0.wp.com\\\/apublica.org\\\/impeachment-bolsonaro\\\/wp-content\\\/uploads\\\/2020\\\/05\\\/imagem-pedido-ciro-gomes-foto-marcello-casal-jr.png?fit=1530%2C856&ssl=1\",\"datePublished\":\"2020-04-22T06:00:00+00:00\",\"dateModified\":\"2022-05-28T01:59:46+00:00\",\"author\":{\"@id\":\"https:\\\/\\\/apublica.org\\\/impeachment-bolsonaro\\\/#\\\/schema\\\/person\\\/8623a96115a50fbdb34c523c66189ee8\"},\"breadcrumb\":{\"@id\":\"https:\\\/\\\/apublica.org\\\/impeachment-bolsonaro\\\/pedido-026\\\/#breadcrumb\"},\"inLanguage\":\"pt-BR\",\"potentialAction\":[{\"@type\":\"ReadAction\",\"target\":[\"https:\\\/\\\/apublica.org\\\/impeachment-bolsonaro\\\/pedido-026\\\/\"]}]},{\"@type\":\"ImageObject\",\"inLanguage\":\"pt-BR\",\"@id\":\"https:\\\/\\\/apublica.org\\\/impeachment-bolsonaro\\\/pedido-026\\\/#primaryimage\",\"url\":\"https:\\\/\\\/i0.wp.com\\\/apublica.org\\\/impeachment-bolsonaro\\\/wp-content\\\/uploads\\\/2020\\\/05\\\/imagem-pedido-ciro-gomes-foto-marcello-casal-jr.png?fit=1530%2C856&ssl=1\",\"contentUrl\":\"https:\\\/\\\/i0.wp.com\\\/apublica.org\\\/impeachment-bolsonaro\\\/wp-content\\\/uploads\\\/2020\\\/05\\\/imagem-pedido-ciro-gomes-foto-marcello-casal-jr.png?fit=1530%2C856&ssl=1\",\"width\":1530,\"height\":856},{\"@type\":\"BreadcrumbList\",\"@id\":\"https:\\\/\\\/apublica.org\\\/impeachment-bolsonaro\\\/pedido-026\\\/#breadcrumb\",\"itemListElement\":[{\"@type\":\"ListItem\",\"position\":1,\"name\":\"In\u00edcio\",\"item\":\"https:\\\/\\\/apublica.org\\\/impeachment-bolsonaro\\\/\"},{\"@type\":\"ListItem\",\"position\":2,\"name\":\"Pedido 0026\"}]},{\"@type\":\"WebSite\",\"@id\":\"https:\\\/\\\/apublica.org\\\/impeachment-bolsonaro\\\/#website\",\"url\":\"https:\\\/\\\/apublica.org\\\/impeachment-bolsonaro\\\/\",\"name\":\"Os pedidos de impeachment de Bolsonaro\",\"description\":\"\",\"potentialAction\":[{\"@type\":\"SearchAction\",\"target\":{\"@type\":\"EntryPoint\",\"urlTemplate\":\"https:\\\/\\\/apublica.org\\\/impeachment-bolsonaro\\\/?s={search_term_string}\"},\"query-input\":{\"@type\":\"PropertyValueSpecification\",\"valueRequired\":true,\"valueName\":\"search_term_string\"}}],\"inLanguage\":\"pt-BR\"},{\"@type\":\"Person\",\"@id\":\"https:\\\/\\\/apublica.org\\\/impeachment-bolsonaro\\\/#\\\/schema\\\/person\\\/8623a96115a50fbdb34c523c66189ee8\",\"name\":\"Mariama Correia\",\"image\":{\"@type\":\"ImageObject\",\"inLanguage\":\"pt-BR\",\"@id\":\"https:\\\/\\\/secure.gravatar.com\\\/avatar\\\/d86967440835379aa59e7315cb6da864332a30c986d8ebe3bbbc2e0c439fdf92?s=96&d=mm&r=g2c50642425aec9747fc19244c0fa1a50\",\"url\":\"https:\\\/\\\/secure.gravatar.com\\\/avatar\\\/d86967440835379aa59e7315cb6da864332a30c986d8ebe3bbbc2e0c439fdf92?s=96&d=mm&r=g\",\"contentUrl\":\"https:\\\/\\\/secure.gravatar.com\\\/avatar\\\/d86967440835379aa59e7315cb6da864332a30c986d8ebe3bbbc2e0c439fdf92?s=96&d=mm&r=g\",\"caption\":\"Mariama Correia\"},\"description\":\"Jornalista formada pela Universidade Cat\u00f3lica de Pernambuco e p\u00f3s-graduada pela Universidade Federal de Pernambuco. Foi rep\u00f3rter do coletivo de jornalismo investigativo e independente Marco Zero Conte\u00fado e da editoria de Economia do jornal Folha de Pernambuco. J\u00e1 assinou mat\u00e9rias no The Intercept Brasil, em revistas da Editora Abril e em outras publica\u00e7\u00f5es. Participa do Atlas da Not\u00edcia, um mapeamento do jornalismo no Brasil, como pesquisadora do Nordeste.\",\"url\":\"https:\\\/\\\/apublica.org\\\/impeachment-bolsonaro\\\/author\\\/mariamacorreia\\\/\"}]}<\/script>\n<!-- \/ Yoast SEO plugin. -->","yoast_head_json":{"title":"Pedido 0026 - Os pedidos de impeachment de Bolsonaro","robots":{"index":"index","follow":"follow","max-snippet":"max-snippet:-1","max-image-preview":"max-image-preview:large","max-video-preview":"max-video-preview:-1"},"canonical":"https:\/\/apublica.org\/impeachment-bolsonaro\/pedido-026\/","og_locale":"pt_BR","og_type":"article","og_title":"Ciro Gomes: \"Impeachment \u00e9 rem\u00e9dio para criminoso. E bolsonaro \u00e9 um criminoso\"","og_description":"O PDT foi o primeiro partido pol\u00edtico a protocolar um pedido de impeachment contra o governo de Jair Bolsonaro (sem partido). O texto \u00e9 assinado pelo presidente da sigla, Carlos Lupi, pelo advogado da legenda, Walter Agra, e por Ciro Gomes (PDT), que concorreu com Bolsonaro \u00e0 Presid\u00eancia da Rep\u00fablica em 2018.&nbsp; O documento afirma","og_url":"https:\/\/apublica.org\/impeachment-bolsonaro\/pedido-026\/","og_site_name":"Os pedidos de impeachment de Bolsonaro","article_published_time":"2020-04-22T06:00:00+00:00","article_modified_time":"2022-05-28T01:59:46+00:00","og_image":[{"url":"https:\/\/apublica.org\/impeachment-bolsonaro.new\/wp-content\/uploads\/2020\/06\/thumb-facebook-13.png","type":"","width":"","height":""}],"author":"Mariama Correia","twitter_card":"summary_large_image","twitter_title":"Ciro Gomes: \"Impeachment \u00e9 rem\u00e9dio para criminoso. E bolsonaro \u00e9 um criminoso\"","twitter_image":"https:\/\/apublica.org\/impeachment-bolsonaro.new\/wp-content\/uploads\/2020\/06\/thumb-twitter-13.png","twitter_misc":{"Escrito por":"Mariama Correia","Est. tempo de leitura":"2 minutos","Written by":"Mariama Correia"},"schema":{"@context":"https:\/\/schema.org","@graph":[{"@type":"Article","@id":"https:\/\/apublica.org\/impeachment-bolsonaro\/pedido-026\/#article","isPartOf":{"@id":"https:\/\/apublica.org\/impeachment-bolsonaro\/pedido-026\/"},"author":{"name":"Mariama Correia","@id":"https:\/\/apublica.org\/impeachment-bolsonaro\/#\/schema\/person\/8623a96115a50fbdb34c523c66189ee8"},"headline":"Pedido 0026","datePublished":"2020-04-22T06:00:00+00:00","dateModified":"2022-05-28T01:59:46+00:00","mainEntityOfPage":{"@id":"https:\/\/apublica.org\/impeachment-bolsonaro\/pedido-026\/"},"wordCount":474,"image":{"@id":"https:\/\/apublica.org\/impeachment-bolsonaro\/pedido-026\/#primaryimage"},"thumbnailUrl":"https:\/\/i0.wp.com\/apublica.org\/impeachment-bolsonaro\/wp-content\/uploads\/2020\/05\/imagem-pedido-ciro-gomes-foto-marcello-casal-jr.png?fit=1530%2C856&ssl=1","keywords":["autonomia dos estados","Congresso Nacional","coronav\u00edrus","ditadura militar","genoc\u00eddio","governadores","improbidade administrativa","Judici\u00e1rio","Legislativo","STF"],"inLanguage":"pt-BR"},{"@type":"WebPage","@id":"https:\/\/apublica.org\/impeachment-bolsonaro\/pedido-026\/","url":"https:\/\/apublica.org\/impeachment-bolsonaro\/pedido-026\/","name":"Pedido 0026 - Os pedidos de impeachment de Bolsonaro","isPartOf":{"@id":"https:\/\/apublica.org\/impeachment-bolsonaro\/#website"},"primaryImageOfPage":{"@id":"https:\/\/apublica.org\/impeachment-bolsonaro\/pedido-026\/#primaryimage"},"image":{"@id":"https:\/\/apublica.org\/impeachment-bolsonaro\/pedido-026\/#primaryimage"},"thumbnailUrl":"https:\/\/i0.wp.com\/apublica.org\/impeachment-bolsonaro\/wp-content\/uploads\/2020\/05\/imagem-pedido-ciro-gomes-foto-marcello-casal-jr.png?fit=1530%2C856&ssl=1","datePublished":"2020-04-22T06:00:00+00:00","dateModified":"2022-05-28T01:59:46+00:00","author":{"@id":"https:\/\/apublica.org\/impeachment-bolsonaro\/#\/schema\/person\/8623a96115a50fbdb34c523c66189ee8"},"breadcrumb":{"@id":"https:\/\/apublica.org\/impeachment-bolsonaro\/pedido-026\/#breadcrumb"},"inLanguage":"pt-BR","potentialAction":[{"@type":"ReadAction","target":["https:\/\/apublica.org\/impeachment-bolsonaro\/pedido-026\/"]}]},{"@type":"ImageObject","inLanguage":"pt-BR","@id":"https:\/\/apublica.org\/impeachment-bolsonaro\/pedido-026\/#primaryimage","url":"https:\/\/i0.wp.com\/apublica.org\/impeachment-bolsonaro\/wp-content\/uploads\/2020\/05\/imagem-pedido-ciro-gomes-foto-marcello-casal-jr.png?fit=1530%2C856&ssl=1","contentUrl":"https:\/\/i0.wp.com\/apublica.org\/impeachment-bolsonaro\/wp-content\/uploads\/2020\/05\/imagem-pedido-ciro-gomes-foto-marcello-casal-jr.png?fit=1530%2C856&ssl=1","width":1530,"height":856},{"@type":"BreadcrumbList","@id":"https:\/\/apublica.org\/impeachment-bolsonaro\/pedido-026\/#breadcrumb","itemListElement":[{"@type":"ListItem","position":1,"name":"In\u00edcio","item":"https:\/\/apublica.org\/impeachment-bolsonaro\/"},{"@type":"ListItem","position":2,"name":"Pedido 0026"}]},{"@type":"WebSite","@id":"https:\/\/apublica.org\/impeachment-bolsonaro\/#website","url":"https:\/\/apublica.org\/impeachment-bolsonaro\/","name":"Os pedidos de impeachment de Bolsonaro","description":"","potentialAction":[{"@type":"SearchAction","target":{"@type":"EntryPoint","urlTemplate":"https:\/\/apublica.org\/impeachment-bolsonaro\/?s={search_term_string}"},"query-input":{"@type":"PropertyValueSpecification","valueRequired":true,"valueName":"search_term_string"}}],"inLanguage":"pt-BR"},{"@type":"Person","@id":"https:\/\/apublica.org\/impeachment-bolsonaro\/#\/schema\/person\/8623a96115a50fbdb34c523c66189ee8","name":"Mariama Correia","image":{"@type":"ImageObject","inLanguage":"pt-BR","@id":"https:\/\/secure.gravatar.com\/avatar\/d86967440835379aa59e7315cb6da864332a30c986d8ebe3bbbc2e0c439fdf92?s=96&d=mm&r=g2c50642425aec9747fc19244c0fa1a50","url":"https:\/\/secure.gravatar.com\/avatar\/d86967440835379aa59e7315cb6da864332a30c986d8ebe3bbbc2e0c439fdf92?s=96&d=mm&r=g","contentUrl":"https:\/\/secure.gravatar.com\/avatar\/d86967440835379aa59e7315cb6da864332a30c986d8ebe3bbbc2e0c439fdf92?s=96&d=mm&r=g","caption":"Mariama Correia"},"description":"Jornalista formada pela Universidade Cat\u00f3lica de Pernambuco e p\u00f3s-graduada pela Universidade Federal de Pernambuco. Foi rep\u00f3rter do coletivo de jornalismo investigativo e independente Marco Zero Conte\u00fado e da editoria de Economia do jornal Folha de Pernambuco. J\u00e1 assinou mat\u00e9rias no The Intercept Brasil, em revistas da Editora Abril e em outras publica\u00e7\u00f5es. Participa do Atlas da Not\u00edcia, um mapeamento do jornalismo no Brasil, como pesquisadora do Nordeste.","url":"https:\/\/apublica.org\/impeachment-bolsonaro\/author\/mariamacorreia\/"}]}},"jetpack_featured_media_url":"https:\/\/i0.wp.com\/apublica.org\/impeachment-bolsonaro\/wp-content\/uploads\/2020\/05\/imagem-pedido-ciro-gomes-foto-marcello-casal-jr.png?fit=1530%2C856&ssl=1","jetpack_sharing_enabled":true,"_links":{"self":[{"href":"https:\/\/apublica.org\/impeachment-bolsonaro\/wp-json\/wp\/v2\/posts\/2782","targetHints":{"allow":["GET"]}}],"collection":[{"href":"https:\/\/apublica.org\/impeachment-bolsonaro\/wp-json\/wp\/v2\/posts"}],"about":[{"href":"https:\/\/apublica.org\/impeachment-bolsonaro\/wp-json\/wp\/v2\/types\/post"}],"author":[{"embeddable":true,"href":"https:\/\/apublica.org\/impeachment-bolsonaro\/wp-json\/wp\/v2\/users\/24"}],"replies":[{"embeddable":true,"href":"https:\/\/apublica.org\/impeachment-bolsonaro\/wp-json\/wp\/v2\/comments?post=2782"}],"version-history":[{"count":1,"href":"https:\/\/apublica.org\/impeachment-bolsonaro\/wp-json\/wp\/v2\/posts\/2782\/revisions"}],"predecessor-version":[{"id":3401,"href":"https:\/\/apublica.org\/impeachment-bolsonaro\/wp-json\/wp\/v2\/posts\/2782\/revisions\/3401"}],"wp:featuredmedia":[{"embeddable":true,"href":"https:\/\/apublica.org\/impeachment-bolsonaro\/wp-json\/wp\/v2\/media\/197"}],"wp:attachment":[{"href":"https:\/\/apublica.org\/impeachment-bolsonaro\/wp-json\/wp\/v2\/media?parent=2782"}],"wp:term":[{"taxonomy":"category","embeddable":true,"href":"https:\/\/apublica.org\/impeachment-bolsonaro\/wp-json\/wp\/v2\/categories?post=2782"},{"taxonomy":"post_tag","embeddable":true,"href":"https:\/\/apublica.org\/impeachment-bolsonaro\/wp-json\/wp\/v2\/tags?post=2782"},{"taxonomy":"author","embeddable":true,"href":"https:\/\/apublica.org\/impeachment-bolsonaro\/wp-json\/wp\/v2\/coauthors?post=2782"}],"curies":[{"name":"wp","href":"https:\/\/api.w.org\/{rel}","templated":true}]}}