{"id":2783,"date":"2020-04-27T03:30:00","date_gmt":"2020-04-27T06:30:00","guid":{"rendered":"https:\/\/apublica.org\/impeachment-bolsonaro.new\/pedido-034\/"},"modified":"2022-05-27T22:59:52","modified_gmt":"2022-05-28T01:59:52","slug":"pedido-034","status":"publish","type":"post","link":"https:\/\/apublica.org\/impeachment-bolsonaro\/pedido-034\/","title":{"rendered":"Pedido 0034"},"content":{"rendered":"\n<p>O pedido de impeachment do Movimento Brasil Livre (MBL) \u00e9 assinado pelo advogado e coordenador nacional do movimento Rubens Gatti Nunes. O deputado Kim Kataguiri (DEM), um dos nomes mais famosos do movimento, fez o an\u00fancio oficial no dia em que o documento foi protocolado, em 27 de abril de 2020*.&nbsp;<\/p>\n\n\n\n<p>O MBL apoiou a elei\u00e7\u00e3o de Bolsonaro e participou ativamente do processo de impeachment da ex-presidente Dilma Rousseff (PT), chegando a protocolar tamb\u00e9m um pedido de afastamento dela.&nbsp;<\/p>\n\n\n\n<p>O documento do MBL pedindo afastamento de Bolsonaro se baseia nas acusa\u00e7\u00f5es feitas pelo ex-ministro S\u00e9rgio Moro, que denunciou tentativas de interfer\u00eancia pol\u00edtica do presidente na Pol\u00edcia Federal, com objetivo de impedir avan\u00e7os de investiga\u00e7\u00f5es contra seus filhos. A pe\u00e7a reproduz declara\u00e7\u00f5es de Moro contra Bolsonaro e inclui os prints de mensagens no whatsapp apresentados pelo ex-ministro como provas.&nbsp;<\/p>\n\n\n\n<p>\u201cA preocupa\u00e7\u00e3o em realizar a substitui\u00e7\u00e3o na PF foi tamanha que Bolsonaro e seus pros\u00e9litos chegaram ao absurdo de apostar a assinatura de S\u00e9rgio Moro em documento que ele n\u00e3o assinou\u201d, argumentam os autores do pedido, em refer\u00eancia \u00e0 exonera\u00e7\u00e3o do diretor-geral da Pol\u00edcia Federal, Maur\u00edcio Valeixo, que teria sido feita pelo presidente sem consentimento do ent\u00e3o ministro.&nbsp;<\/p>\n\n\n\n<p>O documento diz que, al\u00e9m de o fazer incorrer na pr\u00e1tica de crimes de responsabilidade, previstos no artigo 9\u00ba da Lei de Impeachment, os atos podem ser classificados como falsidade ideol\u00f3gica.&nbsp;<\/p>\n\n\n\n<p>A participa\u00e7\u00e3o do presidente em manifesta\u00e7\u00f5es antidemocr\u00e1ticas tamb\u00e9m \u00e9 citada no pedido de impeachment do MBL, em especial a de 19 de abril de 2020, que tinha como pauta a promulga\u00e7\u00e3o de um novo AI-5, o fechamento do Congresso Nacional e do Supremo Tribunal Federal.&nbsp;<\/p>\n\n\n\n<p>Ao participar do evento, o presidente teria violado os artigo 4\u00ba&nbsp; e 6\u00ba da Lei de Impeachment, que atribuem crime de responsabilidade a atos do presidente contra o livre exerc\u00edcio dos poderes Legislativo e Judici\u00e1rio. Esse fato tamb\u00e9m \u00e9 classificado como \u201cquebra de decoro\u201d, outro crime de responsabilidade.&nbsp;<\/p>\n\n\n\n<p>O MBL pede que sejam ouvidos como testemunhas, al\u00e9m de Moro e do ex-diretor da Pol\u00edcia Federal (PF),o ex-superintendente da PF no Rio de Janeiro, Alexandre Ramagem, o ministro do STF, Alexandre de Moraes, os filhos Eduardo e Carlos Bolsonaro e a deputada federal Carla Zambelli.&nbsp;<\/p>\n\n\n\n<p>*<em>Por erro na certifica\u00e7\u00e3o digital no registro de protocolos da C\u00e2mara dos Deputados, o Pedido 0024 precisou ser substitu\u00eddo pelos proponentes. A mesma pe\u00e7a, que tinha sido apresentada no dia 27 de abril de 2020, foi reapresentada pelos signat\u00e1rios e protocolada na C\u00e2mara dos Deputados no dia 18 de junho. O documento segue em an\u00e1lise desde ent\u00e3o.<\/em><\/p>\n","protected":false},"excerpt":{"rendered":"<p>O pedido de impeachment do Movimento Brasil Livre (MBL) \u00e9 assinado pelo advogado e coordenador nacional do movimento Rubens Gatti Nunes. O deputado Kim Kataguiri (DEM), um dos nomes mais famosos do movimento, fez o an\u00fancio oficial no dia em que o documento foi protocolado, em 27 de abril de 2020*.&nbsp; O MBL apoiou a<\/p>\n","protected":false},"author":24,"featured_media":219,"comment_status":"closed","ping_status":"closed","sticky":false,"template":"","format":"standard","meta":{"_acf_changed":false,"_jetpack_memberships_contains_paid_content":false,"footnotes":""},"categories":[1],"tags":[28,11,7,29],"coauthors":[],"class_list":["post-2783","post","type-post","status-publish","format-standard","has-post-thumbnail","hentry","category-sem-categoria","tag-congresso-nacional","tag-ditadura-militar","tag-policia-federal","tag-stf"],"acf":[],"yoast_head":"<!-- This site is optimized with the Yoast SEO plugin v27.5 - https:\/\/yoast.com\/product\/yoast-seo-wordpress\/ -->\n<title>Pedido 0034 - Os pedidos de impeachment de Bolsonaro<\/title>\n<meta name=\"robots\" content=\"index, follow, max-snippet:-1, max-image-preview:large, max-video-preview:-1\" \/>\n<link rel=\"canonical\" href=\"https:\/\/apublica.org\/impeachment-bolsonaro\/pedido-034\/\" \/>\n<meta property=\"og:locale\" content=\"pt_BR\" \/>\n<meta property=\"og:type\" content=\"article\" \/>\n<meta property=\"og:title\" content=\"Pedido 0034 - Os pedidos de impeachment de Bolsonaro\" \/>\n<meta property=\"og:description\" content=\"O pedido de impeachment do Movimento Brasil Livre (MBL) \u00e9 assinado pelo advogado e coordenador nacional do movimento Rubens Gatti Nunes. O deputado Kim Kataguiri (DEM), um dos nomes mais famosos do movimento, fez o an\u00fancio oficial no dia em que o documento foi protocolado, em 27 de abril de 2020*.&nbsp; O MBL apoiou a\" \/>\n<meta property=\"og:url\" content=\"https:\/\/apublica.org\/impeachment-bolsonaro\/pedido-034\/\" \/>\n<meta property=\"og:site_name\" content=\"Os pedidos de impeachment de Bolsonaro\" \/>\n<meta property=\"article:published_time\" content=\"2020-04-27T06:30:00+00:00\" \/>\n<meta property=\"article:modified_time\" content=\"2022-05-28T01:59:52+00:00\" \/>\n<meta property=\"og:image\" content=\"https:\/\/i0.wp.com\/apublica.org\/impeachment-bolsonaro\/wp-content\/uploads\/2020\/05\/imagem-pedido-mbl-foto-pedro-de-oliveira-alep.png?fit=1530%2C856&ssl=1\" \/>\n\t<meta property=\"og:image:width\" content=\"1530\" \/>\n\t<meta property=\"og:image:height\" content=\"856\" \/>\n\t<meta property=\"og:image:type\" content=\"image\/png\" \/>\n<meta name=\"author\" content=\"Mariama Correia\" \/>\n<meta name=\"twitter:card\" content=\"summary_large_image\" \/>\n<meta name=\"twitter:label1\" content=\"Escrito por\" \/>\n\t<meta name=\"twitter:data1\" content=\"Mariama Correia\" \/>\n\t<meta name=\"twitter:label2\" content=\"Est. tempo de leitura\" \/>\n\t<meta name=\"twitter:data2\" content=\"2 minutos\" \/>\n\t<meta name=\"twitter:label3\" content=\"Written by\" \/>\n\t<meta name=\"twitter:data3\" content=\"Mariama Correia\" \/>\n<script type=\"application\/ld+json\" class=\"yoast-schema-graph\">{\"@context\":\"https:\\\/\\\/schema.org\",\"@graph\":[{\"@type\":\"Article\",\"@id\":\"https:\\\/\\\/apublica.org\\\/impeachment-bolsonaro\\\/pedido-034\\\/#article\",\"isPartOf\":{\"@id\":\"https:\\\/\\\/apublica.org\\\/impeachment-bolsonaro\\\/pedido-034\\\/\"},\"author\":{\"name\":\"Mariama Correia\",\"@id\":\"https:\\\/\\\/apublica.org\\\/impeachment-bolsonaro\\\/#\\\/schema\\\/person\\\/8623a96115a50fbdb34c523c66189ee8\"},\"headline\":\"Pedido 0034\",\"datePublished\":\"2020-04-27T06:30:00+00:00\",\"dateModified\":\"2022-05-28T01:59:52+00:00\",\"mainEntityOfPage\":{\"@id\":\"https:\\\/\\\/apublica.org\\\/impeachment-bolsonaro\\\/pedido-034\\\/\"},\"wordCount\":462,\"image\":{\"@id\":\"https:\\\/\\\/apublica.org\\\/impeachment-bolsonaro\\\/pedido-034\\\/#primaryimage\"},\"thumbnailUrl\":\"https:\\\/\\\/i0.wp.com\\\/apublica.org\\\/impeachment-bolsonaro\\\/wp-content\\\/uploads\\\/2020\\\/05\\\/imagem-pedido-mbl-foto-pedro-de-oliveira-alep.png?fit=1530%2C856&ssl=1\",\"keywords\":[\"Congresso Nacional\",\"ditadura militar\",\"Pol\u00edcia Federal\",\"STF\"],\"inLanguage\":\"pt-BR\"},{\"@type\":\"WebPage\",\"@id\":\"https:\\\/\\\/apublica.org\\\/impeachment-bolsonaro\\\/pedido-034\\\/\",\"url\":\"https:\\\/\\\/apublica.org\\\/impeachment-bolsonaro\\\/pedido-034\\\/\",\"name\":\"Pedido 0034 - Os pedidos de impeachment de Bolsonaro\",\"isPartOf\":{\"@id\":\"https:\\\/\\\/apublica.org\\\/impeachment-bolsonaro\\\/#website\"},\"primaryImageOfPage\":{\"@id\":\"https:\\\/\\\/apublica.org\\\/impeachment-bolsonaro\\\/pedido-034\\\/#primaryimage\"},\"image\":{\"@id\":\"https:\\\/\\\/apublica.org\\\/impeachment-bolsonaro\\\/pedido-034\\\/#primaryimage\"},\"thumbnailUrl\":\"https:\\\/\\\/i0.wp.com\\\/apublica.org\\\/impeachment-bolsonaro\\\/wp-content\\\/uploads\\\/2020\\\/05\\\/imagem-pedido-mbl-foto-pedro-de-oliveira-alep.png?fit=1530%2C856&ssl=1\",\"datePublished\":\"2020-04-27T06:30:00+00:00\",\"dateModified\":\"2022-05-28T01:59:52+00:00\",\"author\":{\"@id\":\"https:\\\/\\\/apublica.org\\\/impeachment-bolsonaro\\\/#\\\/schema\\\/person\\\/8623a96115a50fbdb34c523c66189ee8\"},\"breadcrumb\":{\"@id\":\"https:\\\/\\\/apublica.org\\\/impeachment-bolsonaro\\\/pedido-034\\\/#breadcrumb\"},\"inLanguage\":\"pt-BR\",\"potentialAction\":[{\"@type\":\"ReadAction\",\"target\":[\"https:\\\/\\\/apublica.org\\\/impeachment-bolsonaro\\\/pedido-034\\\/\"]}]},{\"@type\":\"ImageObject\",\"inLanguage\":\"pt-BR\",\"@id\":\"https:\\\/\\\/apublica.org\\\/impeachment-bolsonaro\\\/pedido-034\\\/#primaryimage\",\"url\":\"https:\\\/\\\/i0.wp.com\\\/apublica.org\\\/impeachment-bolsonaro\\\/wp-content\\\/uploads\\\/2020\\\/05\\\/imagem-pedido-mbl-foto-pedro-de-oliveira-alep.png?fit=1530%2C856&ssl=1\",\"contentUrl\":\"https:\\\/\\\/i0.wp.com\\\/apublica.org\\\/impeachment-bolsonaro\\\/wp-content\\\/uploads\\\/2020\\\/05\\\/imagem-pedido-mbl-foto-pedro-de-oliveira-alep.png?fit=1530%2C856&ssl=1\",\"width\":1530,\"height\":856},{\"@type\":\"BreadcrumbList\",\"@id\":\"https:\\\/\\\/apublica.org\\\/impeachment-bolsonaro\\\/pedido-034\\\/#breadcrumb\",\"itemListElement\":[{\"@type\":\"ListItem\",\"position\":1,\"name\":\"In\u00edcio\",\"item\":\"https:\\\/\\\/apublica.org\\\/impeachment-bolsonaro\\\/\"},{\"@type\":\"ListItem\",\"position\":2,\"name\":\"Pedido 0034\"}]},{\"@type\":\"WebSite\",\"@id\":\"https:\\\/\\\/apublica.org\\\/impeachment-bolsonaro\\\/#website\",\"url\":\"https:\\\/\\\/apublica.org\\\/impeachment-bolsonaro\\\/\",\"name\":\"Os pedidos de impeachment de Bolsonaro\",\"description\":\"\",\"potentialAction\":[{\"@type\":\"SearchAction\",\"target\":{\"@type\":\"EntryPoint\",\"urlTemplate\":\"https:\\\/\\\/apublica.org\\\/impeachment-bolsonaro\\\/?s={search_term_string}\"},\"query-input\":{\"@type\":\"PropertyValueSpecification\",\"valueRequired\":true,\"valueName\":\"search_term_string\"}}],\"inLanguage\":\"pt-BR\"},{\"@type\":\"Person\",\"@id\":\"https:\\\/\\\/apublica.org\\\/impeachment-bolsonaro\\\/#\\\/schema\\\/person\\\/8623a96115a50fbdb34c523c66189ee8\",\"name\":\"Mariama Correia\",\"image\":{\"@type\":\"ImageObject\",\"inLanguage\":\"pt-BR\",\"@id\":\"https:\\\/\\\/secure.gravatar.com\\\/avatar\\\/d86967440835379aa59e7315cb6da864332a30c986d8ebe3bbbc2e0c439fdf92?s=96&d=mm&r=g2c50642425aec9747fc19244c0fa1a50\",\"url\":\"https:\\\/\\\/secure.gravatar.com\\\/avatar\\\/d86967440835379aa59e7315cb6da864332a30c986d8ebe3bbbc2e0c439fdf92?s=96&d=mm&r=g\",\"contentUrl\":\"https:\\\/\\\/secure.gravatar.com\\\/avatar\\\/d86967440835379aa59e7315cb6da864332a30c986d8ebe3bbbc2e0c439fdf92?s=96&d=mm&r=g\",\"caption\":\"Mariama Correia\"},\"description\":\"Jornalista formada pela Universidade Cat\u00f3lica de Pernambuco e p\u00f3s-graduada pela Universidade Federal de Pernambuco. Foi rep\u00f3rter do coletivo de jornalismo investigativo e independente Marco Zero Conte\u00fado e da editoria de Economia do jornal Folha de Pernambuco. J\u00e1 assinou mat\u00e9rias no The Intercept Brasil, em revistas da Editora Abril e em outras publica\u00e7\u00f5es. Participa do Atlas da Not\u00edcia, um mapeamento do jornalismo no Brasil, como pesquisadora do Nordeste.\",\"url\":\"https:\\\/\\\/apublica.org\\\/impeachment-bolsonaro\\\/author\\\/mariamacorreia\\\/\"}]}<\/script>\n<!-- \/ Yoast SEO plugin. -->","yoast_head_json":{"title":"Pedido 0034 - Os pedidos de impeachment de Bolsonaro","robots":{"index":"index","follow":"follow","max-snippet":"max-snippet:-1","max-image-preview":"max-image-preview:large","max-video-preview":"max-video-preview:-1"},"canonical":"https:\/\/apublica.org\/impeachment-bolsonaro\/pedido-034\/","og_locale":"pt_BR","og_type":"article","og_title":"Pedido 0034 - Os pedidos de impeachment de Bolsonaro","og_description":"O pedido de impeachment do Movimento Brasil Livre (MBL) \u00e9 assinado pelo advogado e coordenador nacional do movimento Rubens Gatti Nunes. O deputado Kim Kataguiri (DEM), um dos nomes mais famosos do movimento, fez o an\u00fancio oficial no dia em que o documento foi protocolado, em 27 de abril de 2020*.&nbsp; O MBL apoiou a","og_url":"https:\/\/apublica.org\/impeachment-bolsonaro\/pedido-034\/","og_site_name":"Os pedidos de impeachment de Bolsonaro","article_published_time":"2020-04-27T06:30:00+00:00","article_modified_time":"2022-05-28T01:59:52+00:00","og_image":[{"width":1530,"height":856,"url":"https:\/\/i0.wp.com\/apublica.org\/impeachment-bolsonaro\/wp-content\/uploads\/2020\/05\/imagem-pedido-mbl-foto-pedro-de-oliveira-alep.png?fit=1530%2C856&ssl=1","type":"image\/png"}],"author":"Mariama Correia","twitter_card":"summary_large_image","twitter_misc":{"Escrito por":"Mariama Correia","Est. tempo de leitura":"2 minutos","Written by":"Mariama Correia"},"schema":{"@context":"https:\/\/schema.org","@graph":[{"@type":"Article","@id":"https:\/\/apublica.org\/impeachment-bolsonaro\/pedido-034\/#article","isPartOf":{"@id":"https:\/\/apublica.org\/impeachment-bolsonaro\/pedido-034\/"},"author":{"name":"Mariama Correia","@id":"https:\/\/apublica.org\/impeachment-bolsonaro\/#\/schema\/person\/8623a96115a50fbdb34c523c66189ee8"},"headline":"Pedido 0034","datePublished":"2020-04-27T06:30:00+00:00","dateModified":"2022-05-28T01:59:52+00:00","mainEntityOfPage":{"@id":"https:\/\/apublica.org\/impeachment-bolsonaro\/pedido-034\/"},"wordCount":462,"image":{"@id":"https:\/\/apublica.org\/impeachment-bolsonaro\/pedido-034\/#primaryimage"},"thumbnailUrl":"https:\/\/i0.wp.com\/apublica.org\/impeachment-bolsonaro\/wp-content\/uploads\/2020\/05\/imagem-pedido-mbl-foto-pedro-de-oliveira-alep.png?fit=1530%2C856&ssl=1","keywords":["Congresso Nacional","ditadura militar","Pol\u00edcia Federal","STF"],"inLanguage":"pt-BR"},{"@type":"WebPage","@id":"https:\/\/apublica.org\/impeachment-bolsonaro\/pedido-034\/","url":"https:\/\/apublica.org\/impeachment-bolsonaro\/pedido-034\/","name":"Pedido 0034 - Os pedidos de impeachment de Bolsonaro","isPartOf":{"@id":"https:\/\/apublica.org\/impeachment-bolsonaro\/#website"},"primaryImageOfPage":{"@id":"https:\/\/apublica.org\/impeachment-bolsonaro\/pedido-034\/#primaryimage"},"image":{"@id":"https:\/\/apublica.org\/impeachment-bolsonaro\/pedido-034\/#primaryimage"},"thumbnailUrl":"https:\/\/i0.wp.com\/apublica.org\/impeachment-bolsonaro\/wp-content\/uploads\/2020\/05\/imagem-pedido-mbl-foto-pedro-de-oliveira-alep.png?fit=1530%2C856&ssl=1","datePublished":"2020-04-27T06:30:00+00:00","dateModified":"2022-05-28T01:59:52+00:00","author":{"@id":"https:\/\/apublica.org\/impeachment-bolsonaro\/#\/schema\/person\/8623a96115a50fbdb34c523c66189ee8"},"breadcrumb":{"@id":"https:\/\/apublica.org\/impeachment-bolsonaro\/pedido-034\/#breadcrumb"},"inLanguage":"pt-BR","potentialAction":[{"@type":"ReadAction","target":["https:\/\/apublica.org\/impeachment-bolsonaro\/pedido-034\/"]}]},{"@type":"ImageObject","inLanguage":"pt-BR","@id":"https:\/\/apublica.org\/impeachment-bolsonaro\/pedido-034\/#primaryimage","url":"https:\/\/i0.wp.com\/apublica.org\/impeachment-bolsonaro\/wp-content\/uploads\/2020\/05\/imagem-pedido-mbl-foto-pedro-de-oliveira-alep.png?fit=1530%2C856&ssl=1","contentUrl":"https:\/\/i0.wp.com\/apublica.org\/impeachment-bolsonaro\/wp-content\/uploads\/2020\/05\/imagem-pedido-mbl-foto-pedro-de-oliveira-alep.png?fit=1530%2C856&ssl=1","width":1530,"height":856},{"@type":"BreadcrumbList","@id":"https:\/\/apublica.org\/impeachment-bolsonaro\/pedido-034\/#breadcrumb","itemListElement":[{"@type":"ListItem","position":1,"name":"In\u00edcio","item":"https:\/\/apublica.org\/impeachment-bolsonaro\/"},{"@type":"ListItem","position":2,"name":"Pedido 0034"}]},{"@type":"WebSite","@id":"https:\/\/apublica.org\/impeachment-bolsonaro\/#website","url":"https:\/\/apublica.org\/impeachment-bolsonaro\/","name":"Os pedidos de impeachment de Bolsonaro","description":"","potentialAction":[{"@type":"SearchAction","target":{"@type":"EntryPoint","urlTemplate":"https:\/\/apublica.org\/impeachment-bolsonaro\/?s={search_term_string}"},"query-input":{"@type":"PropertyValueSpecification","valueRequired":true,"valueName":"search_term_string"}}],"inLanguage":"pt-BR"},{"@type":"Person","@id":"https:\/\/apublica.org\/impeachment-bolsonaro\/#\/schema\/person\/8623a96115a50fbdb34c523c66189ee8","name":"Mariama Correia","image":{"@type":"ImageObject","inLanguage":"pt-BR","@id":"https:\/\/secure.gravatar.com\/avatar\/d86967440835379aa59e7315cb6da864332a30c986d8ebe3bbbc2e0c439fdf92?s=96&d=mm&r=g2c50642425aec9747fc19244c0fa1a50","url":"https:\/\/secure.gravatar.com\/avatar\/d86967440835379aa59e7315cb6da864332a30c986d8ebe3bbbc2e0c439fdf92?s=96&d=mm&r=g","contentUrl":"https:\/\/secure.gravatar.com\/avatar\/d86967440835379aa59e7315cb6da864332a30c986d8ebe3bbbc2e0c439fdf92?s=96&d=mm&r=g","caption":"Mariama Correia"},"description":"Jornalista formada pela Universidade Cat\u00f3lica de Pernambuco e p\u00f3s-graduada pela Universidade Federal de Pernambuco. Foi rep\u00f3rter do coletivo de jornalismo investigativo e independente Marco Zero Conte\u00fado e da editoria de Economia do jornal Folha de Pernambuco. J\u00e1 assinou mat\u00e9rias no The Intercept Brasil, em revistas da Editora Abril e em outras publica\u00e7\u00f5es. Participa do Atlas da Not\u00edcia, um mapeamento do jornalismo no Brasil, como pesquisadora do Nordeste.","url":"https:\/\/apublica.org\/impeachment-bolsonaro\/author\/mariamacorreia\/"}]}},"jetpack_featured_media_url":"https:\/\/i0.wp.com\/apublica.org\/impeachment-bolsonaro\/wp-content\/uploads\/2020\/05\/imagem-pedido-mbl-foto-pedro-de-oliveira-alep.png?fit=1530%2C856&ssl=1","jetpack_sharing_enabled":true,"_links":{"self":[{"href":"https:\/\/apublica.org\/impeachment-bolsonaro\/wp-json\/wp\/v2\/posts\/2783","targetHints":{"allow":["GET"]}}],"collection":[{"href":"https:\/\/apublica.org\/impeachment-bolsonaro\/wp-json\/wp\/v2\/posts"}],"about":[{"href":"https:\/\/apublica.org\/impeachment-bolsonaro\/wp-json\/wp\/v2\/types\/post"}],"author":[{"embeddable":true,"href":"https:\/\/apublica.org\/impeachment-bolsonaro\/wp-json\/wp\/v2\/users\/24"}],"replies":[{"embeddable":true,"href":"https:\/\/apublica.org\/impeachment-bolsonaro\/wp-json\/wp\/v2\/comments?post=2783"}],"version-history":[{"count":1,"href":"https:\/\/apublica.org\/impeachment-bolsonaro\/wp-json\/wp\/v2\/posts\/2783\/revisions"}],"predecessor-version":[{"id":3393,"href":"https:\/\/apublica.org\/impeachment-bolsonaro\/wp-json\/wp\/v2\/posts\/2783\/revisions\/3393"}],"wp:featuredmedia":[{"embeddable":true,"href":"https:\/\/apublica.org\/impeachment-bolsonaro\/wp-json\/wp\/v2\/media\/219"}],"wp:attachment":[{"href":"https:\/\/apublica.org\/impeachment-bolsonaro\/wp-json\/wp\/v2\/media?parent=2783"}],"wp:term":[{"taxonomy":"category","embeddable":true,"href":"https:\/\/apublica.org\/impeachment-bolsonaro\/wp-json\/wp\/v2\/categories?post=2783"},{"taxonomy":"post_tag","embeddable":true,"href":"https:\/\/apublica.org\/impeachment-bolsonaro\/wp-json\/wp\/v2\/tags?post=2783"},{"taxonomy":"author","embeddable":true,"href":"https:\/\/apublica.org\/impeachment-bolsonaro\/wp-json\/wp\/v2\/coauthors?post=2783"}],"curies":[{"name":"wp","href":"https:\/\/api.w.org\/{rel}","templated":true}]}}