{"id":2784,"date":"2020-04-27T03:00:00","date_gmt":"2020-04-27T06:00:00","guid":{"rendered":"https:\/\/apublica.org\/impeachment-bolsonaro.new\/pedido-032\/"},"modified":"2022-05-27T22:59:56","modified_gmt":"2022-05-28T01:59:56","slug":"pedido-032","status":"publish","type":"post","link":"https:\/\/apublica.org\/impeachment-bolsonaro\/pedido-032\/","title":{"rendered":"Pedido 0032"},"content":{"rendered":"\n<p>O pedido de impeachment feito pela deputada Joice Hasselman (PSL-SP), toma como base a coletiva de imprensa realizada pelo ex-ministro S\u00e9rgio Moro no dia 24 de abril \u2013 e inclusive cita diversos trechos entre aspas.&nbsp;<\/p>\n\n\n\n<p>Primeiro, argumenta que o ex-diretor da Pol\u00edcia Federal, Maur\u00edcio Valeixo, foi demitido pelo presidente, mas no Di\u00e1rio Oficial da Uni\u00e3o o decreto saiu como \u201cexonerado a pedido\u201d. \u201cO ex-ministro S\u00e9rgio Moro classificou a voluntariedade da exonera\u00e7\u00e3o, expressamente, como inver\u00eddica\u201d, afirma. O objetivo de usar dados \u201cideologicamente falsos\u201d seria dissolver \u201ceventuais cr\u00edticas\u201d pela demiss\u00e3o. O que \u00e9 crime, de acordo com o artigo 299 do c\u00f3digo penal, ou seja, omitir declara\u00e7\u00e3o que deveria constar em um documento p\u00fablico com o fim de \u201calterar a verdade sobre fato jur\u00eddico relevante\u201d. Embora seja um crime comum, o documento argumenta que a a\u00e7\u00e3o viola o artigo 7\u00ba da Lei de Crimes de Responsabilidade (1079\/50), que determina como motivo poss\u00edvel \u201cpermitir, de forma expressa ou t\u00e1cita, a infra\u00e7\u00e3o de lei federal de ordem p\u00fablica\u201d.&nbsp;&nbsp;<\/p>\n\n\n\n<p>O segundo fato \u00e9 \u201cainda mais grave\u201d, segundo Hasselman. O pedido ressalta que os filhos do presidente s\u00e3o objeto de investiga\u00e7\u00f5es e que Jair Bolsonaro \u201cgostaria de colocar no comando da Pol\u00edcia Federal algu\u00e9m que estivesse em condi\u00e7\u00e3o de subservi\u00eancia para com ele, podendo, ao seu mando, repassar essas informa\u00e7\u00f5es sens\u00edveis, especialmente se englobarem qualquer considera\u00e7\u00e3o sobre os seus filhos, para ent\u00e3o tomar as medidas cab\u00edveis e manipular tais informa\u00e7\u00f5es\u201d.&nbsp;<\/p>\n\n\n\n<p>Para corroborar, o documento cita textualmente S\u00e9rgio Moro, a respeito da troca na PF: \u201cFalei para o presidente que seria uma interfer\u00eancia pol\u00edtica. Ele disse que seria mesmo&#8221;.&nbsp;<\/p>\n\n\n\n<p>O crime estaria tipificado no artigo 7\u00ba da Lei dos Crimes de Responsabilidade, pois teria tentado \u201cservir-se das autoridades sob sua subordina\u00e7\u00e3o imediata para praticar abuso do poder, ou tolerar que essas autoridades o pratiquem sem repress\u00e3o sua\u201d. <\/p>\n\n\n\n<p>O pedido pede que seja instaurado o impeachment e sejam ouvido, como testemunhas, al\u00e9m de Moro e Valeixo, o ex-diretor da PF no Rio Ricardo Saadi, Fl\u00e1via Blanco, ex-chefe de gabinete de Moro e dois assessores especiais do ex-ministro, Marcos Koren e Fl\u00e1via Rutyna Heidemann.&nbsp;<\/p>\n","protected":false},"excerpt":{"rendered":"<p>O pedido de impeachment feito pela deputada Joice Hasselman (PSL-SP), toma como base a coletiva de imprensa realizada pelo ex-ministro S\u00e9rgio Moro no dia 24 de abril \u2013 e inclusive cita diversos trechos entre aspas.&nbsp; Primeiro, argumenta que o ex-diretor da Pol\u00edcia Federal, Maur\u00edcio Valeixo, foi demitido pelo presidente, mas no Di\u00e1rio Oficial da Uni\u00e3o<\/p>\n","protected":false},"author":24,"featured_media":191,"comment_status":"closed","ping_status":"closed","sticky":false,"template":"","format":"standard","meta":{"_acf_changed":false,"_jetpack_memberships_contains_paid_content":false,"footnotes":""},"categories":[1],"tags":[7],"coauthors":[],"class_list":["post-2784","post","type-post","status-publish","format-standard","has-post-thumbnail","hentry","category-sem-categoria","tag-policia-federal"],"acf":[],"yoast_head":"<!-- This site is optimized with the Yoast SEO plugin v27.5 - https:\/\/yoast.com\/product\/yoast-seo-wordpress\/ -->\n<title>Pedido 0032 - Os pedidos de impeachment de Bolsonaro<\/title>\n<meta name=\"robots\" content=\"index, follow, max-snippet:-1, max-image-preview:large, max-video-preview:-1\" \/>\n<link rel=\"canonical\" href=\"https:\/\/apublica.org\/impeachment-bolsonaro\/pedido-032\/\" \/>\n<meta property=\"og:locale\" content=\"pt_BR\" \/>\n<meta property=\"og:type\" content=\"article\" \/>\n<meta property=\"og:title\" content=\"&quot;A direita precisa consertar o que ajudou a fazer&quot;, diz Joice Hasselmann sobre impeachment\" \/>\n<meta property=\"og:description\" content=\"O pedido de impeachment feito pela deputada Joice Hasselman (PSL-SP), toma como base a coletiva de imprensa realizada pelo ex-ministro S\u00e9rgio Moro no dia 24 de abril \u2013 e inclusive cita diversos trechos entre aspas.&nbsp; Primeiro, argumenta que o ex-diretor da Pol\u00edcia Federal, Maur\u00edcio Valeixo, foi demitido pelo presidente, mas no Di\u00e1rio Oficial da Uni\u00e3o\" \/>\n<meta property=\"og:url\" content=\"https:\/\/apublica.org\/impeachment-bolsonaro\/pedido-032\/\" \/>\n<meta property=\"og:site_name\" content=\"Os pedidos de impeachment de Bolsonaro\" \/>\n<meta property=\"article:published_time\" content=\"2020-04-27T06:00:00+00:00\" \/>\n<meta property=\"article:modified_time\" content=\"2022-05-28T01:59:56+00:00\" \/>\n<meta property=\"og:image\" content=\"https:\/\/apublica.org\/impeachment-bolsonaro.new\/wp-content\/uploads\/2020\/04\/thumb-facebook-11.png\" \/>\n<meta name=\"author\" content=\"Mariama Correia\" \/>\n<meta name=\"twitter:card\" content=\"summary_large_image\" \/>\n<meta name=\"twitter:title\" content=\"&quot;A direita precisa consertar o que ajudou a fazer&quot;, diz Joice Hasselmann sobre impeachment\" \/>\n<meta name=\"twitter:image\" content=\"https:\/\/apublica.org\/impeachment-bolsonaro.new\/wp-content\/uploads\/2020\/04\/thumb-twitter-11.png\" \/>\n<meta name=\"twitter:label1\" content=\"Escrito por\" \/>\n\t<meta name=\"twitter:data1\" content=\"Mariama Correia\" \/>\n\t<meta name=\"twitter:label2\" content=\"Est. tempo de leitura\" \/>\n\t<meta name=\"twitter:data2\" content=\"2 minutos\" \/>\n\t<meta name=\"twitter:label3\" content=\"Written by\" \/>\n\t<meta name=\"twitter:data3\" content=\"Mariama Correia\" \/>\n<script type=\"application\/ld+json\" class=\"yoast-schema-graph\">{\"@context\":\"https:\\\/\\\/schema.org\",\"@graph\":[{\"@type\":\"Article\",\"@id\":\"https:\\\/\\\/apublica.org\\\/impeachment-bolsonaro\\\/pedido-032\\\/#article\",\"isPartOf\":{\"@id\":\"https:\\\/\\\/apublica.org\\\/impeachment-bolsonaro\\\/pedido-032\\\/\"},\"author\":{\"name\":\"Mariama Correia\",\"@id\":\"https:\\\/\\\/apublica.org\\\/impeachment-bolsonaro\\\/#\\\/schema\\\/person\\\/8623a96115a50fbdb34c523c66189ee8\"},\"headline\":\"Pedido 0032\",\"datePublished\":\"2020-04-27T06:00:00+00:00\",\"dateModified\":\"2022-05-28T01:59:56+00:00\",\"mainEntityOfPage\":{\"@id\":\"https:\\\/\\\/apublica.org\\\/impeachment-bolsonaro\\\/pedido-032\\\/\"},\"wordCount\":383,\"image\":{\"@id\":\"https:\\\/\\\/apublica.org\\\/impeachment-bolsonaro\\\/pedido-032\\\/#primaryimage\"},\"thumbnailUrl\":\"https:\\\/\\\/i0.wp.com\\\/apublica.org\\\/impeachment-bolsonaro\\\/wp-content\\\/uploads\\\/2020\\\/05\\\/imagem-pedido-joice-hasselmann-foto-jose-cruz-agencia-brasil.png?fit=1530%2C856&ssl=1\",\"keywords\":[\"Pol\u00edcia Federal\"],\"inLanguage\":\"pt-BR\"},{\"@type\":\"WebPage\",\"@id\":\"https:\\\/\\\/apublica.org\\\/impeachment-bolsonaro\\\/pedido-032\\\/\",\"url\":\"https:\\\/\\\/apublica.org\\\/impeachment-bolsonaro\\\/pedido-032\\\/\",\"name\":\"Pedido 0032 - Os pedidos de impeachment de Bolsonaro\",\"isPartOf\":{\"@id\":\"https:\\\/\\\/apublica.org\\\/impeachment-bolsonaro\\\/#website\"},\"primaryImageOfPage\":{\"@id\":\"https:\\\/\\\/apublica.org\\\/impeachment-bolsonaro\\\/pedido-032\\\/#primaryimage\"},\"image\":{\"@id\":\"https:\\\/\\\/apublica.org\\\/impeachment-bolsonaro\\\/pedido-032\\\/#primaryimage\"},\"thumbnailUrl\":\"https:\\\/\\\/i0.wp.com\\\/apublica.org\\\/impeachment-bolsonaro\\\/wp-content\\\/uploads\\\/2020\\\/05\\\/imagem-pedido-joice-hasselmann-foto-jose-cruz-agencia-brasil.png?fit=1530%2C856&ssl=1\",\"datePublished\":\"2020-04-27T06:00:00+00:00\",\"dateModified\":\"2022-05-28T01:59:56+00:00\",\"author\":{\"@id\":\"https:\\\/\\\/apublica.org\\\/impeachment-bolsonaro\\\/#\\\/schema\\\/person\\\/8623a96115a50fbdb34c523c66189ee8\"},\"breadcrumb\":{\"@id\":\"https:\\\/\\\/apublica.org\\\/impeachment-bolsonaro\\\/pedido-032\\\/#breadcrumb\"},\"inLanguage\":\"pt-BR\",\"potentialAction\":[{\"@type\":\"ReadAction\",\"target\":[\"https:\\\/\\\/apublica.org\\\/impeachment-bolsonaro\\\/pedido-032\\\/\"]}]},{\"@type\":\"ImageObject\",\"inLanguage\":\"pt-BR\",\"@id\":\"https:\\\/\\\/apublica.org\\\/impeachment-bolsonaro\\\/pedido-032\\\/#primaryimage\",\"url\":\"https:\\\/\\\/i0.wp.com\\\/apublica.org\\\/impeachment-bolsonaro\\\/wp-content\\\/uploads\\\/2020\\\/05\\\/imagem-pedido-joice-hasselmann-foto-jose-cruz-agencia-brasil.png?fit=1530%2C856&ssl=1\",\"contentUrl\":\"https:\\\/\\\/i0.wp.com\\\/apublica.org\\\/impeachment-bolsonaro\\\/wp-content\\\/uploads\\\/2020\\\/05\\\/imagem-pedido-joice-hasselmann-foto-jose-cruz-agencia-brasil.png?fit=1530%2C856&ssl=1\",\"width\":1530,\"height\":856},{\"@type\":\"BreadcrumbList\",\"@id\":\"https:\\\/\\\/apublica.org\\\/impeachment-bolsonaro\\\/pedido-032\\\/#breadcrumb\",\"itemListElement\":[{\"@type\":\"ListItem\",\"position\":1,\"name\":\"In\u00edcio\",\"item\":\"https:\\\/\\\/apublica.org\\\/impeachment-bolsonaro\\\/\"},{\"@type\":\"ListItem\",\"position\":2,\"name\":\"Pedido 0032\"}]},{\"@type\":\"WebSite\",\"@id\":\"https:\\\/\\\/apublica.org\\\/impeachment-bolsonaro\\\/#website\",\"url\":\"https:\\\/\\\/apublica.org\\\/impeachment-bolsonaro\\\/\",\"name\":\"Os pedidos de impeachment de Bolsonaro\",\"description\":\"\",\"potentialAction\":[{\"@type\":\"SearchAction\",\"target\":{\"@type\":\"EntryPoint\",\"urlTemplate\":\"https:\\\/\\\/apublica.org\\\/impeachment-bolsonaro\\\/?s={search_term_string}\"},\"query-input\":{\"@type\":\"PropertyValueSpecification\",\"valueRequired\":true,\"valueName\":\"search_term_string\"}}],\"inLanguage\":\"pt-BR\"},{\"@type\":\"Person\",\"@id\":\"https:\\\/\\\/apublica.org\\\/impeachment-bolsonaro\\\/#\\\/schema\\\/person\\\/8623a96115a50fbdb34c523c66189ee8\",\"name\":\"Mariama Correia\",\"image\":{\"@type\":\"ImageObject\",\"inLanguage\":\"pt-BR\",\"@id\":\"https:\\\/\\\/secure.gravatar.com\\\/avatar\\\/d86967440835379aa59e7315cb6da864332a30c986d8ebe3bbbc2e0c439fdf92?s=96&d=mm&r=g2c50642425aec9747fc19244c0fa1a50\",\"url\":\"https:\\\/\\\/secure.gravatar.com\\\/avatar\\\/d86967440835379aa59e7315cb6da864332a30c986d8ebe3bbbc2e0c439fdf92?s=96&d=mm&r=g\",\"contentUrl\":\"https:\\\/\\\/secure.gravatar.com\\\/avatar\\\/d86967440835379aa59e7315cb6da864332a30c986d8ebe3bbbc2e0c439fdf92?s=96&d=mm&r=g\",\"caption\":\"Mariama Correia\"},\"description\":\"Jornalista formada pela Universidade Cat\u00f3lica de Pernambuco e p\u00f3s-graduada pela Universidade Federal de Pernambuco. Foi rep\u00f3rter do coletivo de jornalismo investigativo e independente Marco Zero Conte\u00fado e da editoria de Economia do jornal Folha de Pernambuco. J\u00e1 assinou mat\u00e9rias no The Intercept Brasil, em revistas da Editora Abril e em outras publica\u00e7\u00f5es. Participa do Atlas da Not\u00edcia, um mapeamento do jornalismo no Brasil, como pesquisadora do Nordeste.\",\"url\":\"https:\\\/\\\/apublica.org\\\/impeachment-bolsonaro\\\/author\\\/mariamacorreia\\\/\"}]}<\/script>\n<!-- \/ Yoast SEO plugin. -->","yoast_head_json":{"title":"Pedido 0032 - Os pedidos de impeachment de Bolsonaro","robots":{"index":"index","follow":"follow","max-snippet":"max-snippet:-1","max-image-preview":"max-image-preview:large","max-video-preview":"max-video-preview:-1"},"canonical":"https:\/\/apublica.org\/impeachment-bolsonaro\/pedido-032\/","og_locale":"pt_BR","og_type":"article","og_title":"\"A direita precisa consertar o que ajudou a fazer\", diz Joice Hasselmann sobre impeachment","og_description":"O pedido de impeachment feito pela deputada Joice Hasselman (PSL-SP), toma como base a coletiva de imprensa realizada pelo ex-ministro S\u00e9rgio Moro no dia 24 de abril \u2013 e inclusive cita diversos trechos entre aspas.&nbsp; Primeiro, argumenta que o ex-diretor da Pol\u00edcia Federal, Maur\u00edcio Valeixo, foi demitido pelo presidente, mas no Di\u00e1rio Oficial da Uni\u00e3o","og_url":"https:\/\/apublica.org\/impeachment-bolsonaro\/pedido-032\/","og_site_name":"Os pedidos de impeachment de Bolsonaro","article_published_time":"2020-04-27T06:00:00+00:00","article_modified_time":"2022-05-28T01:59:56+00:00","og_image":[{"url":"https:\/\/apublica.org\/impeachment-bolsonaro.new\/wp-content\/uploads\/2020\/04\/thumb-facebook-11.png","type":"","width":"","height":""}],"author":"Mariama Correia","twitter_card":"summary_large_image","twitter_title":"\"A direita precisa consertar o que ajudou a fazer\", diz Joice Hasselmann sobre impeachment","twitter_image":"https:\/\/apublica.org\/impeachment-bolsonaro.new\/wp-content\/uploads\/2020\/04\/thumb-twitter-11.png","twitter_misc":{"Escrito por":"Mariama Correia","Est. tempo de leitura":"2 minutos","Written by":"Mariama Correia"},"schema":{"@context":"https:\/\/schema.org","@graph":[{"@type":"Article","@id":"https:\/\/apublica.org\/impeachment-bolsonaro\/pedido-032\/#article","isPartOf":{"@id":"https:\/\/apublica.org\/impeachment-bolsonaro\/pedido-032\/"},"author":{"name":"Mariama Correia","@id":"https:\/\/apublica.org\/impeachment-bolsonaro\/#\/schema\/person\/8623a96115a50fbdb34c523c66189ee8"},"headline":"Pedido 0032","datePublished":"2020-04-27T06:00:00+00:00","dateModified":"2022-05-28T01:59:56+00:00","mainEntityOfPage":{"@id":"https:\/\/apublica.org\/impeachment-bolsonaro\/pedido-032\/"},"wordCount":383,"image":{"@id":"https:\/\/apublica.org\/impeachment-bolsonaro\/pedido-032\/#primaryimage"},"thumbnailUrl":"https:\/\/i0.wp.com\/apublica.org\/impeachment-bolsonaro\/wp-content\/uploads\/2020\/05\/imagem-pedido-joice-hasselmann-foto-jose-cruz-agencia-brasil.png?fit=1530%2C856&ssl=1","keywords":["Pol\u00edcia Federal"],"inLanguage":"pt-BR"},{"@type":"WebPage","@id":"https:\/\/apublica.org\/impeachment-bolsonaro\/pedido-032\/","url":"https:\/\/apublica.org\/impeachment-bolsonaro\/pedido-032\/","name":"Pedido 0032 - Os pedidos de impeachment de Bolsonaro","isPartOf":{"@id":"https:\/\/apublica.org\/impeachment-bolsonaro\/#website"},"primaryImageOfPage":{"@id":"https:\/\/apublica.org\/impeachment-bolsonaro\/pedido-032\/#primaryimage"},"image":{"@id":"https:\/\/apublica.org\/impeachment-bolsonaro\/pedido-032\/#primaryimage"},"thumbnailUrl":"https:\/\/i0.wp.com\/apublica.org\/impeachment-bolsonaro\/wp-content\/uploads\/2020\/05\/imagem-pedido-joice-hasselmann-foto-jose-cruz-agencia-brasil.png?fit=1530%2C856&ssl=1","datePublished":"2020-04-27T06:00:00+00:00","dateModified":"2022-05-28T01:59:56+00:00","author":{"@id":"https:\/\/apublica.org\/impeachment-bolsonaro\/#\/schema\/person\/8623a96115a50fbdb34c523c66189ee8"},"breadcrumb":{"@id":"https:\/\/apublica.org\/impeachment-bolsonaro\/pedido-032\/#breadcrumb"},"inLanguage":"pt-BR","potentialAction":[{"@type":"ReadAction","target":["https:\/\/apublica.org\/impeachment-bolsonaro\/pedido-032\/"]}]},{"@type":"ImageObject","inLanguage":"pt-BR","@id":"https:\/\/apublica.org\/impeachment-bolsonaro\/pedido-032\/#primaryimage","url":"https:\/\/i0.wp.com\/apublica.org\/impeachment-bolsonaro\/wp-content\/uploads\/2020\/05\/imagem-pedido-joice-hasselmann-foto-jose-cruz-agencia-brasil.png?fit=1530%2C856&ssl=1","contentUrl":"https:\/\/i0.wp.com\/apublica.org\/impeachment-bolsonaro\/wp-content\/uploads\/2020\/05\/imagem-pedido-joice-hasselmann-foto-jose-cruz-agencia-brasil.png?fit=1530%2C856&ssl=1","width":1530,"height":856},{"@type":"BreadcrumbList","@id":"https:\/\/apublica.org\/impeachment-bolsonaro\/pedido-032\/#breadcrumb","itemListElement":[{"@type":"ListItem","position":1,"name":"In\u00edcio","item":"https:\/\/apublica.org\/impeachment-bolsonaro\/"},{"@type":"ListItem","position":2,"name":"Pedido 0032"}]},{"@type":"WebSite","@id":"https:\/\/apublica.org\/impeachment-bolsonaro\/#website","url":"https:\/\/apublica.org\/impeachment-bolsonaro\/","name":"Os pedidos de impeachment de Bolsonaro","description":"","potentialAction":[{"@type":"SearchAction","target":{"@type":"EntryPoint","urlTemplate":"https:\/\/apublica.org\/impeachment-bolsonaro\/?s={search_term_string}"},"query-input":{"@type":"PropertyValueSpecification","valueRequired":true,"valueName":"search_term_string"}}],"inLanguage":"pt-BR"},{"@type":"Person","@id":"https:\/\/apublica.org\/impeachment-bolsonaro\/#\/schema\/person\/8623a96115a50fbdb34c523c66189ee8","name":"Mariama Correia","image":{"@type":"ImageObject","inLanguage":"pt-BR","@id":"https:\/\/secure.gravatar.com\/avatar\/d86967440835379aa59e7315cb6da864332a30c986d8ebe3bbbc2e0c439fdf92?s=96&d=mm&r=g2c50642425aec9747fc19244c0fa1a50","url":"https:\/\/secure.gravatar.com\/avatar\/d86967440835379aa59e7315cb6da864332a30c986d8ebe3bbbc2e0c439fdf92?s=96&d=mm&r=g","contentUrl":"https:\/\/secure.gravatar.com\/avatar\/d86967440835379aa59e7315cb6da864332a30c986d8ebe3bbbc2e0c439fdf92?s=96&d=mm&r=g","caption":"Mariama Correia"},"description":"Jornalista formada pela Universidade Cat\u00f3lica de Pernambuco e p\u00f3s-graduada pela Universidade Federal de Pernambuco. Foi rep\u00f3rter do coletivo de jornalismo investigativo e independente Marco Zero Conte\u00fado e da editoria de Economia do jornal Folha de Pernambuco. J\u00e1 assinou mat\u00e9rias no The Intercept Brasil, em revistas da Editora Abril e em outras publica\u00e7\u00f5es. Participa do Atlas da Not\u00edcia, um mapeamento do jornalismo no Brasil, como pesquisadora do Nordeste.","url":"https:\/\/apublica.org\/impeachment-bolsonaro\/author\/mariamacorreia\/"}]}},"jetpack_featured_media_url":"https:\/\/i0.wp.com\/apublica.org\/impeachment-bolsonaro\/wp-content\/uploads\/2020\/05\/imagem-pedido-joice-hasselmann-foto-jose-cruz-agencia-brasil.png?fit=1530%2C856&ssl=1","jetpack_sharing_enabled":true,"_links":{"self":[{"href":"https:\/\/apublica.org\/impeachment-bolsonaro\/wp-json\/wp\/v2\/posts\/2784","targetHints":{"allow":["GET"]}}],"collection":[{"href":"https:\/\/apublica.org\/impeachment-bolsonaro\/wp-json\/wp\/v2\/posts"}],"about":[{"href":"https:\/\/apublica.org\/impeachment-bolsonaro\/wp-json\/wp\/v2\/types\/post"}],"author":[{"embeddable":true,"href":"https:\/\/apublica.org\/impeachment-bolsonaro\/wp-json\/wp\/v2\/users\/24"}],"replies":[{"embeddable":true,"href":"https:\/\/apublica.org\/impeachment-bolsonaro\/wp-json\/wp\/v2\/comments?post=2784"}],"version-history":[{"count":1,"href":"https:\/\/apublica.org\/impeachment-bolsonaro\/wp-json\/wp\/v2\/posts\/2784\/revisions"}],"predecessor-version":[{"id":3395,"href":"https:\/\/apublica.org\/impeachment-bolsonaro\/wp-json\/wp\/v2\/posts\/2784\/revisions\/3395"}],"wp:featuredmedia":[{"embeddable":true,"href":"https:\/\/apublica.org\/impeachment-bolsonaro\/wp-json\/wp\/v2\/media\/191"}],"wp:attachment":[{"href":"https:\/\/apublica.org\/impeachment-bolsonaro\/wp-json\/wp\/v2\/media?parent=2784"}],"wp:term":[{"taxonomy":"category","embeddable":true,"href":"https:\/\/apublica.org\/impeachment-bolsonaro\/wp-json\/wp\/v2\/categories?post=2784"},{"taxonomy":"post_tag","embeddable":true,"href":"https:\/\/apublica.org\/impeachment-bolsonaro\/wp-json\/wp\/v2\/tags?post=2784"},{"taxonomy":"author","embeddable":true,"href":"https:\/\/apublica.org\/impeachment-bolsonaro\/wp-json\/wp\/v2\/coauthors?post=2784"}],"curies":[{"name":"wp","href":"https:\/\/api.w.org\/{rel}","templated":true}]}}