{"id":2786,"date":"2020-01-08T02:00:00","date_gmt":"2020-01-08T05:00:00","guid":{"rendered":"https:\/\/apublica.org\/impeachment-bolsonaro.new\/pedido-0006\/"},"modified":"2022-05-27T23:00:06","modified_gmt":"2022-05-28T02:00:06","slug":"pedido-0006","status":"publish","type":"post","link":"https:\/\/apublica.org\/impeachment-bolsonaro\/pedido-0006\/","title":{"rendered":"Pedido 006"},"content":{"rendered":"\n<p>No dia 8 de janeiro de 2020, o procurador aposentado Felipe dos Santos Fontes impetrou pedido de impeachment contra o presidente Bolsonaro por seu apoio ao ataque dos Estados Unidos contra o Ir\u00e3 que resultou na morte do general Qasem Soleimani.&nbsp;<\/p>\n\n\n\n<p>O ataque dos Estados Unidos contra o general iraniano aconteceu no dia 3 de janeiro de 2020 \u2013 5 dias antes do pedido de impeachment ser protocolado \u2013 e, segundo o proponente, violou o princ\u00edpio de territorialidade entre as na\u00e7\u00f5es, al\u00e9m do direito humano a julgamento antes de condena\u00e7\u00e3o.&nbsp;<\/p>\n\n\n\n<p>Na ocasi\u00e3o, o Itamaraty emitiu nota de apoio ao ataque, carregando, de acordo o pedido a &#8220;m\u00e3o invis\u00edvel da Presid\u00eancia&#8221;. O pedido usa como argumento entrevista do presidente ao jornalista Jos\u00e9 Luiz Datena na qual ele refor\u00e7a o alinhamento aos Estados Unidos no conflito contra o Ir\u00e3.&nbsp;<\/p>\n\n\n\n<p>Ainda, a emiss\u00e3o da nota ocorreu sem autoriza\u00e7\u00e3o do Congresso nem consulta ao Conselho de Defesa Nacional, exigidas pelos artigos 84 e 91 da Constitui\u00e7\u00e3o Federal de 1988.&nbsp;<\/p>\n\n\n\n<p>Para o proponente, o apoio ao ataque norteamericano viola o artigo 5\u00ba da lei 1079\/50 que determina que &#8220;cometer ato de hostilidade contra na\u00e7\u00e3o estrangeira, expondo a Rep\u00fablica ao perigo de guerra ou comprometendo-lhe a neutralidade&#8221; configura crime de responsabilidade contra a exist\u00eancia da Uni\u00e3o.<\/p>\n","protected":false},"excerpt":{"rendered":"<p>No dia 8 de janeiro de 2020, o procurador aposentado Felipe dos Santos Fontes impetrou pedido de impeachment contra o presidente Bolsonaro por seu apoio ao ataque dos Estados Unidos contra o Ir\u00e3 que resultou na morte do general Qasem Soleimani.&nbsp; O ataque dos Estados Unidos contra o general iraniano aconteceu no dia 3 de<\/p>\n","protected":false},"author":22,"featured_media":224,"comment_status":"closed","ping_status":"closed","sticky":false,"template":"","format":"standard","meta":{"_acf_changed":false,"_jetpack_memberships_contains_paid_content":false,"footnotes":""},"categories":[1],"tags":[19],"coauthors":[],"class_list":["post-2786","post","type-post","status-publish","format-standard","has-post-thumbnail","hentry","category-sem-categoria","tag-relacoes-internacionais"],"acf":[],"yoast_head":"<!-- This site is optimized with the Yoast SEO plugin v27.5 - https:\/\/yoast.com\/product\/yoast-seo-wordpress\/ -->\n<title>Pedido 006 - Os pedidos de impeachment de Bolsonaro<\/title>\n<meta name=\"robots\" content=\"index, follow, max-snippet:-1, max-image-preview:large, max-video-preview:-1\" \/>\n<link rel=\"canonical\" href=\"https:\/\/apublica.org\/impeachment-bolsonaro\/pedido-0006\/\" \/>\n<meta property=\"og:locale\" content=\"pt_BR\" \/>\n<meta property=\"og:type\" content=\"article\" \/>\n<meta property=\"og:title\" content=\"Pedido 006 - Os pedidos de impeachment de Bolsonaro\" \/>\n<meta property=\"og:description\" content=\"No dia 8 de janeiro de 2020, o procurador aposentado Felipe dos Santos Fontes impetrou pedido de impeachment contra o presidente Bolsonaro por seu apoio ao ataque dos Estados Unidos contra o Ir\u00e3 que resultou na morte do general Qasem Soleimani.&nbsp; O ataque dos Estados Unidos contra o general iraniano aconteceu no dia 3 de\" \/>\n<meta property=\"og:url\" content=\"https:\/\/apublica.org\/impeachment-bolsonaro\/pedido-0006\/\" \/>\n<meta property=\"og:site_name\" content=\"Os pedidos de impeachment de Bolsonaro\" \/>\n<meta property=\"article:published_time\" content=\"2020-01-08T05:00:00+00:00\" \/>\n<meta property=\"article:modified_time\" content=\"2022-05-28T02:00:06+00:00\" \/>\n<meta property=\"og:image\" content=\"https:\/\/i0.wp.com\/apublica.org\/impeachment-bolsonaro\/wp-content\/uploads\/2020\/05\/imagem-pedido-felipe-dos-santos-foto-alan-santos-pr-e1590956320399.png?fit=1530%2C703&ssl=1\" \/>\n\t<meta property=\"og:image:width\" content=\"1530\" \/>\n\t<meta property=\"og:image:height\" content=\"703\" \/>\n\t<meta property=\"og:image:type\" content=\"image\/png\" \/>\n<meta name=\"author\" content=\"Ethel Rudnitzki\" \/>\n<meta name=\"twitter:card\" content=\"summary_large_image\" \/>\n<meta name=\"twitter:label1\" content=\"Escrito por\" \/>\n\t<meta name=\"twitter:data1\" content=\"Ethel Rudnitzki\" \/>\n\t<meta name=\"twitter:label2\" content=\"Est. tempo de leitura\" \/>\n\t<meta name=\"twitter:data2\" content=\"1 minuto\" \/>\n\t<meta name=\"twitter:label3\" content=\"Written by\" \/>\n\t<meta name=\"twitter:data3\" content=\"Ethel Rudnitzki\" \/>\n<script type=\"application\/ld+json\" class=\"yoast-schema-graph\">{\"@context\":\"https:\\\/\\\/schema.org\",\"@graph\":[{\"@type\":\"Article\",\"@id\":\"https:\\\/\\\/apublica.org\\\/impeachment-bolsonaro\\\/pedido-0006\\\/#article\",\"isPartOf\":{\"@id\":\"https:\\\/\\\/apublica.org\\\/impeachment-bolsonaro\\\/pedido-0006\\\/\"},\"author\":{\"name\":\"Ethel Rudnitzki\",\"@id\":\"https:\\\/\\\/apublica.org\\\/impeachment-bolsonaro\\\/#\\\/schema\\\/person\\\/f28bcddd48c7d8a349d50b07e1af0146\"},\"headline\":\"Pedido 006\",\"datePublished\":\"2020-01-08T05:00:00+00:00\",\"dateModified\":\"2022-05-28T02:00:06+00:00\",\"mainEntityOfPage\":{\"@id\":\"https:\\\/\\\/apublica.org\\\/impeachment-bolsonaro\\\/pedido-0006\\\/\"},\"wordCount\":219,\"image\":{\"@id\":\"https:\\\/\\\/apublica.org\\\/impeachment-bolsonaro\\\/pedido-0006\\\/#primaryimage\"},\"thumbnailUrl\":\"https:\\\/\\\/i0.wp.com\\\/apublica.org\\\/impeachment-bolsonaro\\\/wp-content\\\/uploads\\\/2020\\\/05\\\/imagem-pedido-felipe-dos-santos-foto-alan-santos-pr-e1590956320399.png?fit=1530%2C703&ssl=1\",\"keywords\":[\"rela\u00e7\u00f5es internacionais\"],\"inLanguage\":\"pt-BR\"},{\"@type\":\"WebPage\",\"@id\":\"https:\\\/\\\/apublica.org\\\/impeachment-bolsonaro\\\/pedido-0006\\\/\",\"url\":\"https:\\\/\\\/apublica.org\\\/impeachment-bolsonaro\\\/pedido-0006\\\/\",\"name\":\"Pedido 006 - Os pedidos de impeachment de Bolsonaro\",\"isPartOf\":{\"@id\":\"https:\\\/\\\/apublica.org\\\/impeachment-bolsonaro\\\/#website\"},\"primaryImageOfPage\":{\"@id\":\"https:\\\/\\\/apublica.org\\\/impeachment-bolsonaro\\\/pedido-0006\\\/#primaryimage\"},\"image\":{\"@id\":\"https:\\\/\\\/apublica.org\\\/impeachment-bolsonaro\\\/pedido-0006\\\/#primaryimage\"},\"thumbnailUrl\":\"https:\\\/\\\/i0.wp.com\\\/apublica.org\\\/impeachment-bolsonaro\\\/wp-content\\\/uploads\\\/2020\\\/05\\\/imagem-pedido-felipe-dos-santos-foto-alan-santos-pr-e1590956320399.png?fit=1530%2C703&ssl=1\",\"datePublished\":\"2020-01-08T05:00:00+00:00\",\"dateModified\":\"2022-05-28T02:00:06+00:00\",\"author\":{\"@id\":\"https:\\\/\\\/apublica.org\\\/impeachment-bolsonaro\\\/#\\\/schema\\\/person\\\/f28bcddd48c7d8a349d50b07e1af0146\"},\"breadcrumb\":{\"@id\":\"https:\\\/\\\/apublica.org\\\/impeachment-bolsonaro\\\/pedido-0006\\\/#breadcrumb\"},\"inLanguage\":\"pt-BR\",\"potentialAction\":[{\"@type\":\"ReadAction\",\"target\":[\"https:\\\/\\\/apublica.org\\\/impeachment-bolsonaro\\\/pedido-0006\\\/\"]}]},{\"@type\":\"ImageObject\",\"inLanguage\":\"pt-BR\",\"@id\":\"https:\\\/\\\/apublica.org\\\/impeachment-bolsonaro\\\/pedido-0006\\\/#primaryimage\",\"url\":\"https:\\\/\\\/i0.wp.com\\\/apublica.org\\\/impeachment-bolsonaro\\\/wp-content\\\/uploads\\\/2020\\\/05\\\/imagem-pedido-felipe-dos-santos-foto-alan-santos-pr-e1590956320399.png?fit=1530%2C703&ssl=1\",\"contentUrl\":\"https:\\\/\\\/i0.wp.com\\\/apublica.org\\\/impeachment-bolsonaro\\\/wp-content\\\/uploads\\\/2020\\\/05\\\/imagem-pedido-felipe-dos-santos-foto-alan-santos-pr-e1590956320399.png?fit=1530%2C703&ssl=1\",\"width\":1530,\"height\":703},{\"@type\":\"BreadcrumbList\",\"@id\":\"https:\\\/\\\/apublica.org\\\/impeachment-bolsonaro\\\/pedido-0006\\\/#breadcrumb\",\"itemListElement\":[{\"@type\":\"ListItem\",\"position\":1,\"name\":\"In\u00edcio\",\"item\":\"https:\\\/\\\/apublica.org\\\/impeachment-bolsonaro\\\/\"},{\"@type\":\"ListItem\",\"position\":2,\"name\":\"Pedido 006\"}]},{\"@type\":\"WebSite\",\"@id\":\"https:\\\/\\\/apublica.org\\\/impeachment-bolsonaro\\\/#website\",\"url\":\"https:\\\/\\\/apublica.org\\\/impeachment-bolsonaro\\\/\",\"name\":\"Os pedidos de impeachment de Bolsonaro\",\"description\":\"\",\"potentialAction\":[{\"@type\":\"SearchAction\",\"target\":{\"@type\":\"EntryPoint\",\"urlTemplate\":\"https:\\\/\\\/apublica.org\\\/impeachment-bolsonaro\\\/?s={search_term_string}\"},\"query-input\":{\"@type\":\"PropertyValueSpecification\",\"valueRequired\":true,\"valueName\":\"search_term_string\"}}],\"inLanguage\":\"pt-BR\"},{\"@type\":\"Person\",\"@id\":\"https:\\\/\\\/apublica.org\\\/impeachment-bolsonaro\\\/#\\\/schema\\\/person\\\/f28bcddd48c7d8a349d50b07e1af0146\",\"name\":\"Ethel Rudnitzki\",\"image\":{\"@type\":\"ImageObject\",\"inLanguage\":\"pt-BR\",\"@id\":\"https:\\\/\\\/secure.gravatar.com\\\/avatar\\\/6a4ef2ec842268bf117c7866158f15821e46c42d2debc46677ad776e794ab786?s=96&d=mm&r=g64b25c309118ef2f9c2b642ad1ff43e5\",\"url\":\"https:\\\/\\\/secure.gravatar.com\\\/avatar\\\/6a4ef2ec842268bf117c7866158f15821e46c42d2debc46677ad776e794ab786?s=96&d=mm&r=g\",\"contentUrl\":\"https:\\\/\\\/secure.gravatar.com\\\/avatar\\\/6a4ef2ec842268bf117c7866158f15821e46c42d2debc46677ad776e794ab786?s=96&d=mm&r=g\",\"caption\":\"Ethel Rudnitzki\"},\"description\":\"Formada em jornalismo pela Escola de Comunica\u00e7\u00f5es e Artes da USP. Realizou interc\u00e2mbio acad\u00eamico na Universidade de Coimbra em Portugal, onde estudou jornalismo com especializa\u00e7\u00e3o em Estudos Europeus. Trabalhou tamb\u00e9m como editora e rep\u00f3rter da Revista Vira\u00e7\u00e3o e do portal Ag\u00eancia Jovem de Not\u00edcias, participando de coberturas e eventos internacionais como a Terceira Confer\u00eancia das Na\u00e7\u00f5es Unidas sobre Moradia e Desenvolvimento Urbano Sustent\u00e1vel e a 22\u00aa Confer\u00eancia das Partes sobre Mudan\u00e7a do Clima. Na P\u00fablica, fez parte do Truco \u2013 projeto de fact-checking \u2013 durante as elei\u00e7\u00f5es de 2018, e produz reportagens sobre redes sociais e desinforma\u00e7\u00e3o.\",\"url\":\"https:\\\/\\\/apublica.org\\\/impeachment-bolsonaro\\\/author\\\/ethelrudnitzki\\\/\"}]}<\/script>\n<!-- \/ Yoast SEO plugin. -->","yoast_head_json":{"title":"Pedido 006 - Os pedidos de impeachment de Bolsonaro","robots":{"index":"index","follow":"follow","max-snippet":"max-snippet:-1","max-image-preview":"max-image-preview:large","max-video-preview":"max-video-preview:-1"},"canonical":"https:\/\/apublica.org\/impeachment-bolsonaro\/pedido-0006\/","og_locale":"pt_BR","og_type":"article","og_title":"Pedido 006 - Os pedidos de impeachment de Bolsonaro","og_description":"No dia 8 de janeiro de 2020, o procurador aposentado Felipe dos Santos Fontes impetrou pedido de impeachment contra o presidente Bolsonaro por seu apoio ao ataque dos Estados Unidos contra o Ir\u00e3 que resultou na morte do general Qasem Soleimani.&nbsp; O ataque dos Estados Unidos contra o general iraniano aconteceu no dia 3 de","og_url":"https:\/\/apublica.org\/impeachment-bolsonaro\/pedido-0006\/","og_site_name":"Os pedidos de impeachment de Bolsonaro","article_published_time":"2020-01-08T05:00:00+00:00","article_modified_time":"2022-05-28T02:00:06+00:00","og_image":[{"width":1530,"height":703,"url":"https:\/\/i0.wp.com\/apublica.org\/impeachment-bolsonaro\/wp-content\/uploads\/2020\/05\/imagem-pedido-felipe-dos-santos-foto-alan-santos-pr-e1590956320399.png?fit=1530%2C703&ssl=1","type":"image\/png"}],"author":"Ethel Rudnitzki","twitter_card":"summary_large_image","twitter_misc":{"Escrito por":"Ethel Rudnitzki","Est. tempo de leitura":"1 minuto","Written by":"Ethel Rudnitzki"},"schema":{"@context":"https:\/\/schema.org","@graph":[{"@type":"Article","@id":"https:\/\/apublica.org\/impeachment-bolsonaro\/pedido-0006\/#article","isPartOf":{"@id":"https:\/\/apublica.org\/impeachment-bolsonaro\/pedido-0006\/"},"author":{"name":"Ethel Rudnitzki","@id":"https:\/\/apublica.org\/impeachment-bolsonaro\/#\/schema\/person\/f28bcddd48c7d8a349d50b07e1af0146"},"headline":"Pedido 006","datePublished":"2020-01-08T05:00:00+00:00","dateModified":"2022-05-28T02:00:06+00:00","mainEntityOfPage":{"@id":"https:\/\/apublica.org\/impeachment-bolsonaro\/pedido-0006\/"},"wordCount":219,"image":{"@id":"https:\/\/apublica.org\/impeachment-bolsonaro\/pedido-0006\/#primaryimage"},"thumbnailUrl":"https:\/\/i0.wp.com\/apublica.org\/impeachment-bolsonaro\/wp-content\/uploads\/2020\/05\/imagem-pedido-felipe-dos-santos-foto-alan-santos-pr-e1590956320399.png?fit=1530%2C703&ssl=1","keywords":["rela\u00e7\u00f5es internacionais"],"inLanguage":"pt-BR"},{"@type":"WebPage","@id":"https:\/\/apublica.org\/impeachment-bolsonaro\/pedido-0006\/","url":"https:\/\/apublica.org\/impeachment-bolsonaro\/pedido-0006\/","name":"Pedido 006 - Os pedidos de impeachment de Bolsonaro","isPartOf":{"@id":"https:\/\/apublica.org\/impeachment-bolsonaro\/#website"},"primaryImageOfPage":{"@id":"https:\/\/apublica.org\/impeachment-bolsonaro\/pedido-0006\/#primaryimage"},"image":{"@id":"https:\/\/apublica.org\/impeachment-bolsonaro\/pedido-0006\/#primaryimage"},"thumbnailUrl":"https:\/\/i0.wp.com\/apublica.org\/impeachment-bolsonaro\/wp-content\/uploads\/2020\/05\/imagem-pedido-felipe-dos-santos-foto-alan-santos-pr-e1590956320399.png?fit=1530%2C703&ssl=1","datePublished":"2020-01-08T05:00:00+00:00","dateModified":"2022-05-28T02:00:06+00:00","author":{"@id":"https:\/\/apublica.org\/impeachment-bolsonaro\/#\/schema\/person\/f28bcddd48c7d8a349d50b07e1af0146"},"breadcrumb":{"@id":"https:\/\/apublica.org\/impeachment-bolsonaro\/pedido-0006\/#breadcrumb"},"inLanguage":"pt-BR","potentialAction":[{"@type":"ReadAction","target":["https:\/\/apublica.org\/impeachment-bolsonaro\/pedido-0006\/"]}]},{"@type":"ImageObject","inLanguage":"pt-BR","@id":"https:\/\/apublica.org\/impeachment-bolsonaro\/pedido-0006\/#primaryimage","url":"https:\/\/i0.wp.com\/apublica.org\/impeachment-bolsonaro\/wp-content\/uploads\/2020\/05\/imagem-pedido-felipe-dos-santos-foto-alan-santos-pr-e1590956320399.png?fit=1530%2C703&ssl=1","contentUrl":"https:\/\/i0.wp.com\/apublica.org\/impeachment-bolsonaro\/wp-content\/uploads\/2020\/05\/imagem-pedido-felipe-dos-santos-foto-alan-santos-pr-e1590956320399.png?fit=1530%2C703&ssl=1","width":1530,"height":703},{"@type":"BreadcrumbList","@id":"https:\/\/apublica.org\/impeachment-bolsonaro\/pedido-0006\/#breadcrumb","itemListElement":[{"@type":"ListItem","position":1,"name":"In\u00edcio","item":"https:\/\/apublica.org\/impeachment-bolsonaro\/"},{"@type":"ListItem","position":2,"name":"Pedido 006"}]},{"@type":"WebSite","@id":"https:\/\/apublica.org\/impeachment-bolsonaro\/#website","url":"https:\/\/apublica.org\/impeachment-bolsonaro\/","name":"Os pedidos de impeachment de Bolsonaro","description":"","potentialAction":[{"@type":"SearchAction","target":{"@type":"EntryPoint","urlTemplate":"https:\/\/apublica.org\/impeachment-bolsonaro\/?s={search_term_string}"},"query-input":{"@type":"PropertyValueSpecification","valueRequired":true,"valueName":"search_term_string"}}],"inLanguage":"pt-BR"},{"@type":"Person","@id":"https:\/\/apublica.org\/impeachment-bolsonaro\/#\/schema\/person\/f28bcddd48c7d8a349d50b07e1af0146","name":"Ethel Rudnitzki","image":{"@type":"ImageObject","inLanguage":"pt-BR","@id":"https:\/\/secure.gravatar.com\/avatar\/6a4ef2ec842268bf117c7866158f15821e46c42d2debc46677ad776e794ab786?s=96&d=mm&r=g64b25c309118ef2f9c2b642ad1ff43e5","url":"https:\/\/secure.gravatar.com\/avatar\/6a4ef2ec842268bf117c7866158f15821e46c42d2debc46677ad776e794ab786?s=96&d=mm&r=g","contentUrl":"https:\/\/secure.gravatar.com\/avatar\/6a4ef2ec842268bf117c7866158f15821e46c42d2debc46677ad776e794ab786?s=96&d=mm&r=g","caption":"Ethel Rudnitzki"},"description":"Formada em jornalismo pela Escola de Comunica\u00e7\u00f5es e Artes da USP. Realizou interc\u00e2mbio acad\u00eamico na Universidade de Coimbra em Portugal, onde estudou jornalismo com especializa\u00e7\u00e3o em Estudos Europeus. Trabalhou tamb\u00e9m como editora e rep\u00f3rter da Revista Vira\u00e7\u00e3o e do portal Ag\u00eancia Jovem de Not\u00edcias, participando de coberturas e eventos internacionais como a Terceira Confer\u00eancia das Na\u00e7\u00f5es Unidas sobre Moradia e Desenvolvimento Urbano Sustent\u00e1vel e a 22\u00aa Confer\u00eancia das Partes sobre Mudan\u00e7a do Clima. Na P\u00fablica, fez parte do Truco \u2013 projeto de fact-checking \u2013 durante as elei\u00e7\u00f5es de 2018, e produz reportagens sobre redes sociais e desinforma\u00e7\u00e3o.","url":"https:\/\/apublica.org\/impeachment-bolsonaro\/author\/ethelrudnitzki\/"}]}},"jetpack_featured_media_url":"https:\/\/i0.wp.com\/apublica.org\/impeachment-bolsonaro\/wp-content\/uploads\/2020\/05\/imagem-pedido-felipe-dos-santos-foto-alan-santos-pr-e1590956320399.png?fit=1530%2C703&ssl=1","jetpack_sharing_enabled":true,"_links":{"self":[{"href":"https:\/\/apublica.org\/impeachment-bolsonaro\/wp-json\/wp\/v2\/posts\/2786","targetHints":{"allow":["GET"]}}],"collection":[{"href":"https:\/\/apublica.org\/impeachment-bolsonaro\/wp-json\/wp\/v2\/posts"}],"about":[{"href":"https:\/\/apublica.org\/impeachment-bolsonaro\/wp-json\/wp\/v2\/types\/post"}],"author":[{"embeddable":true,"href":"https:\/\/apublica.org\/impeachment-bolsonaro\/wp-json\/wp\/v2\/users\/22"}],"replies":[{"embeddable":true,"href":"https:\/\/apublica.org\/impeachment-bolsonaro\/wp-json\/wp\/v2\/comments?post=2786"}],"version-history":[{"count":1,"href":"https:\/\/apublica.org\/impeachment-bolsonaro\/wp-json\/wp\/v2\/posts\/2786\/revisions"}],"predecessor-version":[{"id":3421,"href":"https:\/\/apublica.org\/impeachment-bolsonaro\/wp-json\/wp\/v2\/posts\/2786\/revisions\/3421"}],"wp:featuredmedia":[{"embeddable":true,"href":"https:\/\/apublica.org\/impeachment-bolsonaro\/wp-json\/wp\/v2\/media\/224"}],"wp:attachment":[{"href":"https:\/\/apublica.org\/impeachment-bolsonaro\/wp-json\/wp\/v2\/media?parent=2786"}],"wp:term":[{"taxonomy":"category","embeddable":true,"href":"https:\/\/apublica.org\/impeachment-bolsonaro\/wp-json\/wp\/v2\/categories?post=2786"},{"taxonomy":"post_tag","embeddable":true,"href":"https:\/\/apublica.org\/impeachment-bolsonaro\/wp-json\/wp\/v2\/tags?post=2786"},{"taxonomy":"author","embeddable":true,"href":"https:\/\/apublica.org\/impeachment-bolsonaro\/wp-json\/wp\/v2\/coauthors?post=2786"}],"curies":[{"name":"wp","href":"https:\/\/api.w.org\/{rel}","templated":true}]}}