{"id":2798,"date":"2020-10-22T03:00:17","date_gmt":"2020-10-22T06:00:17","guid":{"rendered":"https:\/\/apublica.org\/impeachment-bolsonaro.new\/pedido-0056\/"},"modified":"2022-05-27T23:01:24","modified_gmt":"2022-05-28T02:01:24","slug":"pedido-0056","status":"publish","type":"post","link":"https:\/\/apublica.org\/impeachment-bolsonaro\/pedido-0056\/","title":{"rendered":"Pedido 0056"},"content":{"rendered":"\n<p>O pedido de impeachment protocolado por Jo\u00e3o Pedro B\u00f3ria Caiado de Castro, atualmente preso por roubo em uma penitenci\u00e1ria paulista, \u00e9 escrito em letra cursiva e papel pautado. Ele denuncia Jair Bolsonaro por tentar mudar \u201cpor viol\u00eancia a forma de governo da Rep\u00fablica\u201d, o que chama de \u201cGOLPE DE ESTADO\u201d. Parte do texto est\u00e1 em letras garrafais, demonstrando \u00eanfase do autor.&nbsp;<\/p>\n\n\n\n<p>Este \u00e9 o segundo pedido de impeachment protocolado por Jo\u00e3o Pedro. O primeiro <a href=\"https:\/\/apublica.org\/impeachment-bolsonaro\/pedido-0019\/\">foi entregue em 23 de abril.<\/a>&nbsp;<\/p>\n\n\n\n<p>\u201cHouve por parte do presidente um CHAMADO para as For\u00e7as Armadas agirem como um PODER MODERADOR, com o escopo de limitar o Congresso Nacional e o Supremo Tribunal Federal\u201d, afirma. O denunciante conta que \u00e9 \u201cdescendente de fam\u00edlias ativas politicamente na \u00e9poca do Imp\u00e9rio, da Rep\u00fablica Velha e da Rep\u00fablica Nova, inclusive no per\u00edodo da Ditadura Militar\u201d. Por ter ouvido hist\u00f3rias de sua fam\u00edlia, considera ter \u201cautoridade\u201d para identificar \u201cmovimentos articuladores de golpes de Estado e altera\u00e7\u00e3o da forma de governo\u201d.&nbsp;<\/p>\n\n\n\n<p>Para Jo\u00e3o Pedro B\u00f3ria, a tentativa \u201csomente n\u00e3o obteve \u00eaxito pois as For\u00e7as Armadas n\u00e3o responderam a tal \u2018chamado\u2019\u201d, o que teria feito o presidente intensificar \u201cseu modus operandi de desmanche das Institui\u00e7\u00f5es Democr\u00e1ticas\u201d, com nomea\u00e7\u00f5es de \u201cpersonalidades obscuras que agem contra os escopos institucionais democr\u00e1ticos\u201d.&nbsp;<\/p>\n\n\n\n<p>&nbsp;Al\u00e9m disso, cita atos de Jair Bolsonaro que define como \u201camorais\u201d e dariam \u201csubst\u00e2ncia a um governo fascista\u201d, como buscar modificar o nome de \u201cprogramas de assistencialismo\u201d para \u201cconsolidar a for\u00e7a dos votos conquistados pelo recente aux\u00edlio emergencial de COVID-19\u201d e se aproximar do Centr\u00e3o.&nbsp;<\/p>\n\n\n\n<p>Jo\u00e3o Pedro B\u00f3ria elenca como testemunhas \u201cos \u00faltimos cinco ministros aposentados compulsoriamente entre STF e STJ\u201d.<\/p>\n","protected":false},"excerpt":{"rendered":"<p>O pedido de impeachment protocolado por Jo\u00e3o Pedro B\u00f3ria Caiado de Castro, atualmente preso por roubo em uma penitenci\u00e1ria paulista, \u00e9 escrito em letra cursiva e papel pautado. Ele denuncia Jair Bolsonaro por tentar mudar \u201cpor viol\u00eancia a forma de governo da Rep\u00fablica\u201d, o que chama de \u201cGOLPE DE ESTADO\u201d. Parte do texto est\u00e1 em<\/p>\n","protected":false},"author":29,"featured_media":1310,"comment_status":"closed","ping_status":"closed","sticky":false,"template":"","format":"standard","meta":{"_acf_changed":false,"_jetpack_memberships_contains_paid_content":false,"footnotes":""},"categories":[1],"tags":[28,11,31,27,29],"coauthors":[],"class_list":["post-2798","post","type-post","status-publish","format-standard","has-post-thumbnail","hentry","category-sem-categoria","tag-congresso-nacional","tag-ditadura-militar","tag-forcas-armadas","tag-judiciario","tag-stf"],"acf":[],"yoast_head":"<!-- This site is optimized with the Yoast SEO plugin v27.5 - https:\/\/yoast.com\/product\/yoast-seo-wordpress\/ -->\n<title>Pedido 0056 - Os pedidos de impeachment de Bolsonaro<\/title>\n<meta name=\"robots\" content=\"index, follow, max-snippet:-1, max-image-preview:large, max-video-preview:-1\" \/>\n<link rel=\"canonical\" href=\"https:\/\/apublica.org\/impeachment-bolsonaro\/pedido-0056\/\" \/>\n<meta property=\"og:locale\" content=\"pt_BR\" \/>\n<meta property=\"og:type\" content=\"article\" \/>\n<meta property=\"og:title\" content=\"Detento pede impeachment de Bolsonaro por amea\u00e7a \u00e0 democracia usando as For\u00e7as Armadas\" \/>\n<meta property=\"og:description\" content=\"O pedido de impeachment protocolado por Jo\u00e3o Pedro B\u00f3ria Caiado de Castro, atualmente preso por roubo em uma penitenci\u00e1ria paulista, \u00e9 escrito em letra cursiva e papel pautado. Ele denuncia Jair Bolsonaro por tentar mudar \u201cpor viol\u00eancia a forma de governo da Rep\u00fablica\u201d, o que chama de \u201cGOLPE DE ESTADO\u201d. Parte do texto est\u00e1 em\" \/>\n<meta property=\"og:url\" content=\"https:\/\/apublica.org\/impeachment-bolsonaro\/pedido-0056\/\" \/>\n<meta property=\"og:site_name\" content=\"Os pedidos de impeachment de Bolsonaro\" \/>\n<meta property=\"article:published_time\" content=\"2020-10-22T06:00:17+00:00\" \/>\n<meta property=\"article:modified_time\" content=\"2022-05-28T02:01:24+00:00\" \/>\n<meta property=\"og:image\" content=\"https:\/\/apublica.org\/impeachment-bolsonaro\/wp-content\/uploads\/2020\/10\/impeachment-foto-marcos-correa-pr.png\" \/>\n\t<meta property=\"og:image:width\" content=\"1920\" \/>\n\t<meta property=\"og:image:height\" content=\"1080\" \/>\n\t<meta property=\"og:image:type\" content=\"image\/png\" \/>\n<meta name=\"author\" content=\"Laura Scofield\" \/>\n<meta name=\"twitter:card\" content=\"summary_large_image\" \/>\n<meta name=\"twitter:title\" content=\"Detento pede impeachment de Bolsonaro por amea\u00e7a \u00e0 democracia usando as For\u00e7as Armadas\" \/>\n<meta name=\"twitter:label1\" content=\"Escrito por\" \/>\n\t<meta name=\"twitter:data1\" content=\"Laura Scofield\" \/>\n\t<meta name=\"twitter:label2\" content=\"Est. tempo de leitura\" \/>\n\t<meta name=\"twitter:data2\" content=\"2 minutos\" \/>\n\t<meta name=\"twitter:label3\" content=\"Written by\" \/>\n\t<meta name=\"twitter:data3\" content=\"Laura Scofield\" \/>\n<script type=\"application\/ld+json\" class=\"yoast-schema-graph\">{\"@context\":\"https:\\\/\\\/schema.org\",\"@graph\":[{\"@type\":\"Article\",\"@id\":\"https:\\\/\\\/apublica.org\\\/impeachment-bolsonaro\\\/pedido-0056\\\/#article\",\"isPartOf\":{\"@id\":\"https:\\\/\\\/apublica.org\\\/impeachment-bolsonaro\\\/pedido-0056\\\/\"},\"author\":{\"name\":\"Laura Scofield\",\"@id\":\"https:\\\/\\\/apublica.org\\\/impeachment-bolsonaro\\\/#\\\/schema\\\/person\\\/16aad31613529a99d0796d173eb2b2f7\"},\"headline\":\"Pedido 0056\",\"datePublished\":\"2020-10-22T06:00:17+00:00\",\"dateModified\":\"2022-05-28T02:01:24+00:00\",\"mainEntityOfPage\":{\"@id\":\"https:\\\/\\\/apublica.org\\\/impeachment-bolsonaro\\\/pedido-0056\\\/\"},\"wordCount\":302,\"image\":{\"@id\":\"https:\\\/\\\/apublica.org\\\/impeachment-bolsonaro\\\/pedido-0056\\\/#primaryimage\"},\"thumbnailUrl\":\"https:\\\/\\\/i0.wp.com\\\/apublica.org\\\/impeachment-bolsonaro\\\/wp-content\\\/uploads\\\/2020\\\/10\\\/impeachment-foto-marcos-correa-pr.png?fit=1920%2C1080&ssl=1\",\"keywords\":[\"Congresso Nacional\",\"ditadura militar\",\"For\u00e7as Armadas\",\"Judici\u00e1rio\",\"STF\"],\"inLanguage\":\"pt-BR\"},{\"@type\":\"WebPage\",\"@id\":\"https:\\\/\\\/apublica.org\\\/impeachment-bolsonaro\\\/pedido-0056\\\/\",\"url\":\"https:\\\/\\\/apublica.org\\\/impeachment-bolsonaro\\\/pedido-0056\\\/\",\"name\":\"Pedido 0056 - Os pedidos de impeachment de Bolsonaro\",\"isPartOf\":{\"@id\":\"https:\\\/\\\/apublica.org\\\/impeachment-bolsonaro\\\/#website\"},\"primaryImageOfPage\":{\"@id\":\"https:\\\/\\\/apublica.org\\\/impeachment-bolsonaro\\\/pedido-0056\\\/#primaryimage\"},\"image\":{\"@id\":\"https:\\\/\\\/apublica.org\\\/impeachment-bolsonaro\\\/pedido-0056\\\/#primaryimage\"},\"thumbnailUrl\":\"https:\\\/\\\/i0.wp.com\\\/apublica.org\\\/impeachment-bolsonaro\\\/wp-content\\\/uploads\\\/2020\\\/10\\\/impeachment-foto-marcos-correa-pr.png?fit=1920%2C1080&ssl=1\",\"datePublished\":\"2020-10-22T06:00:17+00:00\",\"dateModified\":\"2022-05-28T02:01:24+00:00\",\"author\":{\"@id\":\"https:\\\/\\\/apublica.org\\\/impeachment-bolsonaro\\\/#\\\/schema\\\/person\\\/16aad31613529a99d0796d173eb2b2f7\"},\"breadcrumb\":{\"@id\":\"https:\\\/\\\/apublica.org\\\/impeachment-bolsonaro\\\/pedido-0056\\\/#breadcrumb\"},\"inLanguage\":\"pt-BR\",\"potentialAction\":[{\"@type\":\"ReadAction\",\"target\":[\"https:\\\/\\\/apublica.org\\\/impeachment-bolsonaro\\\/pedido-0056\\\/\"]}]},{\"@type\":\"ImageObject\",\"inLanguage\":\"pt-BR\",\"@id\":\"https:\\\/\\\/apublica.org\\\/impeachment-bolsonaro\\\/pedido-0056\\\/#primaryimage\",\"url\":\"https:\\\/\\\/i0.wp.com\\\/apublica.org\\\/impeachment-bolsonaro\\\/wp-content\\\/uploads\\\/2020\\\/10\\\/impeachment-foto-marcos-correa-pr.png?fit=1920%2C1080&ssl=1\",\"contentUrl\":\"https:\\\/\\\/i0.wp.com\\\/apublica.org\\\/impeachment-bolsonaro\\\/wp-content\\\/uploads\\\/2020\\\/10\\\/impeachment-foto-marcos-correa-pr.png?fit=1920%2C1080&ssl=1\",\"width\":1920,\"height\":1080},{\"@type\":\"BreadcrumbList\",\"@id\":\"https:\\\/\\\/apublica.org\\\/impeachment-bolsonaro\\\/pedido-0056\\\/#breadcrumb\",\"itemListElement\":[{\"@type\":\"ListItem\",\"position\":1,\"name\":\"In\u00edcio\",\"item\":\"https:\\\/\\\/apublica.org\\\/impeachment-bolsonaro\\\/\"},{\"@type\":\"ListItem\",\"position\":2,\"name\":\"Pedido 0056\"}]},{\"@type\":\"WebSite\",\"@id\":\"https:\\\/\\\/apublica.org\\\/impeachment-bolsonaro\\\/#website\",\"url\":\"https:\\\/\\\/apublica.org\\\/impeachment-bolsonaro\\\/\",\"name\":\"Os pedidos de impeachment de Bolsonaro\",\"description\":\"\",\"potentialAction\":[{\"@type\":\"SearchAction\",\"target\":{\"@type\":\"EntryPoint\",\"urlTemplate\":\"https:\\\/\\\/apublica.org\\\/impeachment-bolsonaro\\\/?s={search_term_string}\"},\"query-input\":{\"@type\":\"PropertyValueSpecification\",\"valueRequired\":true,\"valueName\":\"search_term_string\"}}],\"inLanguage\":\"pt-BR\"},{\"@type\":\"Person\",\"@id\":\"https:\\\/\\\/apublica.org\\\/impeachment-bolsonaro\\\/#\\\/schema\\\/person\\\/16aad31613529a99d0796d173eb2b2f7\",\"name\":\"Laura Scofield\",\"image\":{\"@type\":\"ImageObject\",\"inLanguage\":\"pt-BR\",\"@id\":\"https:\\\/\\\/secure.gravatar.com\\\/avatar\\\/d1b96b430079847bc46acd129c4c10a79b053ccd4da6177e0ac83288aba8f24a?s=96&d=mm&r=g9a4c765220b5e2dfef2f7002b37fa836\",\"url\":\"https:\\\/\\\/secure.gravatar.com\\\/avatar\\\/d1b96b430079847bc46acd129c4c10a79b053ccd4da6177e0ac83288aba8f24a?s=96&d=mm&r=g\",\"contentUrl\":\"https:\\\/\\\/secure.gravatar.com\\\/avatar\\\/d1b96b430079847bc46acd129c4c10a79b053ccd4da6177e0ac83288aba8f24a?s=96&d=mm&r=g\",\"caption\":\"Laura Scofield\"},\"description\":\"Jornalista formada pela Escola de Comunica\u00e7\u00f5es e Artes da Universidade de S\u00e3o Paulo (ECA-USP) com pesquisa sobre migra\u00e7\u00e3o indocumentada de brasileiros para os Estados Unidos. Colabora com a OBOR\u00c9 Projetos Especiais e \u00e9 ex-diretora de cultura da Jornalismo J\u00fanior. Come\u00e7ou na Ag\u00eancia P\u00fablica em mar\u00e7o de 2020 como estagi\u00e1ria de reda\u00e7\u00e3o do n\u00facleo de pol\u00edtica e redes sociais e desde janeiro de 2022 \u00e9 rep\u00f3rter do n\u00facleo de clima. Trabalhos premiados pelo Pr\u00eamio Intercom Sudeste 2021 e 12\u00ba Pr\u00eamio Jovem Jornalista Fernando Pacheco Jord\u00e3o 2020.\",\"url\":\"https:\\\/\\\/apublica.org\\\/impeachment-bolsonaro\\\/author\\\/laurascofield\\\/\"}]}<\/script>\n<!-- \/ Yoast SEO plugin. -->","yoast_head_json":{"title":"Pedido 0056 - Os pedidos de impeachment de Bolsonaro","robots":{"index":"index","follow":"follow","max-snippet":"max-snippet:-1","max-image-preview":"max-image-preview:large","max-video-preview":"max-video-preview:-1"},"canonical":"https:\/\/apublica.org\/impeachment-bolsonaro\/pedido-0056\/","og_locale":"pt_BR","og_type":"article","og_title":"Detento pede impeachment de Bolsonaro por amea\u00e7a \u00e0 democracia usando as For\u00e7as Armadas","og_description":"O pedido de impeachment protocolado por Jo\u00e3o Pedro B\u00f3ria Caiado de Castro, atualmente preso por roubo em uma penitenci\u00e1ria paulista, \u00e9 escrito em letra cursiva e papel pautado. Ele denuncia Jair Bolsonaro por tentar mudar \u201cpor viol\u00eancia a forma de governo da Rep\u00fablica\u201d, o que chama de \u201cGOLPE DE ESTADO\u201d. Parte do texto est\u00e1 em","og_url":"https:\/\/apublica.org\/impeachment-bolsonaro\/pedido-0056\/","og_site_name":"Os pedidos de impeachment de Bolsonaro","article_published_time":"2020-10-22T06:00:17+00:00","article_modified_time":"2022-05-28T02:01:24+00:00","og_image":[{"width":1920,"height":1080,"url":"https:\/\/apublica.org\/impeachment-bolsonaro\/wp-content\/uploads\/2020\/10\/impeachment-foto-marcos-correa-pr.png","type":"image\/png"}],"author":"Laura Scofield","twitter_card":"summary_large_image","twitter_title":"Detento pede impeachment de Bolsonaro por amea\u00e7a \u00e0 democracia usando as For\u00e7as Armadas","twitter_misc":{"Escrito por":"Laura Scofield","Est. tempo de leitura":"2 minutos","Written by":"Laura Scofield"},"schema":{"@context":"https:\/\/schema.org","@graph":[{"@type":"Article","@id":"https:\/\/apublica.org\/impeachment-bolsonaro\/pedido-0056\/#article","isPartOf":{"@id":"https:\/\/apublica.org\/impeachment-bolsonaro\/pedido-0056\/"},"author":{"name":"Laura Scofield","@id":"https:\/\/apublica.org\/impeachment-bolsonaro\/#\/schema\/person\/16aad31613529a99d0796d173eb2b2f7"},"headline":"Pedido 0056","datePublished":"2020-10-22T06:00:17+00:00","dateModified":"2022-05-28T02:01:24+00:00","mainEntityOfPage":{"@id":"https:\/\/apublica.org\/impeachment-bolsonaro\/pedido-0056\/"},"wordCount":302,"image":{"@id":"https:\/\/apublica.org\/impeachment-bolsonaro\/pedido-0056\/#primaryimage"},"thumbnailUrl":"https:\/\/i0.wp.com\/apublica.org\/impeachment-bolsonaro\/wp-content\/uploads\/2020\/10\/impeachment-foto-marcos-correa-pr.png?fit=1920%2C1080&ssl=1","keywords":["Congresso Nacional","ditadura militar","For\u00e7as Armadas","Judici\u00e1rio","STF"],"inLanguage":"pt-BR"},{"@type":"WebPage","@id":"https:\/\/apublica.org\/impeachment-bolsonaro\/pedido-0056\/","url":"https:\/\/apublica.org\/impeachment-bolsonaro\/pedido-0056\/","name":"Pedido 0056 - Os pedidos de impeachment de Bolsonaro","isPartOf":{"@id":"https:\/\/apublica.org\/impeachment-bolsonaro\/#website"},"primaryImageOfPage":{"@id":"https:\/\/apublica.org\/impeachment-bolsonaro\/pedido-0056\/#primaryimage"},"image":{"@id":"https:\/\/apublica.org\/impeachment-bolsonaro\/pedido-0056\/#primaryimage"},"thumbnailUrl":"https:\/\/i0.wp.com\/apublica.org\/impeachment-bolsonaro\/wp-content\/uploads\/2020\/10\/impeachment-foto-marcos-correa-pr.png?fit=1920%2C1080&ssl=1","datePublished":"2020-10-22T06:00:17+00:00","dateModified":"2022-05-28T02:01:24+00:00","author":{"@id":"https:\/\/apublica.org\/impeachment-bolsonaro\/#\/schema\/person\/16aad31613529a99d0796d173eb2b2f7"},"breadcrumb":{"@id":"https:\/\/apublica.org\/impeachment-bolsonaro\/pedido-0056\/#breadcrumb"},"inLanguage":"pt-BR","potentialAction":[{"@type":"ReadAction","target":["https:\/\/apublica.org\/impeachment-bolsonaro\/pedido-0056\/"]}]},{"@type":"ImageObject","inLanguage":"pt-BR","@id":"https:\/\/apublica.org\/impeachment-bolsonaro\/pedido-0056\/#primaryimage","url":"https:\/\/i0.wp.com\/apublica.org\/impeachment-bolsonaro\/wp-content\/uploads\/2020\/10\/impeachment-foto-marcos-correa-pr.png?fit=1920%2C1080&ssl=1","contentUrl":"https:\/\/i0.wp.com\/apublica.org\/impeachment-bolsonaro\/wp-content\/uploads\/2020\/10\/impeachment-foto-marcos-correa-pr.png?fit=1920%2C1080&ssl=1","width":1920,"height":1080},{"@type":"BreadcrumbList","@id":"https:\/\/apublica.org\/impeachment-bolsonaro\/pedido-0056\/#breadcrumb","itemListElement":[{"@type":"ListItem","position":1,"name":"In\u00edcio","item":"https:\/\/apublica.org\/impeachment-bolsonaro\/"},{"@type":"ListItem","position":2,"name":"Pedido 0056"}]},{"@type":"WebSite","@id":"https:\/\/apublica.org\/impeachment-bolsonaro\/#website","url":"https:\/\/apublica.org\/impeachment-bolsonaro\/","name":"Os pedidos de impeachment de Bolsonaro","description":"","potentialAction":[{"@type":"SearchAction","target":{"@type":"EntryPoint","urlTemplate":"https:\/\/apublica.org\/impeachment-bolsonaro\/?s={search_term_string}"},"query-input":{"@type":"PropertyValueSpecification","valueRequired":true,"valueName":"search_term_string"}}],"inLanguage":"pt-BR"},{"@type":"Person","@id":"https:\/\/apublica.org\/impeachment-bolsonaro\/#\/schema\/person\/16aad31613529a99d0796d173eb2b2f7","name":"Laura Scofield","image":{"@type":"ImageObject","inLanguage":"pt-BR","@id":"https:\/\/secure.gravatar.com\/avatar\/d1b96b430079847bc46acd129c4c10a79b053ccd4da6177e0ac83288aba8f24a?s=96&d=mm&r=g9a4c765220b5e2dfef2f7002b37fa836","url":"https:\/\/secure.gravatar.com\/avatar\/d1b96b430079847bc46acd129c4c10a79b053ccd4da6177e0ac83288aba8f24a?s=96&d=mm&r=g","contentUrl":"https:\/\/secure.gravatar.com\/avatar\/d1b96b430079847bc46acd129c4c10a79b053ccd4da6177e0ac83288aba8f24a?s=96&d=mm&r=g","caption":"Laura Scofield"},"description":"Jornalista formada pela Escola de Comunica\u00e7\u00f5es e Artes da Universidade de S\u00e3o Paulo (ECA-USP) com pesquisa sobre migra\u00e7\u00e3o indocumentada de brasileiros para os Estados Unidos. Colabora com a OBOR\u00c9 Projetos Especiais e \u00e9 ex-diretora de cultura da Jornalismo J\u00fanior. Come\u00e7ou na Ag\u00eancia P\u00fablica em mar\u00e7o de 2020 como estagi\u00e1ria de reda\u00e7\u00e3o do n\u00facleo de pol\u00edtica e redes sociais e desde janeiro de 2022 \u00e9 rep\u00f3rter do n\u00facleo de clima. Trabalhos premiados pelo Pr\u00eamio Intercom Sudeste 2021 e 12\u00ba Pr\u00eamio Jovem Jornalista Fernando Pacheco Jord\u00e3o 2020.","url":"https:\/\/apublica.org\/impeachment-bolsonaro\/author\/laurascofield\/"}]}},"jetpack_featured_media_url":"https:\/\/i0.wp.com\/apublica.org\/impeachment-bolsonaro\/wp-content\/uploads\/2020\/10\/impeachment-foto-marcos-correa-pr.png?fit=1920%2C1080&ssl=1","jetpack_sharing_enabled":true,"_links":{"self":[{"href":"https:\/\/apublica.org\/impeachment-bolsonaro\/wp-json\/wp\/v2\/posts\/2798","targetHints":{"allow":["GET"]}}],"collection":[{"href":"https:\/\/apublica.org\/impeachment-bolsonaro\/wp-json\/wp\/v2\/posts"}],"about":[{"href":"https:\/\/apublica.org\/impeachment-bolsonaro\/wp-json\/wp\/v2\/types\/post"}],"author":[{"embeddable":true,"href":"https:\/\/apublica.org\/impeachment-bolsonaro\/wp-json\/wp\/v2\/users\/29"}],"replies":[{"embeddable":true,"href":"https:\/\/apublica.org\/impeachment-bolsonaro\/wp-json\/wp\/v2\/comments?post=2798"}],"version-history":[{"count":1,"href":"https:\/\/apublica.org\/impeachment-bolsonaro\/wp-json\/wp\/v2\/posts\/2798\/revisions"}],"predecessor-version":[{"id":3371,"href":"https:\/\/apublica.org\/impeachment-bolsonaro\/wp-json\/wp\/v2\/posts\/2798\/revisions\/3371"}],"wp:featuredmedia":[{"embeddable":true,"href":"https:\/\/apublica.org\/impeachment-bolsonaro\/wp-json\/wp\/v2\/media\/1310"}],"wp:attachment":[{"href":"https:\/\/apublica.org\/impeachment-bolsonaro\/wp-json\/wp\/v2\/media?parent=2798"}],"wp:term":[{"taxonomy":"category","embeddable":true,"href":"https:\/\/apublica.org\/impeachment-bolsonaro\/wp-json\/wp\/v2\/categories?post=2798"},{"taxonomy":"post_tag","embeddable":true,"href":"https:\/\/apublica.org\/impeachment-bolsonaro\/wp-json\/wp\/v2\/tags?post=2798"},{"taxonomy":"author","embeddable":true,"href":"https:\/\/apublica.org\/impeachment-bolsonaro\/wp-json\/wp\/v2\/coauthors?post=2798"}],"curies":[{"name":"wp","href":"https:\/\/api.w.org\/{rel}","templated":true}]}}