{"id":2810,"date":"2020-04-15T15:00:57","date_gmt":"2020-04-15T18:00:57","guid":{"rendered":"https:\/\/apublica.org\/impeachment-bolsonaro.new\/pedido-0025\/"},"modified":"2022-05-27T23:02:30","modified_gmt":"2022-05-28T02:02:30","slug":"pedido-0025","status":"publish","type":"post","link":"https:\/\/apublica.org\/impeachment-bolsonaro\/pedido-0025\/","title":{"rendered":"Pedido 0025"},"content":{"rendered":"\n<p>No aditamento recebido pela C\u00e2mara no dia 15 de abril de 2020, 22 dias depois de protocolado o pedido original, os proponentes abordam o \u201cirrespons\u00e1vel\u201d trato de Jair Bolsonaro quanto \u00e0 pandemia de Covid-19. Para os autores, a postura do presidente se configura como crime de responsabilidade por \u201cviolar patentemente direitos e garantias fundamentais (os direitos \u00e0 sa\u00fade e \u00e0 vida da popula\u00e7\u00e3o)\u201d e \u201cagir de forma incompat\u00edvel com a dignidade, a honra e o decoro do cargo\u201d.<\/p>\n\n\n\n<p>\u201cAo insistir em continuar realizando caminhadas para dialogar com a popula\u00e7\u00e3o, gerando aglomera\u00e7\u00f5es notoriamente desaconselhadas\u201d, Bolsonaro estaria se colocando \u201cacima da lei\u201d, o que caracterizaria \u201cabuso de poder legitimador do impeachment\u201d.<\/p>\n\n\n\n<p>A pe\u00e7a tamb\u00e9m aborda o conflito entre o presidente e o ent\u00e3o Ministro da Sa\u00fade, Luiz Henrique Mandetta, indicando que Bolsonaro estaria insistindo \u201cem querer a mudan\u00e7a da pol\u00edtica de sa\u00fade p\u00fablica apenas por for\u00e7a de suas prefer\u00eancias ideol\u00f3gico-pol\u00edticas.\u201d Tamb\u00e9m afirma que a postura \u201cat\u00e9cnica e acient\u00edfica\u201d do chefe do Executivo estaria \u201cridicularizando\u201d o pa\u00eds no exterior.<\/p>\n\n\n\n<p>O aditamento tamb\u00e9m incluiu 57 novas assinaturas ao pedido original.<\/p>\n","protected":false},"excerpt":{"rendered":"<p>No aditamento recebido pela C\u00e2mara no dia 15 de abril de 2020, 22 dias depois de protocolado o pedido original, os proponentes abordam o \u201cirrespons\u00e1vel\u201d trato de Jair Bolsonaro quanto \u00e0 pandemia de Covid-19. Para os autores, a postura do presidente se configura como crime de responsabilidade por \u201cviolar patentemente direitos e garantias fundamentais (os<\/p>\n","protected":false},"author":29,"featured_media":1559,"comment_status":"closed","ping_status":"closed","sticky":false,"template":"","format":"standard","meta":{"_acf_changed":false,"_jetpack_memberships_contains_paid_content":false,"footnotes":""},"categories":[1],"tags":[12,42,5,19,37],"coauthors":[],"class_list":["post-2810","post","type-post","status-publish","format-standard","has-post-thumbnail","hentry","category-sem-categoria","tag-coronavirus","tag-direitos-humanos","tag-quebra-de-decoro","tag-relacoes-internacionais","tag-saude"],"acf":[],"yoast_head":"<!-- This site is optimized with the Yoast SEO plugin v27.4 - https:\/\/yoast.com\/product\/yoast-seo-wordpress\/ -->\n<title>Pedido 0025 - Os pedidos de impeachment de Bolsonaro<\/title>\n<meta name=\"description\" content=\"O Pedido 0025 de impeachment contra Jair Bolsonaro foi apresentado pelo advogado Paulo Iotti.\" \/>\n<meta name=\"robots\" content=\"index, follow, max-snippet:-1, max-image-preview:large, max-video-preview:-1\" \/>\n<link rel=\"canonical\" href=\"https:\/\/apublica.org\/impeachment-bolsonaro\/pedido-0025\/\" \/>\n<meta property=\"og:locale\" content=\"pt_BR\" \/>\n<meta property=\"og:type\" content=\"article\" \/>\n<meta property=\"og:title\" content=\"Pedido 0025 - Os pedidos de impeachment de Bolsonaro\" \/>\n<meta property=\"og:description\" content=\"O Pedido 0025 de impeachment contra Jair Bolsonaro foi apresentado pelo advogado Paulo Iotti.\" \/>\n<meta property=\"og:url\" content=\"https:\/\/apublica.org\/impeachment-bolsonaro\/pedido-0025\/\" \/>\n<meta property=\"og:site_name\" content=\"Os pedidos de impeachment de Bolsonaro\" \/>\n<meta property=\"article:published_time\" content=\"2020-04-15T18:00:57+00:00\" \/>\n<meta property=\"article:modified_time\" content=\"2022-05-28T02:02:30+00:00\" \/>\n<meta property=\"og:image\" content=\"https:\/\/i0.wp.com\/apublica.org\/impeachment-bolsonaro\/wp-content\/uploads\/2021\/01\/pedido25-fotovaltercampanato-agenciabrasil.png?fit=1204%2C678&ssl=1\" \/>\n\t<meta property=\"og:image:width\" content=\"1204\" \/>\n\t<meta property=\"og:image:height\" content=\"678\" \/>\n\t<meta property=\"og:image:type\" content=\"image\/png\" \/>\n<meta name=\"author\" content=\"Laura Scofield\" \/>\n<meta name=\"twitter:card\" content=\"summary_large_image\" \/>\n<meta name=\"twitter:label1\" content=\"Escrito por\" \/>\n\t<meta name=\"twitter:data1\" content=\"Laura Scofield\" \/>\n\t<meta name=\"twitter:label2\" content=\"Est. tempo de leitura\" \/>\n\t<meta name=\"twitter:data2\" content=\"1 minuto\" \/>\n\t<meta name=\"twitter:label3\" content=\"Written by\" \/>\n\t<meta name=\"twitter:data3\" content=\"Laura Scofield\" \/>\n<script type=\"application\/ld+json\" class=\"yoast-schema-graph\">{\"@context\":\"https:\\\/\\\/schema.org\",\"@graph\":[{\"@type\":\"Article\",\"@id\":\"https:\\\/\\\/apublica.org\\\/impeachment-bolsonaro\\\/pedido-0025\\\/#article\",\"isPartOf\":{\"@id\":\"https:\\\/\\\/apublica.org\\\/impeachment-bolsonaro\\\/pedido-0025\\\/\"},\"author\":{\"name\":\"Laura Scofield\",\"@id\":\"https:\\\/\\\/apublica.org\\\/impeachment-bolsonaro\\\/#\\\/schema\\\/person\\\/16aad31613529a99d0796d173eb2b2f7\"},\"headline\":\"Pedido 0025\",\"datePublished\":\"2020-04-15T18:00:57+00:00\",\"dateModified\":\"2022-05-28T02:02:30+00:00\",\"mainEntityOfPage\":{\"@id\":\"https:\\\/\\\/apublica.org\\\/impeachment-bolsonaro\\\/pedido-0025\\\/\"},\"wordCount\":194,\"image\":{\"@id\":\"https:\\\/\\\/apublica.org\\\/impeachment-bolsonaro\\\/pedido-0025\\\/#primaryimage\"},\"thumbnailUrl\":\"https:\\\/\\\/i0.wp.com\\\/apublica.org\\\/impeachment-bolsonaro\\\/wp-content\\\/uploads\\\/2021\\\/01\\\/pedido25-fotovaltercampanato-agenciabrasil.png?fit=1204%2C678&ssl=1\",\"keywords\":[\"coronav\u00edrus\",\"direitos humanos\",\"quebra de decoro\",\"rela\u00e7\u00f5es internacionais\",\"sa\u00fade\"],\"inLanguage\":\"pt-BR\"},{\"@type\":\"WebPage\",\"@id\":\"https:\\\/\\\/apublica.org\\\/impeachment-bolsonaro\\\/pedido-0025\\\/\",\"url\":\"https:\\\/\\\/apublica.org\\\/impeachment-bolsonaro\\\/pedido-0025\\\/\",\"name\":\"Pedido 0025 - Os pedidos de impeachment de Bolsonaro\",\"isPartOf\":{\"@id\":\"https:\\\/\\\/apublica.org\\\/impeachment-bolsonaro\\\/#website\"},\"primaryImageOfPage\":{\"@id\":\"https:\\\/\\\/apublica.org\\\/impeachment-bolsonaro\\\/pedido-0025\\\/#primaryimage\"},\"image\":{\"@id\":\"https:\\\/\\\/apublica.org\\\/impeachment-bolsonaro\\\/pedido-0025\\\/#primaryimage\"},\"thumbnailUrl\":\"https:\\\/\\\/i0.wp.com\\\/apublica.org\\\/impeachment-bolsonaro\\\/wp-content\\\/uploads\\\/2021\\\/01\\\/pedido25-fotovaltercampanato-agenciabrasil.png?fit=1204%2C678&ssl=1\",\"datePublished\":\"2020-04-15T18:00:57+00:00\",\"dateModified\":\"2022-05-28T02:02:30+00:00\",\"author\":{\"@id\":\"https:\\\/\\\/apublica.org\\\/impeachment-bolsonaro\\\/#\\\/schema\\\/person\\\/16aad31613529a99d0796d173eb2b2f7\"},\"description\":\"O Pedido 0025 de impeachment contra Jair Bolsonaro foi apresentado pelo advogado Paulo Iotti.\",\"breadcrumb\":{\"@id\":\"https:\\\/\\\/apublica.org\\\/impeachment-bolsonaro\\\/pedido-0025\\\/#breadcrumb\"},\"inLanguage\":\"pt-BR\",\"potentialAction\":[{\"@type\":\"ReadAction\",\"target\":[\"https:\\\/\\\/apublica.org\\\/impeachment-bolsonaro\\\/pedido-0025\\\/\"]}]},{\"@type\":\"ImageObject\",\"inLanguage\":\"pt-BR\",\"@id\":\"https:\\\/\\\/apublica.org\\\/impeachment-bolsonaro\\\/pedido-0025\\\/#primaryimage\",\"url\":\"https:\\\/\\\/i0.wp.com\\\/apublica.org\\\/impeachment-bolsonaro\\\/wp-content\\\/uploads\\\/2021\\\/01\\\/pedido25-fotovaltercampanato-agenciabrasil.png?fit=1204%2C678&ssl=1\",\"contentUrl\":\"https:\\\/\\\/i0.wp.com\\\/apublica.org\\\/impeachment-bolsonaro\\\/wp-content\\\/uploads\\\/2021\\\/01\\\/pedido25-fotovaltercampanato-agenciabrasil.png?fit=1204%2C678&ssl=1\",\"width\":1204,\"height\":678},{\"@type\":\"BreadcrumbList\",\"@id\":\"https:\\\/\\\/apublica.org\\\/impeachment-bolsonaro\\\/pedido-0025\\\/#breadcrumb\",\"itemListElement\":[{\"@type\":\"ListItem\",\"position\":1,\"name\":\"In\u00edcio\",\"item\":\"https:\\\/\\\/apublica.org\\\/impeachment-bolsonaro\\\/\"},{\"@type\":\"ListItem\",\"position\":2,\"name\":\"Pedido 0025\"}]},{\"@type\":\"WebSite\",\"@id\":\"https:\\\/\\\/apublica.org\\\/impeachment-bolsonaro\\\/#website\",\"url\":\"https:\\\/\\\/apublica.org\\\/impeachment-bolsonaro\\\/\",\"name\":\"Os pedidos de impeachment de Bolsonaro\",\"description\":\"\",\"potentialAction\":[{\"@type\":\"SearchAction\",\"target\":{\"@type\":\"EntryPoint\",\"urlTemplate\":\"https:\\\/\\\/apublica.org\\\/impeachment-bolsonaro\\\/?s={search_term_string}\"},\"query-input\":{\"@type\":\"PropertyValueSpecification\",\"valueRequired\":true,\"valueName\":\"search_term_string\"}}],\"inLanguage\":\"pt-BR\"},{\"@type\":\"Person\",\"@id\":\"https:\\\/\\\/apublica.org\\\/impeachment-bolsonaro\\\/#\\\/schema\\\/person\\\/16aad31613529a99d0796d173eb2b2f7\",\"name\":\"Laura Scofield\",\"image\":{\"@type\":\"ImageObject\",\"inLanguage\":\"pt-BR\",\"@id\":\"https:\\\/\\\/secure.gravatar.com\\\/avatar\\\/d1b96b430079847bc46acd129c4c10a79b053ccd4da6177e0ac83288aba8f24a?s=96&d=mm&r=g9a4c765220b5e2dfef2f7002b37fa836\",\"url\":\"https:\\\/\\\/secure.gravatar.com\\\/avatar\\\/d1b96b430079847bc46acd129c4c10a79b053ccd4da6177e0ac83288aba8f24a?s=96&d=mm&r=g\",\"contentUrl\":\"https:\\\/\\\/secure.gravatar.com\\\/avatar\\\/d1b96b430079847bc46acd129c4c10a79b053ccd4da6177e0ac83288aba8f24a?s=96&d=mm&r=g\",\"caption\":\"Laura Scofield\"},\"description\":\"Jornalista formada pela Escola de Comunica\u00e7\u00f5es e Artes da Universidade de S\u00e3o Paulo (ECA-USP) com pesquisa sobre migra\u00e7\u00e3o indocumentada de brasileiros para os Estados Unidos. Colabora com a OBOR\u00c9 Projetos Especiais e \u00e9 ex-diretora de cultura da Jornalismo J\u00fanior. Come\u00e7ou na Ag\u00eancia P\u00fablica em mar\u00e7o de 2020 como estagi\u00e1ria de reda\u00e7\u00e3o do n\u00facleo de pol\u00edtica e redes sociais e desde janeiro de 2022 \u00e9 rep\u00f3rter do n\u00facleo de clima. Trabalhos premiados pelo Pr\u00eamio Intercom Sudeste 2021 e 12\u00ba Pr\u00eamio Jovem Jornalista Fernando Pacheco Jord\u00e3o 2020.\",\"url\":\"https:\\\/\\\/apublica.org\\\/impeachment-bolsonaro\\\/author\\\/laurascofield\\\/\"}]}<\/script>\n<!-- \/ Yoast SEO plugin. -->","yoast_head_json":{"title":"Pedido 0025 - Os pedidos de impeachment de Bolsonaro","description":"O Pedido 0025 de impeachment contra Jair Bolsonaro foi apresentado pelo advogado Paulo Iotti.","robots":{"index":"index","follow":"follow","max-snippet":"max-snippet:-1","max-image-preview":"max-image-preview:large","max-video-preview":"max-video-preview:-1"},"canonical":"https:\/\/apublica.org\/impeachment-bolsonaro\/pedido-0025\/","og_locale":"pt_BR","og_type":"article","og_title":"Pedido 0025 - Os pedidos de impeachment de Bolsonaro","og_description":"O Pedido 0025 de impeachment contra Jair Bolsonaro foi apresentado pelo advogado Paulo Iotti.","og_url":"https:\/\/apublica.org\/impeachment-bolsonaro\/pedido-0025\/","og_site_name":"Os pedidos de impeachment de Bolsonaro","article_published_time":"2020-04-15T18:00:57+00:00","article_modified_time":"2022-05-28T02:02:30+00:00","og_image":[{"width":1204,"height":678,"url":"https:\/\/i0.wp.com\/apublica.org\/impeachment-bolsonaro\/wp-content\/uploads\/2021\/01\/pedido25-fotovaltercampanato-agenciabrasil.png?fit=1204%2C678&ssl=1","type":"image\/png"}],"author":"Laura Scofield","twitter_card":"summary_large_image","twitter_misc":{"Escrito por":"Laura Scofield","Est. tempo de leitura":"1 minuto","Written by":"Laura Scofield"},"schema":{"@context":"https:\/\/schema.org","@graph":[{"@type":"Article","@id":"https:\/\/apublica.org\/impeachment-bolsonaro\/pedido-0025\/#article","isPartOf":{"@id":"https:\/\/apublica.org\/impeachment-bolsonaro\/pedido-0025\/"},"author":{"name":"Laura Scofield","@id":"https:\/\/apublica.org\/impeachment-bolsonaro\/#\/schema\/person\/16aad31613529a99d0796d173eb2b2f7"},"headline":"Pedido 0025","datePublished":"2020-04-15T18:00:57+00:00","dateModified":"2022-05-28T02:02:30+00:00","mainEntityOfPage":{"@id":"https:\/\/apublica.org\/impeachment-bolsonaro\/pedido-0025\/"},"wordCount":194,"image":{"@id":"https:\/\/apublica.org\/impeachment-bolsonaro\/pedido-0025\/#primaryimage"},"thumbnailUrl":"https:\/\/i0.wp.com\/apublica.org\/impeachment-bolsonaro\/wp-content\/uploads\/2021\/01\/pedido25-fotovaltercampanato-agenciabrasil.png?fit=1204%2C678&ssl=1","keywords":["coronav\u00edrus","direitos humanos","quebra de decoro","rela\u00e7\u00f5es internacionais","sa\u00fade"],"inLanguage":"pt-BR"},{"@type":"WebPage","@id":"https:\/\/apublica.org\/impeachment-bolsonaro\/pedido-0025\/","url":"https:\/\/apublica.org\/impeachment-bolsonaro\/pedido-0025\/","name":"Pedido 0025 - Os pedidos de impeachment de Bolsonaro","isPartOf":{"@id":"https:\/\/apublica.org\/impeachment-bolsonaro\/#website"},"primaryImageOfPage":{"@id":"https:\/\/apublica.org\/impeachment-bolsonaro\/pedido-0025\/#primaryimage"},"image":{"@id":"https:\/\/apublica.org\/impeachment-bolsonaro\/pedido-0025\/#primaryimage"},"thumbnailUrl":"https:\/\/i0.wp.com\/apublica.org\/impeachment-bolsonaro\/wp-content\/uploads\/2021\/01\/pedido25-fotovaltercampanato-agenciabrasil.png?fit=1204%2C678&ssl=1","datePublished":"2020-04-15T18:00:57+00:00","dateModified":"2022-05-28T02:02:30+00:00","author":{"@id":"https:\/\/apublica.org\/impeachment-bolsonaro\/#\/schema\/person\/16aad31613529a99d0796d173eb2b2f7"},"description":"O Pedido 0025 de impeachment contra Jair Bolsonaro foi apresentado pelo advogado Paulo Iotti.","breadcrumb":{"@id":"https:\/\/apublica.org\/impeachment-bolsonaro\/pedido-0025\/#breadcrumb"},"inLanguage":"pt-BR","potentialAction":[{"@type":"ReadAction","target":["https:\/\/apublica.org\/impeachment-bolsonaro\/pedido-0025\/"]}]},{"@type":"ImageObject","inLanguage":"pt-BR","@id":"https:\/\/apublica.org\/impeachment-bolsonaro\/pedido-0025\/#primaryimage","url":"https:\/\/i0.wp.com\/apublica.org\/impeachment-bolsonaro\/wp-content\/uploads\/2021\/01\/pedido25-fotovaltercampanato-agenciabrasil.png?fit=1204%2C678&ssl=1","contentUrl":"https:\/\/i0.wp.com\/apublica.org\/impeachment-bolsonaro\/wp-content\/uploads\/2021\/01\/pedido25-fotovaltercampanato-agenciabrasil.png?fit=1204%2C678&ssl=1","width":1204,"height":678},{"@type":"BreadcrumbList","@id":"https:\/\/apublica.org\/impeachment-bolsonaro\/pedido-0025\/#breadcrumb","itemListElement":[{"@type":"ListItem","position":1,"name":"In\u00edcio","item":"https:\/\/apublica.org\/impeachment-bolsonaro\/"},{"@type":"ListItem","position":2,"name":"Pedido 0025"}]},{"@type":"WebSite","@id":"https:\/\/apublica.org\/impeachment-bolsonaro\/#website","url":"https:\/\/apublica.org\/impeachment-bolsonaro\/","name":"Os pedidos de impeachment de Bolsonaro","description":"","potentialAction":[{"@type":"SearchAction","target":{"@type":"EntryPoint","urlTemplate":"https:\/\/apublica.org\/impeachment-bolsonaro\/?s={search_term_string}"},"query-input":{"@type":"PropertyValueSpecification","valueRequired":true,"valueName":"search_term_string"}}],"inLanguage":"pt-BR"},{"@type":"Person","@id":"https:\/\/apublica.org\/impeachment-bolsonaro\/#\/schema\/person\/16aad31613529a99d0796d173eb2b2f7","name":"Laura Scofield","image":{"@type":"ImageObject","inLanguage":"pt-BR","@id":"https:\/\/secure.gravatar.com\/avatar\/d1b96b430079847bc46acd129c4c10a79b053ccd4da6177e0ac83288aba8f24a?s=96&d=mm&r=g9a4c765220b5e2dfef2f7002b37fa836","url":"https:\/\/secure.gravatar.com\/avatar\/d1b96b430079847bc46acd129c4c10a79b053ccd4da6177e0ac83288aba8f24a?s=96&d=mm&r=g","contentUrl":"https:\/\/secure.gravatar.com\/avatar\/d1b96b430079847bc46acd129c4c10a79b053ccd4da6177e0ac83288aba8f24a?s=96&d=mm&r=g","caption":"Laura Scofield"},"description":"Jornalista formada pela Escola de Comunica\u00e7\u00f5es e Artes da Universidade de S\u00e3o Paulo (ECA-USP) com pesquisa sobre migra\u00e7\u00e3o indocumentada de brasileiros para os Estados Unidos. Colabora com a OBOR\u00c9 Projetos Especiais e \u00e9 ex-diretora de cultura da Jornalismo J\u00fanior. Come\u00e7ou na Ag\u00eancia P\u00fablica em mar\u00e7o de 2020 como estagi\u00e1ria de reda\u00e7\u00e3o do n\u00facleo de pol\u00edtica e redes sociais e desde janeiro de 2022 \u00e9 rep\u00f3rter do n\u00facleo de clima. Trabalhos premiados pelo Pr\u00eamio Intercom Sudeste 2021 e 12\u00ba Pr\u00eamio Jovem Jornalista Fernando Pacheco Jord\u00e3o 2020.","url":"https:\/\/apublica.org\/impeachment-bolsonaro\/author\/laurascofield\/"}]}},"jetpack_featured_media_url":"https:\/\/i0.wp.com\/apublica.org\/impeachment-bolsonaro\/wp-content\/uploads\/2021\/01\/pedido25-fotovaltercampanato-agenciabrasil.png?fit=1204%2C678&ssl=1","jetpack_sharing_enabled":true,"_links":{"self":[{"href":"https:\/\/apublica.org\/impeachment-bolsonaro\/wp-json\/wp\/v2\/posts\/2810","targetHints":{"allow":["GET"]}}],"collection":[{"href":"https:\/\/apublica.org\/impeachment-bolsonaro\/wp-json\/wp\/v2\/posts"}],"about":[{"href":"https:\/\/apublica.org\/impeachment-bolsonaro\/wp-json\/wp\/v2\/types\/post"}],"author":[{"embeddable":true,"href":"https:\/\/apublica.org\/impeachment-bolsonaro\/wp-json\/wp\/v2\/users\/29"}],"replies":[{"embeddable":true,"href":"https:\/\/apublica.org\/impeachment-bolsonaro\/wp-json\/wp\/v2\/comments?post=2810"}],"version-history":[{"count":1,"href":"https:\/\/apublica.org\/impeachment-bolsonaro\/wp-json\/wp\/v2\/posts\/2810\/revisions"}],"predecessor-version":[{"id":3402,"href":"https:\/\/apublica.org\/impeachment-bolsonaro\/wp-json\/wp\/v2\/posts\/2810\/revisions\/3402"}],"wp:featuredmedia":[{"embeddable":true,"href":"https:\/\/apublica.org\/impeachment-bolsonaro\/wp-json\/wp\/v2\/media\/1559"}],"wp:attachment":[{"href":"https:\/\/apublica.org\/impeachment-bolsonaro\/wp-json\/wp\/v2\/media?parent=2810"}],"wp:term":[{"taxonomy":"category","embeddable":true,"href":"https:\/\/apublica.org\/impeachment-bolsonaro\/wp-json\/wp\/v2\/categories?post=2810"},{"taxonomy":"post_tag","embeddable":true,"href":"https:\/\/apublica.org\/impeachment-bolsonaro\/wp-json\/wp\/v2\/tags?post=2810"},{"taxonomy":"author","embeddable":true,"href":"https:\/\/apublica.org\/impeachment-bolsonaro\/wp-json\/wp\/v2\/coauthors?post=2810"}],"curies":[{"name":"wp","href":"https:\/\/api.w.org\/{rel}","templated":true}]}}