{"id":2815,"date":"2020-04-08T20:57:56","date_gmt":"2020-04-08T23:57:56","guid":{"rendered":"https:\/\/apublica.org\/impeachment-bolsonaro.new\/pedido-024\/"},"modified":"2022-05-27T23:02:56","modified_gmt":"2022-05-28T02:02:56","slug":"pedido-024","status":"publish","type":"post","link":"https:\/\/apublica.org\/impeachment-bolsonaro\/pedido-024\/","title":{"rendered":"Pedido 0024"},"content":{"rendered":"\n<p>O pedido de impeachment apresentado por Valdir Barbosa de Medeiros em oito de abril foi arquivado pela C\u00e2mara por falta de assinatura digital.&nbsp;<\/p>\n\n\n\n<p>O autor protocolou novo pedido de mesmo teor no dia 23 de abril, que encontra-se em an\u00e1lise.&nbsp;<\/p>\n\n\n\n<p>Confira na \u00edntegra as acusa\u00e7\u00f5es do autor contra o presidente Jair Bolsonaro na p\u00e1gina do <a href=\"https:\/\/apublica.org\/impeachment-bolsonaro\/pedido-028\/\">pedido 0028<\/a><\/p>\n","protected":false},"excerpt":{"rendered":"<p>O pedido de impeachment apresentado por Valdir Barbosa de Medeiros em oito de abril foi arquivado pela C\u00e2mara por falta de assinatura digital.&nbsp; O autor protocolou novo pedido de mesmo teor no dia 23 de abril, que encontra-se em an\u00e1lise.&nbsp; Confira na \u00edntegra as acusa\u00e7\u00f5es do autor contra o presidente Jair Bolsonaro na p\u00e1gina do<\/p>\n","protected":false},"author":22,"featured_media":207,"comment_status":"closed","ping_status":"closed","sticky":false,"template":"","format":"standard","meta":{"_acf_changed":false,"_jetpack_memberships_contains_paid_content":false,"footnotes":""},"categories":[1],"tags":[12,10],"coauthors":[],"class_list":["post-2815","post","type-post","status-publish","format-standard","has-post-thumbnail","hentry","category-sem-categoria","tag-coronavirus","tag-imprensa"],"acf":[],"yoast_head":"<!-- This site is optimized with the Yoast SEO plugin v27.4 - https:\/\/yoast.com\/product\/yoast-seo-wordpress\/ -->\n<title>Pedido 0024 - Os pedidos de impeachment de Bolsonaro<\/title>\n<meta name=\"robots\" content=\"index, follow, max-snippet:-1, max-image-preview:large, max-video-preview:-1\" \/>\n<link rel=\"canonical\" href=\"https:\/\/apublica.org\/impeachment-bolsonaro\/pedido-024\/\" \/>\n<meta property=\"og:locale\" content=\"pt_BR\" \/>\n<meta property=\"og:type\" content=\"article\" \/>\n<meta property=\"og:title\" content=\"Pedido 0024 - Os pedidos de impeachment de Bolsonaro\" \/>\n<meta property=\"og:description\" content=\"O pedido de impeachment apresentado por Valdir Barbosa de Medeiros em oito de abril foi arquivado pela C\u00e2mara por falta de assinatura digital.&nbsp; O autor protocolou novo pedido de mesmo teor no dia 23 de abril, que encontra-se em an\u00e1lise.&nbsp; Confira na \u00edntegra as acusa\u00e7\u00f5es do autor contra o presidente Jair Bolsonaro na p\u00e1gina do\" \/>\n<meta property=\"og:url\" content=\"https:\/\/apublica.org\/impeachment-bolsonaro\/pedido-024\/\" \/>\n<meta property=\"og:site_name\" content=\"Os pedidos de impeachment de Bolsonaro\" \/>\n<meta property=\"article:published_time\" content=\"2020-04-08T23:57:56+00:00\" \/>\n<meta property=\"article:modified_time\" content=\"2022-05-28T02:02:56+00:00\" \/>\n<meta property=\"og:image\" content=\"https:\/\/i0.wp.com\/apublica.org\/impeachment-bolsonaro\/wp-content\/uploads\/2020\/05\/imagem-pedido-valdir-barbosa-foto-marcello-casal-jr-e1590958094112.png?fit=1411%2C711&ssl=1\" \/>\n\t<meta property=\"og:image:width\" content=\"1411\" \/>\n\t<meta property=\"og:image:height\" content=\"711\" \/>\n\t<meta property=\"og:image:type\" content=\"image\/png\" \/>\n<meta name=\"author\" content=\"Ethel Rudnitzki\" \/>\n<meta name=\"twitter:card\" content=\"summary_large_image\" \/>\n<meta name=\"twitter:label1\" content=\"Escrito por\" \/>\n\t<meta name=\"twitter:data1\" content=\"Ethel Rudnitzki\" \/>\n\t<meta name=\"twitter:label2\" content=\"Written by\" \/>\n\t<meta name=\"twitter:data2\" content=\"Ethel Rudnitzki\" \/>\n<script type=\"application\/ld+json\" class=\"yoast-schema-graph\">{\"@context\":\"https:\\\/\\\/schema.org\",\"@graph\":[{\"@type\":\"Article\",\"@id\":\"https:\\\/\\\/apublica.org\\\/impeachment-bolsonaro\\\/pedido-024\\\/#article\",\"isPartOf\":{\"@id\":\"https:\\\/\\\/apublica.org\\\/impeachment-bolsonaro\\\/pedido-024\\\/\"},\"author\":{\"name\":\"Ethel Rudnitzki\",\"@id\":\"https:\\\/\\\/apublica.org\\\/impeachment-bolsonaro\\\/#\\\/schema\\\/person\\\/f28bcddd48c7d8a349d50b07e1af0146\"},\"headline\":\"Pedido 0024\",\"datePublished\":\"2020-04-08T23:57:56+00:00\",\"dateModified\":\"2022-05-28T02:02:56+00:00\",\"mainEntityOfPage\":{\"@id\":\"https:\\\/\\\/apublica.org\\\/impeachment-bolsonaro\\\/pedido-024\\\/\"},\"wordCount\":62,\"image\":{\"@id\":\"https:\\\/\\\/apublica.org\\\/impeachment-bolsonaro\\\/pedido-024\\\/#primaryimage\"},\"thumbnailUrl\":\"https:\\\/\\\/i0.wp.com\\\/apublica.org\\\/impeachment-bolsonaro\\\/wp-content\\\/uploads\\\/2020\\\/05\\\/imagem-pedido-valdir-barbosa-foto-marcello-casal-jr-e1590958094112.png?fit=1411%2C711&ssl=1\",\"keywords\":[\"coronav\u00edrus\",\"imprensa\"],\"inLanguage\":\"pt-BR\"},{\"@type\":\"WebPage\",\"@id\":\"https:\\\/\\\/apublica.org\\\/impeachment-bolsonaro\\\/pedido-024\\\/\",\"url\":\"https:\\\/\\\/apublica.org\\\/impeachment-bolsonaro\\\/pedido-024\\\/\",\"name\":\"Pedido 0024 - Os pedidos de impeachment de Bolsonaro\",\"isPartOf\":{\"@id\":\"https:\\\/\\\/apublica.org\\\/impeachment-bolsonaro\\\/#website\"},\"primaryImageOfPage\":{\"@id\":\"https:\\\/\\\/apublica.org\\\/impeachment-bolsonaro\\\/pedido-024\\\/#primaryimage\"},\"image\":{\"@id\":\"https:\\\/\\\/apublica.org\\\/impeachment-bolsonaro\\\/pedido-024\\\/#primaryimage\"},\"thumbnailUrl\":\"https:\\\/\\\/i0.wp.com\\\/apublica.org\\\/impeachment-bolsonaro\\\/wp-content\\\/uploads\\\/2020\\\/05\\\/imagem-pedido-valdir-barbosa-foto-marcello-casal-jr-e1590958094112.png?fit=1411%2C711&ssl=1\",\"datePublished\":\"2020-04-08T23:57:56+00:00\",\"dateModified\":\"2022-05-28T02:02:56+00:00\",\"author\":{\"@id\":\"https:\\\/\\\/apublica.org\\\/impeachment-bolsonaro\\\/#\\\/schema\\\/person\\\/f28bcddd48c7d8a349d50b07e1af0146\"},\"breadcrumb\":{\"@id\":\"https:\\\/\\\/apublica.org\\\/impeachment-bolsonaro\\\/pedido-024\\\/#breadcrumb\"},\"inLanguage\":\"pt-BR\",\"potentialAction\":[{\"@type\":\"ReadAction\",\"target\":[\"https:\\\/\\\/apublica.org\\\/impeachment-bolsonaro\\\/pedido-024\\\/\"]}]},{\"@type\":\"ImageObject\",\"inLanguage\":\"pt-BR\",\"@id\":\"https:\\\/\\\/apublica.org\\\/impeachment-bolsonaro\\\/pedido-024\\\/#primaryimage\",\"url\":\"https:\\\/\\\/i0.wp.com\\\/apublica.org\\\/impeachment-bolsonaro\\\/wp-content\\\/uploads\\\/2020\\\/05\\\/imagem-pedido-valdir-barbosa-foto-marcello-casal-jr-e1590958094112.png?fit=1411%2C711&ssl=1\",\"contentUrl\":\"https:\\\/\\\/i0.wp.com\\\/apublica.org\\\/impeachment-bolsonaro\\\/wp-content\\\/uploads\\\/2020\\\/05\\\/imagem-pedido-valdir-barbosa-foto-marcello-casal-jr-e1590958094112.png?fit=1411%2C711&ssl=1\",\"width\":1411,\"height\":711,\"caption\":\"Foto: Marcello Casal Jr\\\/ Ag\u00eancia Brasil\"},{\"@type\":\"BreadcrumbList\",\"@id\":\"https:\\\/\\\/apublica.org\\\/impeachment-bolsonaro\\\/pedido-024\\\/#breadcrumb\",\"itemListElement\":[{\"@type\":\"ListItem\",\"position\":1,\"name\":\"In\u00edcio\",\"item\":\"https:\\\/\\\/apublica.org\\\/impeachment-bolsonaro\\\/\"},{\"@type\":\"ListItem\",\"position\":2,\"name\":\"Pedido 0024\"}]},{\"@type\":\"WebSite\",\"@id\":\"https:\\\/\\\/apublica.org\\\/impeachment-bolsonaro\\\/#website\",\"url\":\"https:\\\/\\\/apublica.org\\\/impeachment-bolsonaro\\\/\",\"name\":\"Os pedidos de impeachment de Bolsonaro\",\"description\":\"\",\"potentialAction\":[{\"@type\":\"SearchAction\",\"target\":{\"@type\":\"EntryPoint\",\"urlTemplate\":\"https:\\\/\\\/apublica.org\\\/impeachment-bolsonaro\\\/?s={search_term_string}\"},\"query-input\":{\"@type\":\"PropertyValueSpecification\",\"valueRequired\":true,\"valueName\":\"search_term_string\"}}],\"inLanguage\":\"pt-BR\"},{\"@type\":\"Person\",\"@id\":\"https:\\\/\\\/apublica.org\\\/impeachment-bolsonaro\\\/#\\\/schema\\\/person\\\/f28bcddd48c7d8a349d50b07e1af0146\",\"name\":\"Ethel Rudnitzki\",\"image\":{\"@type\":\"ImageObject\",\"inLanguage\":\"pt-BR\",\"@id\":\"https:\\\/\\\/secure.gravatar.com\\\/avatar\\\/6a4ef2ec842268bf117c7866158f15821e46c42d2debc46677ad776e794ab786?s=96&d=mm&r=g64b25c309118ef2f9c2b642ad1ff43e5\",\"url\":\"https:\\\/\\\/secure.gravatar.com\\\/avatar\\\/6a4ef2ec842268bf117c7866158f15821e46c42d2debc46677ad776e794ab786?s=96&d=mm&r=g\",\"contentUrl\":\"https:\\\/\\\/secure.gravatar.com\\\/avatar\\\/6a4ef2ec842268bf117c7866158f15821e46c42d2debc46677ad776e794ab786?s=96&d=mm&r=g\",\"caption\":\"Ethel Rudnitzki\"},\"description\":\"Formada em jornalismo pela Escola de Comunica\u00e7\u00f5es e Artes da USP. Realizou interc\u00e2mbio acad\u00eamico na Universidade de Coimbra em Portugal, onde estudou jornalismo com especializa\u00e7\u00e3o em Estudos Europeus. Trabalhou tamb\u00e9m como editora e rep\u00f3rter da Revista Vira\u00e7\u00e3o e do portal Ag\u00eancia Jovem de Not\u00edcias, participando de coberturas e eventos internacionais como a Terceira Confer\u00eancia das Na\u00e7\u00f5es Unidas sobre Moradia e Desenvolvimento Urbano Sustent\u00e1vel e a 22\u00aa Confer\u00eancia das Partes sobre Mudan\u00e7a do Clima. Na P\u00fablica, fez parte do Truco \u2013 projeto de fact-checking \u2013 durante as elei\u00e7\u00f5es de 2018, e produz reportagens sobre redes sociais e desinforma\u00e7\u00e3o.\",\"url\":\"https:\\\/\\\/apublica.org\\\/impeachment-bolsonaro\\\/author\\\/ethelrudnitzki\\\/\"}]}<\/script>\n<!-- \/ Yoast SEO plugin. -->","yoast_head_json":{"title":"Pedido 0024 - Os pedidos de impeachment de Bolsonaro","robots":{"index":"index","follow":"follow","max-snippet":"max-snippet:-1","max-image-preview":"max-image-preview:large","max-video-preview":"max-video-preview:-1"},"canonical":"https:\/\/apublica.org\/impeachment-bolsonaro\/pedido-024\/","og_locale":"pt_BR","og_type":"article","og_title":"Pedido 0024 - Os pedidos de impeachment de Bolsonaro","og_description":"O pedido de impeachment apresentado por Valdir Barbosa de Medeiros em oito de abril foi arquivado pela C\u00e2mara por falta de assinatura digital.&nbsp; O autor protocolou novo pedido de mesmo teor no dia 23 de abril, que encontra-se em an\u00e1lise.&nbsp; Confira na \u00edntegra as acusa\u00e7\u00f5es do autor contra o presidente Jair Bolsonaro na p\u00e1gina do","og_url":"https:\/\/apublica.org\/impeachment-bolsonaro\/pedido-024\/","og_site_name":"Os pedidos de impeachment de Bolsonaro","article_published_time":"2020-04-08T23:57:56+00:00","article_modified_time":"2022-05-28T02:02:56+00:00","og_image":[{"width":1411,"height":711,"url":"https:\/\/i0.wp.com\/apublica.org\/impeachment-bolsonaro\/wp-content\/uploads\/2020\/05\/imagem-pedido-valdir-barbosa-foto-marcello-casal-jr-e1590958094112.png?fit=1411%2C711&ssl=1","type":"image\/png"}],"author":"Ethel Rudnitzki","twitter_card":"summary_large_image","twitter_misc":{"Escrito por":"Ethel Rudnitzki","Written by":"Ethel Rudnitzki"},"schema":{"@context":"https:\/\/schema.org","@graph":[{"@type":"Article","@id":"https:\/\/apublica.org\/impeachment-bolsonaro\/pedido-024\/#article","isPartOf":{"@id":"https:\/\/apublica.org\/impeachment-bolsonaro\/pedido-024\/"},"author":{"name":"Ethel Rudnitzki","@id":"https:\/\/apublica.org\/impeachment-bolsonaro\/#\/schema\/person\/f28bcddd48c7d8a349d50b07e1af0146"},"headline":"Pedido 0024","datePublished":"2020-04-08T23:57:56+00:00","dateModified":"2022-05-28T02:02:56+00:00","mainEntityOfPage":{"@id":"https:\/\/apublica.org\/impeachment-bolsonaro\/pedido-024\/"},"wordCount":62,"image":{"@id":"https:\/\/apublica.org\/impeachment-bolsonaro\/pedido-024\/#primaryimage"},"thumbnailUrl":"https:\/\/i0.wp.com\/apublica.org\/impeachment-bolsonaro\/wp-content\/uploads\/2020\/05\/imagem-pedido-valdir-barbosa-foto-marcello-casal-jr-e1590958094112.png?fit=1411%2C711&ssl=1","keywords":["coronav\u00edrus","imprensa"],"inLanguage":"pt-BR"},{"@type":"WebPage","@id":"https:\/\/apublica.org\/impeachment-bolsonaro\/pedido-024\/","url":"https:\/\/apublica.org\/impeachment-bolsonaro\/pedido-024\/","name":"Pedido 0024 - Os pedidos de impeachment de Bolsonaro","isPartOf":{"@id":"https:\/\/apublica.org\/impeachment-bolsonaro\/#website"},"primaryImageOfPage":{"@id":"https:\/\/apublica.org\/impeachment-bolsonaro\/pedido-024\/#primaryimage"},"image":{"@id":"https:\/\/apublica.org\/impeachment-bolsonaro\/pedido-024\/#primaryimage"},"thumbnailUrl":"https:\/\/i0.wp.com\/apublica.org\/impeachment-bolsonaro\/wp-content\/uploads\/2020\/05\/imagem-pedido-valdir-barbosa-foto-marcello-casal-jr-e1590958094112.png?fit=1411%2C711&ssl=1","datePublished":"2020-04-08T23:57:56+00:00","dateModified":"2022-05-28T02:02:56+00:00","author":{"@id":"https:\/\/apublica.org\/impeachment-bolsonaro\/#\/schema\/person\/f28bcddd48c7d8a349d50b07e1af0146"},"breadcrumb":{"@id":"https:\/\/apublica.org\/impeachment-bolsonaro\/pedido-024\/#breadcrumb"},"inLanguage":"pt-BR","potentialAction":[{"@type":"ReadAction","target":["https:\/\/apublica.org\/impeachment-bolsonaro\/pedido-024\/"]}]},{"@type":"ImageObject","inLanguage":"pt-BR","@id":"https:\/\/apublica.org\/impeachment-bolsonaro\/pedido-024\/#primaryimage","url":"https:\/\/i0.wp.com\/apublica.org\/impeachment-bolsonaro\/wp-content\/uploads\/2020\/05\/imagem-pedido-valdir-barbosa-foto-marcello-casal-jr-e1590958094112.png?fit=1411%2C711&ssl=1","contentUrl":"https:\/\/i0.wp.com\/apublica.org\/impeachment-bolsonaro\/wp-content\/uploads\/2020\/05\/imagem-pedido-valdir-barbosa-foto-marcello-casal-jr-e1590958094112.png?fit=1411%2C711&ssl=1","width":1411,"height":711,"caption":"Foto: Marcello Casal Jr\/ Ag\u00eancia Brasil"},{"@type":"BreadcrumbList","@id":"https:\/\/apublica.org\/impeachment-bolsonaro\/pedido-024\/#breadcrumb","itemListElement":[{"@type":"ListItem","position":1,"name":"In\u00edcio","item":"https:\/\/apublica.org\/impeachment-bolsonaro\/"},{"@type":"ListItem","position":2,"name":"Pedido 0024"}]},{"@type":"WebSite","@id":"https:\/\/apublica.org\/impeachment-bolsonaro\/#website","url":"https:\/\/apublica.org\/impeachment-bolsonaro\/","name":"Os pedidos de impeachment de Bolsonaro","description":"","potentialAction":[{"@type":"SearchAction","target":{"@type":"EntryPoint","urlTemplate":"https:\/\/apublica.org\/impeachment-bolsonaro\/?s={search_term_string}"},"query-input":{"@type":"PropertyValueSpecification","valueRequired":true,"valueName":"search_term_string"}}],"inLanguage":"pt-BR"},{"@type":"Person","@id":"https:\/\/apublica.org\/impeachment-bolsonaro\/#\/schema\/person\/f28bcddd48c7d8a349d50b07e1af0146","name":"Ethel Rudnitzki","image":{"@type":"ImageObject","inLanguage":"pt-BR","@id":"https:\/\/secure.gravatar.com\/avatar\/6a4ef2ec842268bf117c7866158f15821e46c42d2debc46677ad776e794ab786?s=96&d=mm&r=g64b25c309118ef2f9c2b642ad1ff43e5","url":"https:\/\/secure.gravatar.com\/avatar\/6a4ef2ec842268bf117c7866158f15821e46c42d2debc46677ad776e794ab786?s=96&d=mm&r=g","contentUrl":"https:\/\/secure.gravatar.com\/avatar\/6a4ef2ec842268bf117c7866158f15821e46c42d2debc46677ad776e794ab786?s=96&d=mm&r=g","caption":"Ethel Rudnitzki"},"description":"Formada em jornalismo pela Escola de Comunica\u00e7\u00f5es e Artes da USP. Realizou interc\u00e2mbio acad\u00eamico na Universidade de Coimbra em Portugal, onde estudou jornalismo com especializa\u00e7\u00e3o em Estudos Europeus. Trabalhou tamb\u00e9m como editora e rep\u00f3rter da Revista Vira\u00e7\u00e3o e do portal Ag\u00eancia Jovem de Not\u00edcias, participando de coberturas e eventos internacionais como a Terceira Confer\u00eancia das Na\u00e7\u00f5es Unidas sobre Moradia e Desenvolvimento Urbano Sustent\u00e1vel e a 22\u00aa Confer\u00eancia das Partes sobre Mudan\u00e7a do Clima. Na P\u00fablica, fez parte do Truco \u2013 projeto de fact-checking \u2013 durante as elei\u00e7\u00f5es de 2018, e produz reportagens sobre redes sociais e desinforma\u00e7\u00e3o.","url":"https:\/\/apublica.org\/impeachment-bolsonaro\/author\/ethelrudnitzki\/"}]}},"jetpack_featured_media_url":"https:\/\/i0.wp.com\/apublica.org\/impeachment-bolsonaro\/wp-content\/uploads\/2020\/05\/imagem-pedido-valdir-barbosa-foto-marcello-casal-jr-e1590958094112.png?fit=1411%2C711&ssl=1","jetpack_sharing_enabled":true,"_links":{"self":[{"href":"https:\/\/apublica.org\/impeachment-bolsonaro\/wp-json\/wp\/v2\/posts\/2815","targetHints":{"allow":["GET"]}}],"collection":[{"href":"https:\/\/apublica.org\/impeachment-bolsonaro\/wp-json\/wp\/v2\/posts"}],"about":[{"href":"https:\/\/apublica.org\/impeachment-bolsonaro\/wp-json\/wp\/v2\/types\/post"}],"author":[{"embeddable":true,"href":"https:\/\/apublica.org\/impeachment-bolsonaro\/wp-json\/wp\/v2\/users\/22"}],"replies":[{"embeddable":true,"href":"https:\/\/apublica.org\/impeachment-bolsonaro\/wp-json\/wp\/v2\/comments?post=2815"}],"version-history":[{"count":1,"href":"https:\/\/apublica.org\/impeachment-bolsonaro\/wp-json\/wp\/v2\/posts\/2815\/revisions"}],"predecessor-version":[{"id":3403,"href":"https:\/\/apublica.org\/impeachment-bolsonaro\/wp-json\/wp\/v2\/posts\/2815\/revisions\/3403"}],"wp:featuredmedia":[{"embeddable":true,"href":"https:\/\/apublica.org\/impeachment-bolsonaro\/wp-json\/wp\/v2\/media\/207"}],"wp:attachment":[{"href":"https:\/\/apublica.org\/impeachment-bolsonaro\/wp-json\/wp\/v2\/media?parent=2815"}],"wp:term":[{"taxonomy":"category","embeddable":true,"href":"https:\/\/apublica.org\/impeachment-bolsonaro\/wp-json\/wp\/v2\/categories?post=2815"},{"taxonomy":"post_tag","embeddable":true,"href":"https:\/\/apublica.org\/impeachment-bolsonaro\/wp-json\/wp\/v2\/tags?post=2815"},{"taxonomy":"author","embeddable":true,"href":"https:\/\/apublica.org\/impeachment-bolsonaro\/wp-json\/wp\/v2\/coauthors?post=2815"}],"curies":[{"name":"wp","href":"https:\/\/api.w.org\/{rel}","templated":true}]}}