{"id":2817,"date":"2020-04-24T03:00:52","date_gmt":"2020-04-24T06:00:52","guid":{"rendered":"https:\/\/apublica.org\/impeachment-bolsonaro.new\/pedido-030\/"},"modified":"2022-05-27T23:03:06","modified_gmt":"2022-05-28T02:03:06","slug":"pedido-030","status":"publish","type":"post","link":"https:\/\/apublica.org\/impeachment-bolsonaro\/pedido-030\/","title":{"rendered":"Pedido 0030"},"content":{"rendered":"\n<p>O pedido de impeachment protocolado em 24 de mar\u00e7o de 2020 pelo PDT tem o mesmo teor do pedido protocolado pelo partido 4 dias antes.&nbsp;<\/p>\n\n\n\n<p>\u00c9 assinado pelo presidente da sigla, Carlos Lupi, e pelo advogado Walter Agra. Inicialmente contava tamb\u00e9m com a assinatura do ex-candidato \u00e0 presid\u00eancia, Ciro Gomes, que teve sua autoria retirada por falta de assinatura digital.<\/p>\n\n\n\n<p>Confira o resumo das acusa\u00e7\u00f5es do PDT contra Jair Bolsonaro na p\u00e1gina do <a href=\"https:\/\/apublica.org\/impeachment-bolsonaro\/pedido-026\/\">pedido 0026<\/a>.&nbsp;<\/p>\n","protected":false},"excerpt":{"rendered":"<p>O pedido de impeachment protocolado em 24 de mar\u00e7o de 2020 pelo PDT tem o mesmo teor do pedido protocolado pelo partido 4 dias antes.&nbsp; \u00c9 assinado pelo presidente da sigla, Carlos Lupi, e pelo advogado Walter Agra. Inicialmente contava tamb\u00e9m com a assinatura do ex-candidato \u00e0 presid\u00eancia, Ciro Gomes, que teve sua autoria retirada<\/p>\n","protected":false},"author":22,"featured_media":197,"comment_status":"closed","ping_status":"closed","sticky":false,"template":"","format":"standard","meta":{"_acf_changed":false,"_jetpack_memberships_contains_paid_content":false,"footnotes":""},"categories":[1],"tags":[28,12,11,32,29],"coauthors":[],"class_list":["post-2817","post","type-post","status-publish","format-standard","has-post-thumbnail","hentry","category-sem-categoria","tag-congresso-nacional","tag-coronavirus","tag-ditadura-militar","tag-governadores","tag-stf"],"acf":[],"yoast_head":"<!-- This site is optimized with the Yoast SEO plugin v27.5 - https:\/\/yoast.com\/product\/yoast-seo-wordpress\/ -->\n<title>Pedido 0030 - Os pedidos de impeachment de Bolsonaro<\/title>\n<meta name=\"robots\" content=\"index, follow, max-snippet:-1, max-image-preview:large, max-video-preview:-1\" \/>\n<link rel=\"canonical\" href=\"https:\/\/apublica.org\/impeachment-bolsonaro\/pedido-030\/\" \/>\n<meta property=\"og:locale\" content=\"pt_BR\" \/>\n<meta property=\"og:type\" content=\"article\" \/>\n<meta property=\"og:title\" content=\"Pedido 0030 - Os pedidos de impeachment de Bolsonaro\" \/>\n<meta property=\"og:description\" content=\"O pedido de impeachment protocolado em 24 de mar\u00e7o de 2020 pelo PDT tem o mesmo teor do pedido protocolado pelo partido 4 dias antes.&nbsp; \u00c9 assinado pelo presidente da sigla, Carlos Lupi, e pelo advogado Walter Agra. Inicialmente contava tamb\u00e9m com a assinatura do ex-candidato \u00e0 presid\u00eancia, Ciro Gomes, que teve sua autoria retirada\" \/>\n<meta property=\"og:url\" content=\"https:\/\/apublica.org\/impeachment-bolsonaro\/pedido-030\/\" \/>\n<meta property=\"og:site_name\" content=\"Os pedidos de impeachment de Bolsonaro\" \/>\n<meta property=\"article:published_time\" content=\"2020-04-24T06:00:52+00:00\" \/>\n<meta property=\"article:modified_time\" content=\"2022-05-28T02:03:06+00:00\" \/>\n<meta property=\"og:image\" content=\"https:\/\/i0.wp.com\/apublica.org\/impeachment-bolsonaro\/wp-content\/uploads\/2020\/05\/imagem-pedido-ciro-gomes-foto-marcello-casal-jr.png?fit=1530%2C856&ssl=1\" \/>\n\t<meta property=\"og:image:width\" content=\"1530\" \/>\n\t<meta property=\"og:image:height\" content=\"856\" \/>\n\t<meta property=\"og:image:type\" content=\"image\/png\" \/>\n<meta name=\"author\" content=\"Ethel Rudnitzki\" \/>\n<meta name=\"twitter:card\" content=\"summary_large_image\" \/>\n<meta name=\"twitter:label1\" content=\"Escrito por\" \/>\n\t<meta name=\"twitter:data1\" content=\"Ethel Rudnitzki\" \/>\n\t<meta name=\"twitter:label2\" content=\"Written by\" \/>\n\t<meta name=\"twitter:data2\" content=\"Ethel Rudnitzki\" \/>\n<script type=\"application\/ld+json\" class=\"yoast-schema-graph\">{\"@context\":\"https:\\\/\\\/schema.org\",\"@graph\":[{\"@type\":\"Article\",\"@id\":\"https:\\\/\\\/apublica.org\\\/impeachment-bolsonaro\\\/pedido-030\\\/#article\",\"isPartOf\":{\"@id\":\"https:\\\/\\\/apublica.org\\\/impeachment-bolsonaro\\\/pedido-030\\\/\"},\"author\":{\"name\":\"Ethel Rudnitzki\",\"@id\":\"https:\\\/\\\/apublica.org\\\/impeachment-bolsonaro\\\/#\\\/schema\\\/person\\\/f28bcddd48c7d8a349d50b07e1af0146\"},\"headline\":\"Pedido 0030\",\"datePublished\":\"2020-04-24T06:00:52+00:00\",\"dateModified\":\"2022-05-28T02:03:06+00:00\",\"mainEntityOfPage\":{\"@id\":\"https:\\\/\\\/apublica.org\\\/impeachment-bolsonaro\\\/pedido-030\\\/\"},\"wordCount\":77,\"image\":{\"@id\":\"https:\\\/\\\/apublica.org\\\/impeachment-bolsonaro\\\/pedido-030\\\/#primaryimage\"},\"thumbnailUrl\":\"https:\\\/\\\/i0.wp.com\\\/apublica.org\\\/impeachment-bolsonaro\\\/wp-content\\\/uploads\\\/2020\\\/05\\\/imagem-pedido-ciro-gomes-foto-marcello-casal-jr.png?fit=1530%2C856&ssl=1\",\"keywords\":[\"Congresso Nacional\",\"coronav\u00edrus\",\"ditadura militar\",\"governadores\",\"STF\"],\"inLanguage\":\"pt-BR\"},{\"@type\":\"WebPage\",\"@id\":\"https:\\\/\\\/apublica.org\\\/impeachment-bolsonaro\\\/pedido-030\\\/\",\"url\":\"https:\\\/\\\/apublica.org\\\/impeachment-bolsonaro\\\/pedido-030\\\/\",\"name\":\"Pedido 0030 - Os pedidos de impeachment de Bolsonaro\",\"isPartOf\":{\"@id\":\"https:\\\/\\\/apublica.org\\\/impeachment-bolsonaro\\\/#website\"},\"primaryImageOfPage\":{\"@id\":\"https:\\\/\\\/apublica.org\\\/impeachment-bolsonaro\\\/pedido-030\\\/#primaryimage\"},\"image\":{\"@id\":\"https:\\\/\\\/apublica.org\\\/impeachment-bolsonaro\\\/pedido-030\\\/#primaryimage\"},\"thumbnailUrl\":\"https:\\\/\\\/i0.wp.com\\\/apublica.org\\\/impeachment-bolsonaro\\\/wp-content\\\/uploads\\\/2020\\\/05\\\/imagem-pedido-ciro-gomes-foto-marcello-casal-jr.png?fit=1530%2C856&ssl=1\",\"datePublished\":\"2020-04-24T06:00:52+00:00\",\"dateModified\":\"2022-05-28T02:03:06+00:00\",\"author\":{\"@id\":\"https:\\\/\\\/apublica.org\\\/impeachment-bolsonaro\\\/#\\\/schema\\\/person\\\/f28bcddd48c7d8a349d50b07e1af0146\"},\"breadcrumb\":{\"@id\":\"https:\\\/\\\/apublica.org\\\/impeachment-bolsonaro\\\/pedido-030\\\/#breadcrumb\"},\"inLanguage\":\"pt-BR\",\"potentialAction\":[{\"@type\":\"ReadAction\",\"target\":[\"https:\\\/\\\/apublica.org\\\/impeachment-bolsonaro\\\/pedido-030\\\/\"]}]},{\"@type\":\"ImageObject\",\"inLanguage\":\"pt-BR\",\"@id\":\"https:\\\/\\\/apublica.org\\\/impeachment-bolsonaro\\\/pedido-030\\\/#primaryimage\",\"url\":\"https:\\\/\\\/i0.wp.com\\\/apublica.org\\\/impeachment-bolsonaro\\\/wp-content\\\/uploads\\\/2020\\\/05\\\/imagem-pedido-ciro-gomes-foto-marcello-casal-jr.png?fit=1530%2C856&ssl=1\",\"contentUrl\":\"https:\\\/\\\/i0.wp.com\\\/apublica.org\\\/impeachment-bolsonaro\\\/wp-content\\\/uploads\\\/2020\\\/05\\\/imagem-pedido-ciro-gomes-foto-marcello-casal-jr.png?fit=1530%2C856&ssl=1\",\"width\":1530,\"height\":856},{\"@type\":\"BreadcrumbList\",\"@id\":\"https:\\\/\\\/apublica.org\\\/impeachment-bolsonaro\\\/pedido-030\\\/#breadcrumb\",\"itemListElement\":[{\"@type\":\"ListItem\",\"position\":1,\"name\":\"In\u00edcio\",\"item\":\"https:\\\/\\\/apublica.org\\\/impeachment-bolsonaro\\\/\"},{\"@type\":\"ListItem\",\"position\":2,\"name\":\"Pedido 0030\"}]},{\"@type\":\"WebSite\",\"@id\":\"https:\\\/\\\/apublica.org\\\/impeachment-bolsonaro\\\/#website\",\"url\":\"https:\\\/\\\/apublica.org\\\/impeachment-bolsonaro\\\/\",\"name\":\"Os pedidos de impeachment de Bolsonaro\",\"description\":\"\",\"potentialAction\":[{\"@type\":\"SearchAction\",\"target\":{\"@type\":\"EntryPoint\",\"urlTemplate\":\"https:\\\/\\\/apublica.org\\\/impeachment-bolsonaro\\\/?s={search_term_string}\"},\"query-input\":{\"@type\":\"PropertyValueSpecification\",\"valueRequired\":true,\"valueName\":\"search_term_string\"}}],\"inLanguage\":\"pt-BR\"},{\"@type\":\"Person\",\"@id\":\"https:\\\/\\\/apublica.org\\\/impeachment-bolsonaro\\\/#\\\/schema\\\/person\\\/f28bcddd48c7d8a349d50b07e1af0146\",\"name\":\"Ethel Rudnitzki\",\"image\":{\"@type\":\"ImageObject\",\"inLanguage\":\"pt-BR\",\"@id\":\"https:\\\/\\\/secure.gravatar.com\\\/avatar\\\/6a4ef2ec842268bf117c7866158f15821e46c42d2debc46677ad776e794ab786?s=96&d=mm&r=g64b25c309118ef2f9c2b642ad1ff43e5\",\"url\":\"https:\\\/\\\/secure.gravatar.com\\\/avatar\\\/6a4ef2ec842268bf117c7866158f15821e46c42d2debc46677ad776e794ab786?s=96&d=mm&r=g\",\"contentUrl\":\"https:\\\/\\\/secure.gravatar.com\\\/avatar\\\/6a4ef2ec842268bf117c7866158f15821e46c42d2debc46677ad776e794ab786?s=96&d=mm&r=g\",\"caption\":\"Ethel Rudnitzki\"},\"description\":\"Formada em jornalismo pela Escola de Comunica\u00e7\u00f5es e Artes da USP. Realizou interc\u00e2mbio acad\u00eamico na Universidade de Coimbra em Portugal, onde estudou jornalismo com especializa\u00e7\u00e3o em Estudos Europeus. Trabalhou tamb\u00e9m como editora e rep\u00f3rter da Revista Vira\u00e7\u00e3o e do portal Ag\u00eancia Jovem de Not\u00edcias, participando de coberturas e eventos internacionais como a Terceira Confer\u00eancia das Na\u00e7\u00f5es Unidas sobre Moradia e Desenvolvimento Urbano Sustent\u00e1vel e a 22\u00aa Confer\u00eancia das Partes sobre Mudan\u00e7a do Clima. Na P\u00fablica, fez parte do Truco \u2013 projeto de fact-checking \u2013 durante as elei\u00e7\u00f5es de 2018, e produz reportagens sobre redes sociais e desinforma\u00e7\u00e3o.\",\"url\":\"https:\\\/\\\/apublica.org\\\/impeachment-bolsonaro\\\/author\\\/ethelrudnitzki\\\/\"}]}<\/script>\n<!-- \/ Yoast SEO plugin. -->","yoast_head_json":{"title":"Pedido 0030 - Os pedidos de impeachment de Bolsonaro","robots":{"index":"index","follow":"follow","max-snippet":"max-snippet:-1","max-image-preview":"max-image-preview:large","max-video-preview":"max-video-preview:-1"},"canonical":"https:\/\/apublica.org\/impeachment-bolsonaro\/pedido-030\/","og_locale":"pt_BR","og_type":"article","og_title":"Pedido 0030 - Os pedidos de impeachment de Bolsonaro","og_description":"O pedido de impeachment protocolado em 24 de mar\u00e7o de 2020 pelo PDT tem o mesmo teor do pedido protocolado pelo partido 4 dias antes.&nbsp; \u00c9 assinado pelo presidente da sigla, Carlos Lupi, e pelo advogado Walter Agra. Inicialmente contava tamb\u00e9m com a assinatura do ex-candidato \u00e0 presid\u00eancia, Ciro Gomes, que teve sua autoria retirada","og_url":"https:\/\/apublica.org\/impeachment-bolsonaro\/pedido-030\/","og_site_name":"Os pedidos de impeachment de Bolsonaro","article_published_time":"2020-04-24T06:00:52+00:00","article_modified_time":"2022-05-28T02:03:06+00:00","og_image":[{"width":1530,"height":856,"url":"https:\/\/i0.wp.com\/apublica.org\/impeachment-bolsonaro\/wp-content\/uploads\/2020\/05\/imagem-pedido-ciro-gomes-foto-marcello-casal-jr.png?fit=1530%2C856&ssl=1","type":"image\/png"}],"author":"Ethel Rudnitzki","twitter_card":"summary_large_image","twitter_misc":{"Escrito por":"Ethel Rudnitzki","Written by":"Ethel Rudnitzki"},"schema":{"@context":"https:\/\/schema.org","@graph":[{"@type":"Article","@id":"https:\/\/apublica.org\/impeachment-bolsonaro\/pedido-030\/#article","isPartOf":{"@id":"https:\/\/apublica.org\/impeachment-bolsonaro\/pedido-030\/"},"author":{"name":"Ethel Rudnitzki","@id":"https:\/\/apublica.org\/impeachment-bolsonaro\/#\/schema\/person\/f28bcddd48c7d8a349d50b07e1af0146"},"headline":"Pedido 0030","datePublished":"2020-04-24T06:00:52+00:00","dateModified":"2022-05-28T02:03:06+00:00","mainEntityOfPage":{"@id":"https:\/\/apublica.org\/impeachment-bolsonaro\/pedido-030\/"},"wordCount":77,"image":{"@id":"https:\/\/apublica.org\/impeachment-bolsonaro\/pedido-030\/#primaryimage"},"thumbnailUrl":"https:\/\/i0.wp.com\/apublica.org\/impeachment-bolsonaro\/wp-content\/uploads\/2020\/05\/imagem-pedido-ciro-gomes-foto-marcello-casal-jr.png?fit=1530%2C856&ssl=1","keywords":["Congresso Nacional","coronav\u00edrus","ditadura militar","governadores","STF"],"inLanguage":"pt-BR"},{"@type":"WebPage","@id":"https:\/\/apublica.org\/impeachment-bolsonaro\/pedido-030\/","url":"https:\/\/apublica.org\/impeachment-bolsonaro\/pedido-030\/","name":"Pedido 0030 - Os pedidos de impeachment de Bolsonaro","isPartOf":{"@id":"https:\/\/apublica.org\/impeachment-bolsonaro\/#website"},"primaryImageOfPage":{"@id":"https:\/\/apublica.org\/impeachment-bolsonaro\/pedido-030\/#primaryimage"},"image":{"@id":"https:\/\/apublica.org\/impeachment-bolsonaro\/pedido-030\/#primaryimage"},"thumbnailUrl":"https:\/\/i0.wp.com\/apublica.org\/impeachment-bolsonaro\/wp-content\/uploads\/2020\/05\/imagem-pedido-ciro-gomes-foto-marcello-casal-jr.png?fit=1530%2C856&ssl=1","datePublished":"2020-04-24T06:00:52+00:00","dateModified":"2022-05-28T02:03:06+00:00","author":{"@id":"https:\/\/apublica.org\/impeachment-bolsonaro\/#\/schema\/person\/f28bcddd48c7d8a349d50b07e1af0146"},"breadcrumb":{"@id":"https:\/\/apublica.org\/impeachment-bolsonaro\/pedido-030\/#breadcrumb"},"inLanguage":"pt-BR","potentialAction":[{"@type":"ReadAction","target":["https:\/\/apublica.org\/impeachment-bolsonaro\/pedido-030\/"]}]},{"@type":"ImageObject","inLanguage":"pt-BR","@id":"https:\/\/apublica.org\/impeachment-bolsonaro\/pedido-030\/#primaryimage","url":"https:\/\/i0.wp.com\/apublica.org\/impeachment-bolsonaro\/wp-content\/uploads\/2020\/05\/imagem-pedido-ciro-gomes-foto-marcello-casal-jr.png?fit=1530%2C856&ssl=1","contentUrl":"https:\/\/i0.wp.com\/apublica.org\/impeachment-bolsonaro\/wp-content\/uploads\/2020\/05\/imagem-pedido-ciro-gomes-foto-marcello-casal-jr.png?fit=1530%2C856&ssl=1","width":1530,"height":856},{"@type":"BreadcrumbList","@id":"https:\/\/apublica.org\/impeachment-bolsonaro\/pedido-030\/#breadcrumb","itemListElement":[{"@type":"ListItem","position":1,"name":"In\u00edcio","item":"https:\/\/apublica.org\/impeachment-bolsonaro\/"},{"@type":"ListItem","position":2,"name":"Pedido 0030"}]},{"@type":"WebSite","@id":"https:\/\/apublica.org\/impeachment-bolsonaro\/#website","url":"https:\/\/apublica.org\/impeachment-bolsonaro\/","name":"Os pedidos de impeachment de Bolsonaro","description":"","potentialAction":[{"@type":"SearchAction","target":{"@type":"EntryPoint","urlTemplate":"https:\/\/apublica.org\/impeachment-bolsonaro\/?s={search_term_string}"},"query-input":{"@type":"PropertyValueSpecification","valueRequired":true,"valueName":"search_term_string"}}],"inLanguage":"pt-BR"},{"@type":"Person","@id":"https:\/\/apublica.org\/impeachment-bolsonaro\/#\/schema\/person\/f28bcddd48c7d8a349d50b07e1af0146","name":"Ethel Rudnitzki","image":{"@type":"ImageObject","inLanguage":"pt-BR","@id":"https:\/\/secure.gravatar.com\/avatar\/6a4ef2ec842268bf117c7866158f15821e46c42d2debc46677ad776e794ab786?s=96&d=mm&r=g64b25c309118ef2f9c2b642ad1ff43e5","url":"https:\/\/secure.gravatar.com\/avatar\/6a4ef2ec842268bf117c7866158f15821e46c42d2debc46677ad776e794ab786?s=96&d=mm&r=g","contentUrl":"https:\/\/secure.gravatar.com\/avatar\/6a4ef2ec842268bf117c7866158f15821e46c42d2debc46677ad776e794ab786?s=96&d=mm&r=g","caption":"Ethel Rudnitzki"},"description":"Formada em jornalismo pela Escola de Comunica\u00e7\u00f5es e Artes da USP. Realizou interc\u00e2mbio acad\u00eamico na Universidade de Coimbra em Portugal, onde estudou jornalismo com especializa\u00e7\u00e3o em Estudos Europeus. Trabalhou tamb\u00e9m como editora e rep\u00f3rter da Revista Vira\u00e7\u00e3o e do portal Ag\u00eancia Jovem de Not\u00edcias, participando de coberturas e eventos internacionais como a Terceira Confer\u00eancia das Na\u00e7\u00f5es Unidas sobre Moradia e Desenvolvimento Urbano Sustent\u00e1vel e a 22\u00aa Confer\u00eancia das Partes sobre Mudan\u00e7a do Clima. Na P\u00fablica, fez parte do Truco \u2013 projeto de fact-checking \u2013 durante as elei\u00e7\u00f5es de 2018, e produz reportagens sobre redes sociais e desinforma\u00e7\u00e3o.","url":"https:\/\/apublica.org\/impeachment-bolsonaro\/author\/ethelrudnitzki\/"}]}},"jetpack_featured_media_url":"https:\/\/i0.wp.com\/apublica.org\/impeachment-bolsonaro\/wp-content\/uploads\/2020\/05\/imagem-pedido-ciro-gomes-foto-marcello-casal-jr.png?fit=1530%2C856&ssl=1","jetpack_sharing_enabled":true,"_links":{"self":[{"href":"https:\/\/apublica.org\/impeachment-bolsonaro\/wp-json\/wp\/v2\/posts\/2817","targetHints":{"allow":["GET"]}}],"collection":[{"href":"https:\/\/apublica.org\/impeachment-bolsonaro\/wp-json\/wp\/v2\/posts"}],"about":[{"href":"https:\/\/apublica.org\/impeachment-bolsonaro\/wp-json\/wp\/v2\/types\/post"}],"author":[{"embeddable":true,"href":"https:\/\/apublica.org\/impeachment-bolsonaro\/wp-json\/wp\/v2\/users\/22"}],"replies":[{"embeddable":true,"href":"https:\/\/apublica.org\/impeachment-bolsonaro\/wp-json\/wp\/v2\/comments?post=2817"}],"version-history":[{"count":1,"href":"https:\/\/apublica.org\/impeachment-bolsonaro\/wp-json\/wp\/v2\/posts\/2817\/revisions"}],"predecessor-version":[{"id":3397,"href":"https:\/\/apublica.org\/impeachment-bolsonaro\/wp-json\/wp\/v2\/posts\/2817\/revisions\/3397"}],"wp:featuredmedia":[{"embeddable":true,"href":"https:\/\/apublica.org\/impeachment-bolsonaro\/wp-json\/wp\/v2\/media\/197"}],"wp:attachment":[{"href":"https:\/\/apublica.org\/impeachment-bolsonaro\/wp-json\/wp\/v2\/media?parent=2817"}],"wp:term":[{"taxonomy":"category","embeddable":true,"href":"https:\/\/apublica.org\/impeachment-bolsonaro\/wp-json\/wp\/v2\/categories?post=2817"},{"taxonomy":"post_tag","embeddable":true,"href":"https:\/\/apublica.org\/impeachment-bolsonaro\/wp-json\/wp\/v2\/tags?post=2817"},{"taxonomy":"author","embeddable":true,"href":"https:\/\/apublica.org\/impeachment-bolsonaro\/wp-json\/wp\/v2\/coauthors?post=2817"}],"curies":[{"name":"wp","href":"https:\/\/api.w.org\/{rel}","templated":true}]}}