{"id":2830,"date":"2021-02-08T11:50:00","date_gmt":"2021-02-08T14:50:00","guid":{"rendered":"https:\/\/apublica.org\/impeachment-bolsonaro.new\/pedido-0070\/"},"modified":"2022-05-27T23:04:16","modified_gmt":"2022-05-28T02:04:16","slug":"pedido-0070","status":"publish","type":"post","link":"https:\/\/apublica.org\/impeachment-bolsonaro\/pedido-0070\/","title":{"rendered":"Pedido 0070"},"content":{"rendered":"\n<p>Ningu\u00e9m protocolou tantos pedidos de impeachment contra o presidente Jair Bolsonaro (sem partido) quanto seu ex-aliado, o deputado federal Alexandre Frota (PSDB-SP). Este \u00e9 o quarto, sendo que dois foram protocolados este ano com menos de um m\u00eas de intervalo.&nbsp;<\/p>\n\n\n\n<p>O primeiro pedido de impeachment de Frota este ano foi apresentado enquanto ele estava na disputa pela presid\u00eancia da C\u00e2mara dos Deputados. Durante a campanha, o ex-ator <a href=\"https:\/\/www.metropoles.com\/brasil\/frota-ironiza-gastos-do-governo-e-distribui-leite-condensado-na-camara\">distribuiu latas de leite condensado para jornalistas<\/a>, ironizando os gastos do governo com o produto revelados pelo portal Metr\u00f3poles. Tamb\u00e9m prometeu abrir o processo de impeachment contra o presidente \u201cno primeiro minuto ap\u00f3s sua posse.\u201d No dia da vota\u00e7\u00e3o, entretanto, <a href=\"https:\/\/www.camara.leg.br\/noticias\/724599-alexandre-frota-retira-candidatura-e-declara-o-voto-em-baleia-rossi\">retirou a candidatura <\/a>para apoiar o deputado federal Baleia Rossi (MDB-SP), candidato do ex-presidente da Casa, Rodrigo Maia (DEM-RJ). Baleia perdeu a disputa para Arthur Lira (PP-AL), que \u00e9 do bloco de deputados conhecido como centr\u00e3o e tem apoio do presidente Bolsonaro.<\/p>\n\n\n\n<p>Anos atr\u00e1s, ao lado de Jair Bolsonaro e do seu filho, o deputado federal Eduardo Bolsonaro (PSL), Frota apresentou um pedido de impeachment contra a ex-presidente Dilma Rousseff (PT). Em entrevista \u00e0 <strong>Ag\u00eancia P\u00fablica<\/strong>, depois de ter apresentado seu terceiro pedido de impeachment contra o atual presidente, o deputado disse que mudou de lado ainda na transi\u00e7\u00e3o do governo, porque se sentiu tra\u00eddo pelo presidente, que teria mudado de comportamento com rela\u00e7\u00e3o aos seus aliados depois da campanha \u201cSe tem algum traidor na hist\u00f3ria, algum Judas, \u00e9 o Bolsonaro\u201d, comentou.&nbsp;<\/p>\n\n\n\n<p>O quarto pedido de impeachment de Alexandre Frota contra Bolsonaro tem o mesmo fundamento legal do anterior, o <a href=\"https:\/\/apublica.org\/impeachment-bolsonaro\/pedido-0061\/\">pedido 0061<\/a>. Foca principalmente na condu\u00e7\u00e3o da pandemia, mas tamb\u00e9m atribui crimes de responsabilidade por falta de decoro do presidente e por falta de impessoalidade na condu\u00e7\u00e3o da vida p\u00fablica.&nbsp;<\/p>\n\n\n\n<p>No documento h\u00e1 um breve hist\u00f3rico de atos do presidente desde o come\u00e7o da pandemia. Destaca, por exemplo, declara\u00e7\u00f5es de Bolsonaro diante da morte de milhares de brasileiros, como quando disse diante de jornalistas \u201cn\u00e3o sou coveiro\u201d e ainda \u201csou messias, mas n\u00e3o fa\u00e7o milagres\u201d. Tamb\u00e9m alega que o presidente n\u00e3o respeitou, em nenhum momento, o distanciamento social, medida recomendada pela Organiza\u00e7\u00e3o Mundial de Sa\u00fade e pelo pr\u00f3prio Minist\u00e9rio da Sa\u00fade brasileiro, para conter o avan\u00e7o da Covid-19. Ressalta que Bolsonaro participou de manifesta\u00e7\u00f5es e de aglomera\u00e7\u00f5es que ferem inclusive a <a href=\"https:\/\/www.legisweb.com.br\/legislacao\/?id=389665#:~:text=Disp%C3%B5e%20sobre%20as%20medidas%20para,respons%C3%A1vel%20pelo%20surto%20de%202019.&amp;text=Fa%C3%A7o%20saber%20que%20o%20Congresso,Art.&amp;text=%C2%A7%201%C2%BA%20As%20medidas%20estabelecidas%20nesta%20Lei%20objetivam%20a%20prote%C3%A7%C3%A3o%20da%20coletividade.\">Lei n\u00b0 1.379\/2020<\/a>, que ele mesmo promulgou.&nbsp;<\/p>\n\n\n\n<p>As sucessivas trocas de comando no Minist\u00e9rio da Sa\u00fade, em meio \u00e0 grave crise, e o descaso com a popula\u00e7\u00e3o de Manaus, que culminou na falta de oxig\u00eanio em hospitais e centenas de mortos, s\u00e3o argumentos que refor\u00e7am o argumento de que o presidente tem conduzido a pandemia de forma desastrosa. O atual ministro da Sa\u00fade \u00e9 um militar, o general Eduardo Pazuello, que, como ressalta o documento, &#8220;n\u00e3o \u00e9 m\u00e9dico, nem tem conhecimento cient\u00edfico na \u00e1rea\u201d.&nbsp;<\/p>\n\n\n\n<p>Em sua argumenta\u00e7\u00e3o, o deputado federal Alexandre Frota ressalta que os investimentos do Governo Federal em medicamentos sem efic\u00e1cia comprovada contra a Covid-19, <a href=\"https:\/\/apublica.org\/2020\/04\/a-cloroquina-nao-e-a-bala-de-prata-que-o-bolsonaro-diz\/\">como a ivermectina e a cloroquina<\/a> \u2013 essa \u00faltima produzida em larga escala pelo Laborat\u00f3rio do Ex\u00e9rcito brasileiro \u2013, desperdi\u00e7am de dinheiro p\u00fablico. Enquanto isso, o presidente teria cometido crime contra a sa\u00fade p\u00fablica por seu desinteresse na compra de vacinas, que atrasou a imuniza\u00e7\u00e3o da popula\u00e7\u00e3o contra o coronav\u00edrus. &#8220;N\u00e3o existe incompet\u00eancia, a dissemina\u00e7\u00e3o do coronav\u00edrus \u00e9 uma estrat\u00e9gia oficial&#8221;, resume o parlamentar.&nbsp;<\/p>\n","protected":false},"excerpt":{"rendered":"<p>Ningu\u00e9m protocolou tantos pedidos de impeachment contra o presidente Jair Bolsonaro (sem partido) quanto seu ex-aliado, o deputado federal Alexandre Frota (PSDB-SP). Este \u00e9 o quarto, sendo que dois foram protocolados este ano com menos de um m\u00eas de intervalo.&nbsp; O primeiro pedido de impeachment de Frota este ano foi apresentado enquanto ele estava na<\/p>\n","protected":false},"author":24,"featured_media":1877,"comment_status":"closed","ping_status":"closed","sticky":false,"template":"","format":"standard","meta":{"_acf_changed":false,"_jetpack_memberships_contains_paid_content":false,"footnotes":""},"categories":[1],"tags":[],"coauthors":[],"class_list":["post-2830","post","type-post","status-publish","format-standard","has-post-thumbnail","hentry","category-sem-categoria"],"acf":[],"yoast_head":"<!-- This site is optimized with the Yoast SEO plugin v27.5 - https:\/\/yoast.com\/product\/yoast-seo-wordpress\/ -->\n<title>Pedido 0070 - Os pedidos de impeachment de Bolsonaro<\/title>\n<meta name=\"robots\" content=\"index, follow, max-snippet:-1, max-image-preview:large, max-video-preview:-1\" \/>\n<link rel=\"canonical\" href=\"https:\/\/apublica.org\/impeachment-bolsonaro\/pedido-0070\/\" \/>\n<meta property=\"og:locale\" content=\"pt_BR\" \/>\n<meta property=\"og:type\" content=\"article\" \/>\n<meta property=\"og:title\" content=\"Pedido 0070 - Os pedidos de impeachment de Bolsonaro\" \/>\n<meta property=\"og:description\" content=\"Ningu\u00e9m protocolou tantos pedidos de impeachment contra o presidente Jair Bolsonaro (sem partido) quanto seu ex-aliado, o deputado federal Alexandre Frota (PSDB-SP). Este \u00e9 o quarto, sendo que dois foram protocolados este ano com menos de um m\u00eas de intervalo.&nbsp; O primeiro pedido de impeachment de Frota este ano foi apresentado enquanto ele estava na\" \/>\n<meta property=\"og:url\" content=\"https:\/\/apublica.org\/impeachment-bolsonaro\/pedido-0070\/\" \/>\n<meta property=\"og:site_name\" content=\"Os pedidos de impeachment de Bolsonaro\" \/>\n<meta property=\"article:published_time\" content=\"2021-02-08T14:50:00+00:00\" \/>\n<meta property=\"article:modified_time\" content=\"2022-05-28T02:04:16+00:00\" \/>\n<meta property=\"og:image\" content=\"https:\/\/apublica.org\/impeachment-bolsonaro\/wp-content\/uploads\/2021\/02\/jair-bolsonaro-3.jpg\" \/>\n\t<meta property=\"og:image:width\" content=\"1170\" \/>\n\t<meta property=\"og:image:height\" content=\"700\" \/>\n\t<meta property=\"og:image:type\" content=\"image\/jpeg\" \/>\n<meta name=\"author\" content=\"Mariama Correia\" \/>\n<meta name=\"twitter:card\" content=\"summary_large_image\" \/>\n<meta name=\"twitter:label1\" content=\"Escrito por\" \/>\n\t<meta name=\"twitter:data1\" content=\"Mariama Correia\" \/>\n\t<meta name=\"twitter:label2\" content=\"Est. tempo de leitura\" \/>\n\t<meta name=\"twitter:data2\" content=\"3 minutos\" \/>\n\t<meta name=\"twitter:label3\" content=\"Written by\" \/>\n\t<meta name=\"twitter:data3\" content=\"Mariama Correia\" \/>\n<script type=\"application\/ld+json\" class=\"yoast-schema-graph\">{\"@context\":\"https:\\\/\\\/schema.org\",\"@graph\":[{\"@type\":\"Article\",\"@id\":\"https:\\\/\\\/apublica.org\\\/impeachment-bolsonaro\\\/pedido-0070\\\/#article\",\"isPartOf\":{\"@id\":\"https:\\\/\\\/apublica.org\\\/impeachment-bolsonaro\\\/pedido-0070\\\/\"},\"author\":{\"name\":\"Mariama Correia\",\"@id\":\"https:\\\/\\\/apublica.org\\\/impeachment-bolsonaro\\\/#\\\/schema\\\/person\\\/8623a96115a50fbdb34c523c66189ee8\"},\"headline\":\"Pedido 0070\",\"datePublished\":\"2021-02-08T14:50:00+00:00\",\"dateModified\":\"2022-05-28T02:04:16+00:00\",\"mainEntityOfPage\":{\"@id\":\"https:\\\/\\\/apublica.org\\\/impeachment-bolsonaro\\\/pedido-0070\\\/\"},\"wordCount\":606,\"image\":{\"@id\":\"https:\\\/\\\/apublica.org\\\/impeachment-bolsonaro\\\/pedido-0070\\\/#primaryimage\"},\"thumbnailUrl\":\"https:\\\/\\\/i0.wp.com\\\/apublica.org\\\/impeachment-bolsonaro\\\/wp-content\\\/uploads\\\/2021\\\/02\\\/jair-bolsonaro-3.jpg?fit=1170%2C700&ssl=1\",\"inLanguage\":\"pt-BR\"},{\"@type\":\"WebPage\",\"@id\":\"https:\\\/\\\/apublica.org\\\/impeachment-bolsonaro\\\/pedido-0070\\\/\",\"url\":\"https:\\\/\\\/apublica.org\\\/impeachment-bolsonaro\\\/pedido-0070\\\/\",\"name\":\"Pedido 0070 - Os pedidos de impeachment de Bolsonaro\",\"isPartOf\":{\"@id\":\"https:\\\/\\\/apublica.org\\\/impeachment-bolsonaro\\\/#website\"},\"primaryImageOfPage\":{\"@id\":\"https:\\\/\\\/apublica.org\\\/impeachment-bolsonaro\\\/pedido-0070\\\/#primaryimage\"},\"image\":{\"@id\":\"https:\\\/\\\/apublica.org\\\/impeachment-bolsonaro\\\/pedido-0070\\\/#primaryimage\"},\"thumbnailUrl\":\"https:\\\/\\\/i0.wp.com\\\/apublica.org\\\/impeachment-bolsonaro\\\/wp-content\\\/uploads\\\/2021\\\/02\\\/jair-bolsonaro-3.jpg?fit=1170%2C700&ssl=1\",\"datePublished\":\"2021-02-08T14:50:00+00:00\",\"dateModified\":\"2022-05-28T02:04:16+00:00\",\"author\":{\"@id\":\"https:\\\/\\\/apublica.org\\\/impeachment-bolsonaro\\\/#\\\/schema\\\/person\\\/8623a96115a50fbdb34c523c66189ee8\"},\"breadcrumb\":{\"@id\":\"https:\\\/\\\/apublica.org\\\/impeachment-bolsonaro\\\/pedido-0070\\\/#breadcrumb\"},\"inLanguage\":\"pt-BR\",\"potentialAction\":[{\"@type\":\"ReadAction\",\"target\":[\"https:\\\/\\\/apublica.org\\\/impeachment-bolsonaro\\\/pedido-0070\\\/\"]}]},{\"@type\":\"ImageObject\",\"inLanguage\":\"pt-BR\",\"@id\":\"https:\\\/\\\/apublica.org\\\/impeachment-bolsonaro\\\/pedido-0070\\\/#primaryimage\",\"url\":\"https:\\\/\\\/i0.wp.com\\\/apublica.org\\\/impeachment-bolsonaro\\\/wp-content\\\/uploads\\\/2021\\\/02\\\/jair-bolsonaro-3.jpg?fit=1170%2C700&ssl=1\",\"contentUrl\":\"https:\\\/\\\/i0.wp.com\\\/apublica.org\\\/impeachment-bolsonaro\\\/wp-content\\\/uploads\\\/2021\\\/02\\\/jair-bolsonaro-3.jpg?fit=1170%2C700&ssl=1\",\"width\":1170,\"height\":700,\"caption\":\"O presidente Jair Bolsonaro durante solenidade de A\u00e7\u00e3o de Gra\u00e7as, no Pal\u00e1cio do Planalto.\"},{\"@type\":\"BreadcrumbList\",\"@id\":\"https:\\\/\\\/apublica.org\\\/impeachment-bolsonaro\\\/pedido-0070\\\/#breadcrumb\",\"itemListElement\":[{\"@type\":\"ListItem\",\"position\":1,\"name\":\"In\u00edcio\",\"item\":\"https:\\\/\\\/apublica.org\\\/impeachment-bolsonaro\\\/\"},{\"@type\":\"ListItem\",\"position\":2,\"name\":\"Pedido 0070\"}]},{\"@type\":\"WebSite\",\"@id\":\"https:\\\/\\\/apublica.org\\\/impeachment-bolsonaro\\\/#website\",\"url\":\"https:\\\/\\\/apublica.org\\\/impeachment-bolsonaro\\\/\",\"name\":\"Os pedidos de impeachment de Bolsonaro\",\"description\":\"\",\"potentialAction\":[{\"@type\":\"SearchAction\",\"target\":{\"@type\":\"EntryPoint\",\"urlTemplate\":\"https:\\\/\\\/apublica.org\\\/impeachment-bolsonaro\\\/?s={search_term_string}\"},\"query-input\":{\"@type\":\"PropertyValueSpecification\",\"valueRequired\":true,\"valueName\":\"search_term_string\"}}],\"inLanguage\":\"pt-BR\"},{\"@type\":\"Person\",\"@id\":\"https:\\\/\\\/apublica.org\\\/impeachment-bolsonaro\\\/#\\\/schema\\\/person\\\/8623a96115a50fbdb34c523c66189ee8\",\"name\":\"Mariama Correia\",\"image\":{\"@type\":\"ImageObject\",\"inLanguage\":\"pt-BR\",\"@id\":\"https:\\\/\\\/secure.gravatar.com\\\/avatar\\\/d86967440835379aa59e7315cb6da864332a30c986d8ebe3bbbc2e0c439fdf92?s=96&d=mm&r=g2c50642425aec9747fc19244c0fa1a50\",\"url\":\"https:\\\/\\\/secure.gravatar.com\\\/avatar\\\/d86967440835379aa59e7315cb6da864332a30c986d8ebe3bbbc2e0c439fdf92?s=96&d=mm&r=g\",\"contentUrl\":\"https:\\\/\\\/secure.gravatar.com\\\/avatar\\\/d86967440835379aa59e7315cb6da864332a30c986d8ebe3bbbc2e0c439fdf92?s=96&d=mm&r=g\",\"caption\":\"Mariama Correia\"},\"description\":\"Jornalista formada pela Universidade Cat\u00f3lica de Pernambuco e p\u00f3s-graduada pela Universidade Federal de Pernambuco. Foi rep\u00f3rter do coletivo de jornalismo investigativo e independente Marco Zero Conte\u00fado e da editoria de Economia do jornal Folha de Pernambuco. J\u00e1 assinou mat\u00e9rias no The Intercept Brasil, em revistas da Editora Abril e em outras publica\u00e7\u00f5es. Participa do Atlas da Not\u00edcia, um mapeamento do jornalismo no Brasil, como pesquisadora do Nordeste.\",\"url\":\"https:\\\/\\\/apublica.org\\\/impeachment-bolsonaro\\\/author\\\/mariamacorreia\\\/\"}]}<\/script>\n<!-- \/ Yoast SEO plugin. -->","yoast_head_json":{"title":"Pedido 0070 - Os pedidos de impeachment de Bolsonaro","robots":{"index":"index","follow":"follow","max-snippet":"max-snippet:-1","max-image-preview":"max-image-preview:large","max-video-preview":"max-video-preview:-1"},"canonical":"https:\/\/apublica.org\/impeachment-bolsonaro\/pedido-0070\/","og_locale":"pt_BR","og_type":"article","og_title":"Pedido 0070 - Os pedidos de impeachment de Bolsonaro","og_description":"Ningu\u00e9m protocolou tantos pedidos de impeachment contra o presidente Jair Bolsonaro (sem partido) quanto seu ex-aliado, o deputado federal Alexandre Frota (PSDB-SP). Este \u00e9 o quarto, sendo que dois foram protocolados este ano com menos de um m\u00eas de intervalo.&nbsp; O primeiro pedido de impeachment de Frota este ano foi apresentado enquanto ele estava na","og_url":"https:\/\/apublica.org\/impeachment-bolsonaro\/pedido-0070\/","og_site_name":"Os pedidos de impeachment de Bolsonaro","article_published_time":"2021-02-08T14:50:00+00:00","article_modified_time":"2022-05-28T02:04:16+00:00","og_image":[{"width":1170,"height":700,"url":"https:\/\/apublica.org\/impeachment-bolsonaro\/wp-content\/uploads\/2021\/02\/jair-bolsonaro-3.jpg","type":"image\/jpeg"}],"author":"Mariama Correia","twitter_card":"summary_large_image","twitter_misc":{"Escrito por":"Mariama Correia","Est. tempo de leitura":"3 minutos","Written by":"Mariama Correia"},"schema":{"@context":"https:\/\/schema.org","@graph":[{"@type":"Article","@id":"https:\/\/apublica.org\/impeachment-bolsonaro\/pedido-0070\/#article","isPartOf":{"@id":"https:\/\/apublica.org\/impeachment-bolsonaro\/pedido-0070\/"},"author":{"name":"Mariama Correia","@id":"https:\/\/apublica.org\/impeachment-bolsonaro\/#\/schema\/person\/8623a96115a50fbdb34c523c66189ee8"},"headline":"Pedido 0070","datePublished":"2021-02-08T14:50:00+00:00","dateModified":"2022-05-28T02:04:16+00:00","mainEntityOfPage":{"@id":"https:\/\/apublica.org\/impeachment-bolsonaro\/pedido-0070\/"},"wordCount":606,"image":{"@id":"https:\/\/apublica.org\/impeachment-bolsonaro\/pedido-0070\/#primaryimage"},"thumbnailUrl":"https:\/\/i0.wp.com\/apublica.org\/impeachment-bolsonaro\/wp-content\/uploads\/2021\/02\/jair-bolsonaro-3.jpg?fit=1170%2C700&ssl=1","inLanguage":"pt-BR"},{"@type":"WebPage","@id":"https:\/\/apublica.org\/impeachment-bolsonaro\/pedido-0070\/","url":"https:\/\/apublica.org\/impeachment-bolsonaro\/pedido-0070\/","name":"Pedido 0070 - Os pedidos de impeachment de Bolsonaro","isPartOf":{"@id":"https:\/\/apublica.org\/impeachment-bolsonaro\/#website"},"primaryImageOfPage":{"@id":"https:\/\/apublica.org\/impeachment-bolsonaro\/pedido-0070\/#primaryimage"},"image":{"@id":"https:\/\/apublica.org\/impeachment-bolsonaro\/pedido-0070\/#primaryimage"},"thumbnailUrl":"https:\/\/i0.wp.com\/apublica.org\/impeachment-bolsonaro\/wp-content\/uploads\/2021\/02\/jair-bolsonaro-3.jpg?fit=1170%2C700&ssl=1","datePublished":"2021-02-08T14:50:00+00:00","dateModified":"2022-05-28T02:04:16+00:00","author":{"@id":"https:\/\/apublica.org\/impeachment-bolsonaro\/#\/schema\/person\/8623a96115a50fbdb34c523c66189ee8"},"breadcrumb":{"@id":"https:\/\/apublica.org\/impeachment-bolsonaro\/pedido-0070\/#breadcrumb"},"inLanguage":"pt-BR","potentialAction":[{"@type":"ReadAction","target":["https:\/\/apublica.org\/impeachment-bolsonaro\/pedido-0070\/"]}]},{"@type":"ImageObject","inLanguage":"pt-BR","@id":"https:\/\/apublica.org\/impeachment-bolsonaro\/pedido-0070\/#primaryimage","url":"https:\/\/i0.wp.com\/apublica.org\/impeachment-bolsonaro\/wp-content\/uploads\/2021\/02\/jair-bolsonaro-3.jpg?fit=1170%2C700&ssl=1","contentUrl":"https:\/\/i0.wp.com\/apublica.org\/impeachment-bolsonaro\/wp-content\/uploads\/2021\/02\/jair-bolsonaro-3.jpg?fit=1170%2C700&ssl=1","width":1170,"height":700,"caption":"O presidente Jair Bolsonaro durante solenidade de A\u00e7\u00e3o de Gra\u00e7as, no Pal\u00e1cio do Planalto."},{"@type":"BreadcrumbList","@id":"https:\/\/apublica.org\/impeachment-bolsonaro\/pedido-0070\/#breadcrumb","itemListElement":[{"@type":"ListItem","position":1,"name":"In\u00edcio","item":"https:\/\/apublica.org\/impeachment-bolsonaro\/"},{"@type":"ListItem","position":2,"name":"Pedido 0070"}]},{"@type":"WebSite","@id":"https:\/\/apublica.org\/impeachment-bolsonaro\/#website","url":"https:\/\/apublica.org\/impeachment-bolsonaro\/","name":"Os pedidos de impeachment de Bolsonaro","description":"","potentialAction":[{"@type":"SearchAction","target":{"@type":"EntryPoint","urlTemplate":"https:\/\/apublica.org\/impeachment-bolsonaro\/?s={search_term_string}"},"query-input":{"@type":"PropertyValueSpecification","valueRequired":true,"valueName":"search_term_string"}}],"inLanguage":"pt-BR"},{"@type":"Person","@id":"https:\/\/apublica.org\/impeachment-bolsonaro\/#\/schema\/person\/8623a96115a50fbdb34c523c66189ee8","name":"Mariama Correia","image":{"@type":"ImageObject","inLanguage":"pt-BR","@id":"https:\/\/secure.gravatar.com\/avatar\/d86967440835379aa59e7315cb6da864332a30c986d8ebe3bbbc2e0c439fdf92?s=96&d=mm&r=g2c50642425aec9747fc19244c0fa1a50","url":"https:\/\/secure.gravatar.com\/avatar\/d86967440835379aa59e7315cb6da864332a30c986d8ebe3bbbc2e0c439fdf92?s=96&d=mm&r=g","contentUrl":"https:\/\/secure.gravatar.com\/avatar\/d86967440835379aa59e7315cb6da864332a30c986d8ebe3bbbc2e0c439fdf92?s=96&d=mm&r=g","caption":"Mariama Correia"},"description":"Jornalista formada pela Universidade Cat\u00f3lica de Pernambuco e p\u00f3s-graduada pela Universidade Federal de Pernambuco. Foi rep\u00f3rter do coletivo de jornalismo investigativo e independente Marco Zero Conte\u00fado e da editoria de Economia do jornal Folha de Pernambuco. J\u00e1 assinou mat\u00e9rias no The Intercept Brasil, em revistas da Editora Abril e em outras publica\u00e7\u00f5es. Participa do Atlas da Not\u00edcia, um mapeamento do jornalismo no Brasil, como pesquisadora do Nordeste.","url":"https:\/\/apublica.org\/impeachment-bolsonaro\/author\/mariamacorreia\/"}]}},"jetpack_featured_media_url":"https:\/\/i0.wp.com\/apublica.org\/impeachment-bolsonaro\/wp-content\/uploads\/2021\/02\/jair-bolsonaro-3.jpg?fit=1170%2C700&ssl=1","jetpack_sharing_enabled":true,"_links":{"self":[{"href":"https:\/\/apublica.org\/impeachment-bolsonaro\/wp-json\/wp\/v2\/posts\/2830","targetHints":{"allow":["GET"]}}],"collection":[{"href":"https:\/\/apublica.org\/impeachment-bolsonaro\/wp-json\/wp\/v2\/posts"}],"about":[{"href":"https:\/\/apublica.org\/impeachment-bolsonaro\/wp-json\/wp\/v2\/types\/post"}],"author":[{"embeddable":true,"href":"https:\/\/apublica.org\/impeachment-bolsonaro\/wp-json\/wp\/v2\/users\/24"}],"replies":[{"embeddable":true,"href":"https:\/\/apublica.org\/impeachment-bolsonaro\/wp-json\/wp\/v2\/comments?post=2830"}],"version-history":[{"count":1,"href":"https:\/\/apublica.org\/impeachment-bolsonaro\/wp-json\/wp\/v2\/posts\/2830\/revisions"}],"predecessor-version":[{"id":3357,"href":"https:\/\/apublica.org\/impeachment-bolsonaro\/wp-json\/wp\/v2\/posts\/2830\/revisions\/3357"}],"wp:featuredmedia":[{"embeddable":true,"href":"https:\/\/apublica.org\/impeachment-bolsonaro\/wp-json\/wp\/v2\/media\/1877"}],"wp:attachment":[{"href":"https:\/\/apublica.org\/impeachment-bolsonaro\/wp-json\/wp\/v2\/media?parent=2830"}],"wp:term":[{"taxonomy":"category","embeddable":true,"href":"https:\/\/apublica.org\/impeachment-bolsonaro\/wp-json\/wp\/v2\/categories?post=2830"},{"taxonomy":"post_tag","embeddable":true,"href":"https:\/\/apublica.org\/impeachment-bolsonaro\/wp-json\/wp\/v2\/tags?post=2830"},{"taxonomy":"author","embeddable":true,"href":"https:\/\/apublica.org\/impeachment-bolsonaro\/wp-json\/wp\/v2\/coauthors?post=2830"}],"curies":[{"name":"wp","href":"https:\/\/api.w.org\/{rel}","templated":true}]}}