{"id":2839,"date":"2021-04-14T20:00:00","date_gmt":"2021-04-14T23:00:00","guid":{"rendered":"https:\/\/apublica.org\/impeachment-bolsonaro.new\/pedido-0115\/"},"modified":"2022-05-27T23:05:13","modified_gmt":"2022-05-28T02:05:13","slug":"pedido-0115","status":"publish","type":"post","link":"https:\/\/apublica.org\/impeachment-bolsonaro\/pedido-0115\/","title":{"rendered":"Pedido 0115"},"content":{"rendered":"\n<p>O pedido 115 \u00e9 um aditamento do<a href=\"https:\/\/apublica.org\/impeachment-bolsonaro\/pedido-0107\/\"> pedido de impeachment 107<\/a>, que atribui a Jair Bolsonaro (sem partido) crime de responsabilidade contra o livre exerc\u00edcio dos poderes constitucionais, tipificado no artigo 6\u00ba da Lei do Impeachment. O documento \u00e9 assinado pelos l\u00edderes da oposi\u00e7\u00e3o e da minoria no Congresso: Randolfe Rodrigues (REDE\/AP), Jean Paul Prates (PT\/RN), Alessandro Molon (PSB\/RJ), Marcelo Freixo (PSOL\/RJ) e Arlindo Chinaglia (PT\/SP).<\/p>\n\n\n\n<p>De acordo com o aditamento, o presidente teria cometido crime de responsabilidade em conversa telef\u00f4nica entre o presidente e o senador Jorge Kajuru (Podemos), <a href=\"https:\/\/noticias.uol.com.br\/videos\/2021\/04\/12\/kajuru-divulga-conversa-com-bolsonaro.htm\">divulgada em 12 de abril<\/a>. Os proponentes argumentam que, na liga\u00e7\u00e3o, Bolsonaro expressou pretens\u00e3o de \u201cintervir no Poder Legislativo, impondo a sua vontade em detrimento da livre atua\u00e7\u00e3o da <a href=\"https:\/\/www12.senado.leg.br\/noticias\/materias\/2021\/04\/14\/cpi-da-covid-investigara-uso-por-estados-e-municipios-de-verbas-federais-para-saude\">CPI (Comiss\u00e3o Parlamentar de Inqu\u00e9rito) da Covid<\/a>.\u201d Al\u00e9m disso, teria pressionado parlamentares e ministros do Supremo Tribunal Federal (STF) a agirem de acordo com sua vontade e amea\u00e7ado fisicamente o senador Randolfe Rodrigues, autor do requerimento para a instala\u00e7\u00e3o da CPI e um dos autores da emenda.<\/p>\n\n\n\n<p>Bolsonaro estaria pressionando o Supremo ao impor a aceita\u00e7\u00e3o de pedidos de impeachment contra \u201cministros do STF que julgam contra seus interesses escusos\u201d. Sobre isso, o aditamento destaca que o \u201cpresidente da Rep\u00fablica n\u00e3o demonstra a mesma vontade de \u2018desengavetar\u2019 os pedidos de impeachment contra ele pr\u00f3prio, ou seja, evidentemente, atua em causa pr\u00f3pria, contra as Institui\u00e7\u00f5es da Rep\u00fablica\u201d.<\/p>\n\n\n\n<p>O aditamento inclui o senador Jorge Kajuru ao rol de testemunhas do pedido 107.&nbsp;<\/p>\n","protected":false},"excerpt":{"rendered":"<p>O pedido 115 \u00e9 um aditamento do pedido de impeachment 107, que atribui a Jair Bolsonaro (sem partido) crime de responsabilidade contra o livre exerc\u00edcio dos poderes constitucionais, tipificado no artigo 6\u00ba da Lei do Impeachment. O documento \u00e9 assinado pelos l\u00edderes da oposi\u00e7\u00e3o e da minoria no Congresso: Randolfe Rodrigues (REDE\/AP), Jean Paul Prates<\/p>\n","protected":false},"author":29,"featured_media":2071,"comment_status":"closed","ping_status":"closed","sticky":false,"template":"","format":"standard","meta":{"_acf_changed":false,"_jetpack_memberships_contains_paid_content":false,"footnotes":""},"categories":[1],"tags":[28,27,26,29],"coauthors":[],"class_list":["post-2839","post","type-post","status-publish","format-standard","has-post-thumbnail","hentry","category-sem-categoria","tag-congresso-nacional","tag-judiciario","tag-legislativo","tag-stf"],"acf":[],"yoast_head":"<!-- This site is optimized with the Yoast SEO plugin v27.4 - https:\/\/yoast.com\/product\/yoast-seo-wordpress\/ -->\n<title>Pedido 0115 - Os pedidos de impeachment de Bolsonaro<\/title>\n<meta name=\"description\" content=\"O pedido 0115 \u00e9 um aditamento ao pedido 0107, apresentado por l\u00edderes da oposi\u00e7\u00e3o e da minoria do Congresso.\" \/>\n<meta name=\"robots\" content=\"index, follow, max-snippet:-1, max-image-preview:large, max-video-preview:-1\" \/>\n<link rel=\"canonical\" href=\"https:\/\/apublica.org\/impeachment-bolsonaro\/pedido-0115\/\" \/>\n<meta property=\"og:locale\" content=\"pt_BR\" \/>\n<meta property=\"og:type\" content=\"article\" \/>\n<meta property=\"og:title\" content=\"Pedido 0115 - Os pedidos de impeachment de Bolsonaro\" \/>\n<meta property=\"og:description\" content=\"O pedido 0115 \u00e9 um aditamento ao pedido 0107, apresentado por l\u00edderes da oposi\u00e7\u00e3o e da minoria do Congresso.\" \/>\n<meta property=\"og:url\" content=\"https:\/\/apublica.org\/impeachment-bolsonaro\/pedido-0115\/\" \/>\n<meta property=\"og:site_name\" content=\"Os pedidos de impeachment de Bolsonaro\" \/>\n<meta property=\"article:published_time\" content=\"2021-04-14T23:00:00+00:00\" \/>\n<meta property=\"article:modified_time\" content=\"2022-05-28T02:05:13+00:00\" \/>\n<meta property=\"og:image\" content=\"https:\/\/apublica.org\/impeachment-bolsonaro\/wp-content\/uploads\/2021\/04\/pedido-impeachment-1604-1.jpg\" \/>\n\t<meta property=\"og:image:width\" content=\"1204\" \/>\n\t<meta property=\"og:image:height\" content=\"678\" \/>\n\t<meta property=\"og:image:type\" content=\"image\/jpeg\" \/>\n<meta name=\"author\" content=\"Laura Scofield\" \/>\n<meta name=\"twitter:card\" content=\"summary_large_image\" \/>\n<meta name=\"twitter:label1\" content=\"Escrito por\" \/>\n\t<meta name=\"twitter:data1\" content=\"Laura Scofield\" \/>\n\t<meta name=\"twitter:label2\" content=\"Est. tempo de leitura\" \/>\n\t<meta name=\"twitter:data2\" content=\"1 minuto\" \/>\n\t<meta name=\"twitter:label3\" content=\"Written by\" \/>\n\t<meta name=\"twitter:data3\" content=\"Laura Scofield\" \/>\n<script type=\"application\/ld+json\" class=\"yoast-schema-graph\">{\"@context\":\"https:\\\/\\\/schema.org\",\"@graph\":[{\"@type\":\"Article\",\"@id\":\"https:\\\/\\\/apublica.org\\\/impeachment-bolsonaro\\\/pedido-0115\\\/#article\",\"isPartOf\":{\"@id\":\"https:\\\/\\\/apublica.org\\\/impeachment-bolsonaro\\\/pedido-0115\\\/\"},\"author\":{\"name\":\"Laura Scofield\",\"@id\":\"https:\\\/\\\/apublica.org\\\/impeachment-bolsonaro\\\/#\\\/schema\\\/person\\\/16aad31613529a99d0796d173eb2b2f7\"},\"headline\":\"Pedido 0115\",\"datePublished\":\"2021-04-14T23:00:00+00:00\",\"dateModified\":\"2022-05-28T02:05:13+00:00\",\"mainEntityOfPage\":{\"@id\":\"https:\\\/\\\/apublica.org\\\/impeachment-bolsonaro\\\/pedido-0115\\\/\"},\"wordCount\":258,\"image\":{\"@id\":\"https:\\\/\\\/apublica.org\\\/impeachment-bolsonaro\\\/pedido-0115\\\/#primaryimage\"},\"thumbnailUrl\":\"https:\\\/\\\/i0.wp.com\\\/apublica.org\\\/impeachment-bolsonaro\\\/wp-content\\\/uploads\\\/2021\\\/04\\\/pedido-impeachment-1604-1.jpg?fit=1204%2C678&ssl=1\",\"keywords\":[\"Congresso Nacional\",\"Judici\u00e1rio\",\"Legislativo\",\"STF\"],\"inLanguage\":\"pt-BR\"},{\"@type\":\"WebPage\",\"@id\":\"https:\\\/\\\/apublica.org\\\/impeachment-bolsonaro\\\/pedido-0115\\\/\",\"url\":\"https:\\\/\\\/apublica.org\\\/impeachment-bolsonaro\\\/pedido-0115\\\/\",\"name\":\"Pedido 0115 - Os pedidos de impeachment de Bolsonaro\",\"isPartOf\":{\"@id\":\"https:\\\/\\\/apublica.org\\\/impeachment-bolsonaro\\\/#website\"},\"primaryImageOfPage\":{\"@id\":\"https:\\\/\\\/apublica.org\\\/impeachment-bolsonaro\\\/pedido-0115\\\/#primaryimage\"},\"image\":{\"@id\":\"https:\\\/\\\/apublica.org\\\/impeachment-bolsonaro\\\/pedido-0115\\\/#primaryimage\"},\"thumbnailUrl\":\"https:\\\/\\\/i0.wp.com\\\/apublica.org\\\/impeachment-bolsonaro\\\/wp-content\\\/uploads\\\/2021\\\/04\\\/pedido-impeachment-1604-1.jpg?fit=1204%2C678&ssl=1\",\"datePublished\":\"2021-04-14T23:00:00+00:00\",\"dateModified\":\"2022-05-28T02:05:13+00:00\",\"author\":{\"@id\":\"https:\\\/\\\/apublica.org\\\/impeachment-bolsonaro\\\/#\\\/schema\\\/person\\\/16aad31613529a99d0796d173eb2b2f7\"},\"description\":\"O pedido 0115 \u00e9 um aditamento ao pedido 0107, apresentado por l\u00edderes da oposi\u00e7\u00e3o e da minoria do Congresso.\",\"breadcrumb\":{\"@id\":\"https:\\\/\\\/apublica.org\\\/impeachment-bolsonaro\\\/pedido-0115\\\/#breadcrumb\"},\"inLanguage\":\"pt-BR\",\"potentialAction\":[{\"@type\":\"ReadAction\",\"target\":[\"https:\\\/\\\/apublica.org\\\/impeachment-bolsonaro\\\/pedido-0115\\\/\"]}]},{\"@type\":\"ImageObject\",\"inLanguage\":\"pt-BR\",\"@id\":\"https:\\\/\\\/apublica.org\\\/impeachment-bolsonaro\\\/pedido-0115\\\/#primaryimage\",\"url\":\"https:\\\/\\\/i0.wp.com\\\/apublica.org\\\/impeachment-bolsonaro\\\/wp-content\\\/uploads\\\/2021\\\/04\\\/pedido-impeachment-1604-1.jpg?fit=1204%2C678&ssl=1\",\"contentUrl\":\"https:\\\/\\\/i0.wp.com\\\/apublica.org\\\/impeachment-bolsonaro\\\/wp-content\\\/uploads\\\/2021\\\/04\\\/pedido-impeachment-1604-1.jpg?fit=1204%2C678&ssl=1\",\"width\":1204,\"height\":678},{\"@type\":\"BreadcrumbList\",\"@id\":\"https:\\\/\\\/apublica.org\\\/impeachment-bolsonaro\\\/pedido-0115\\\/#breadcrumb\",\"itemListElement\":[{\"@type\":\"ListItem\",\"position\":1,\"name\":\"In\u00edcio\",\"item\":\"https:\\\/\\\/apublica.org\\\/impeachment-bolsonaro\\\/\"},{\"@type\":\"ListItem\",\"position\":2,\"name\":\"Pedido 0115\"}]},{\"@type\":\"WebSite\",\"@id\":\"https:\\\/\\\/apublica.org\\\/impeachment-bolsonaro\\\/#website\",\"url\":\"https:\\\/\\\/apublica.org\\\/impeachment-bolsonaro\\\/\",\"name\":\"Os pedidos de impeachment de Bolsonaro\",\"description\":\"\",\"potentialAction\":[{\"@type\":\"SearchAction\",\"target\":{\"@type\":\"EntryPoint\",\"urlTemplate\":\"https:\\\/\\\/apublica.org\\\/impeachment-bolsonaro\\\/?s={search_term_string}\"},\"query-input\":{\"@type\":\"PropertyValueSpecification\",\"valueRequired\":true,\"valueName\":\"search_term_string\"}}],\"inLanguage\":\"pt-BR\"},{\"@type\":\"Person\",\"@id\":\"https:\\\/\\\/apublica.org\\\/impeachment-bolsonaro\\\/#\\\/schema\\\/person\\\/16aad31613529a99d0796d173eb2b2f7\",\"name\":\"Laura Scofield\",\"image\":{\"@type\":\"ImageObject\",\"inLanguage\":\"pt-BR\",\"@id\":\"https:\\\/\\\/secure.gravatar.com\\\/avatar\\\/d1b96b430079847bc46acd129c4c10a79b053ccd4da6177e0ac83288aba8f24a?s=96&d=mm&r=g9a4c765220b5e2dfef2f7002b37fa836\",\"url\":\"https:\\\/\\\/secure.gravatar.com\\\/avatar\\\/d1b96b430079847bc46acd129c4c10a79b053ccd4da6177e0ac83288aba8f24a?s=96&d=mm&r=g\",\"contentUrl\":\"https:\\\/\\\/secure.gravatar.com\\\/avatar\\\/d1b96b430079847bc46acd129c4c10a79b053ccd4da6177e0ac83288aba8f24a?s=96&d=mm&r=g\",\"caption\":\"Laura Scofield\"},\"description\":\"Jornalista formada pela Escola de Comunica\u00e7\u00f5es e Artes da Universidade de S\u00e3o Paulo (ECA-USP) com pesquisa sobre migra\u00e7\u00e3o indocumentada de brasileiros para os Estados Unidos. Colabora com a OBOR\u00c9 Projetos Especiais e \u00e9 ex-diretora de cultura da Jornalismo J\u00fanior. Come\u00e7ou na Ag\u00eancia P\u00fablica em mar\u00e7o de 2020 como estagi\u00e1ria de reda\u00e7\u00e3o do n\u00facleo de pol\u00edtica e redes sociais e desde janeiro de 2022 \u00e9 rep\u00f3rter do n\u00facleo de clima. Trabalhos premiados pelo Pr\u00eamio Intercom Sudeste 2021 e 12\u00ba Pr\u00eamio Jovem Jornalista Fernando Pacheco Jord\u00e3o 2020.\",\"url\":\"https:\\\/\\\/apublica.org\\\/impeachment-bolsonaro\\\/author\\\/laurascofield\\\/\"}]}<\/script>\n<!-- \/ Yoast SEO plugin. -->","yoast_head_json":{"title":"Pedido 0115 - Os pedidos de impeachment de Bolsonaro","description":"O pedido 0115 \u00e9 um aditamento ao pedido 0107, apresentado por l\u00edderes da oposi\u00e7\u00e3o e da minoria do Congresso.","robots":{"index":"index","follow":"follow","max-snippet":"max-snippet:-1","max-image-preview":"max-image-preview:large","max-video-preview":"max-video-preview:-1"},"canonical":"https:\/\/apublica.org\/impeachment-bolsonaro\/pedido-0115\/","og_locale":"pt_BR","og_type":"article","og_title":"Pedido 0115 - Os pedidos de impeachment de Bolsonaro","og_description":"O pedido 0115 \u00e9 um aditamento ao pedido 0107, apresentado por l\u00edderes da oposi\u00e7\u00e3o e da minoria do Congresso.","og_url":"https:\/\/apublica.org\/impeachment-bolsonaro\/pedido-0115\/","og_site_name":"Os pedidos de impeachment de Bolsonaro","article_published_time":"2021-04-14T23:00:00+00:00","article_modified_time":"2022-05-28T02:05:13+00:00","og_image":[{"width":1204,"height":678,"url":"https:\/\/apublica.org\/impeachment-bolsonaro\/wp-content\/uploads\/2021\/04\/pedido-impeachment-1604-1.jpg","type":"image\/jpeg"}],"author":"Laura Scofield","twitter_card":"summary_large_image","twitter_misc":{"Escrito por":"Laura Scofield","Est. tempo de leitura":"1 minuto","Written by":"Laura Scofield"},"schema":{"@context":"https:\/\/schema.org","@graph":[{"@type":"Article","@id":"https:\/\/apublica.org\/impeachment-bolsonaro\/pedido-0115\/#article","isPartOf":{"@id":"https:\/\/apublica.org\/impeachment-bolsonaro\/pedido-0115\/"},"author":{"name":"Laura Scofield","@id":"https:\/\/apublica.org\/impeachment-bolsonaro\/#\/schema\/person\/16aad31613529a99d0796d173eb2b2f7"},"headline":"Pedido 0115","datePublished":"2021-04-14T23:00:00+00:00","dateModified":"2022-05-28T02:05:13+00:00","mainEntityOfPage":{"@id":"https:\/\/apublica.org\/impeachment-bolsonaro\/pedido-0115\/"},"wordCount":258,"image":{"@id":"https:\/\/apublica.org\/impeachment-bolsonaro\/pedido-0115\/#primaryimage"},"thumbnailUrl":"https:\/\/i0.wp.com\/apublica.org\/impeachment-bolsonaro\/wp-content\/uploads\/2021\/04\/pedido-impeachment-1604-1.jpg?fit=1204%2C678&ssl=1","keywords":["Congresso Nacional","Judici\u00e1rio","Legislativo","STF"],"inLanguage":"pt-BR"},{"@type":"WebPage","@id":"https:\/\/apublica.org\/impeachment-bolsonaro\/pedido-0115\/","url":"https:\/\/apublica.org\/impeachment-bolsonaro\/pedido-0115\/","name":"Pedido 0115 - Os pedidos de impeachment de Bolsonaro","isPartOf":{"@id":"https:\/\/apublica.org\/impeachment-bolsonaro\/#website"},"primaryImageOfPage":{"@id":"https:\/\/apublica.org\/impeachment-bolsonaro\/pedido-0115\/#primaryimage"},"image":{"@id":"https:\/\/apublica.org\/impeachment-bolsonaro\/pedido-0115\/#primaryimage"},"thumbnailUrl":"https:\/\/i0.wp.com\/apublica.org\/impeachment-bolsonaro\/wp-content\/uploads\/2021\/04\/pedido-impeachment-1604-1.jpg?fit=1204%2C678&ssl=1","datePublished":"2021-04-14T23:00:00+00:00","dateModified":"2022-05-28T02:05:13+00:00","author":{"@id":"https:\/\/apublica.org\/impeachment-bolsonaro\/#\/schema\/person\/16aad31613529a99d0796d173eb2b2f7"},"description":"O pedido 0115 \u00e9 um aditamento ao pedido 0107, apresentado por l\u00edderes da oposi\u00e7\u00e3o e da minoria do Congresso.","breadcrumb":{"@id":"https:\/\/apublica.org\/impeachment-bolsonaro\/pedido-0115\/#breadcrumb"},"inLanguage":"pt-BR","potentialAction":[{"@type":"ReadAction","target":["https:\/\/apublica.org\/impeachment-bolsonaro\/pedido-0115\/"]}]},{"@type":"ImageObject","inLanguage":"pt-BR","@id":"https:\/\/apublica.org\/impeachment-bolsonaro\/pedido-0115\/#primaryimage","url":"https:\/\/i0.wp.com\/apublica.org\/impeachment-bolsonaro\/wp-content\/uploads\/2021\/04\/pedido-impeachment-1604-1.jpg?fit=1204%2C678&ssl=1","contentUrl":"https:\/\/i0.wp.com\/apublica.org\/impeachment-bolsonaro\/wp-content\/uploads\/2021\/04\/pedido-impeachment-1604-1.jpg?fit=1204%2C678&ssl=1","width":1204,"height":678},{"@type":"BreadcrumbList","@id":"https:\/\/apublica.org\/impeachment-bolsonaro\/pedido-0115\/#breadcrumb","itemListElement":[{"@type":"ListItem","position":1,"name":"In\u00edcio","item":"https:\/\/apublica.org\/impeachment-bolsonaro\/"},{"@type":"ListItem","position":2,"name":"Pedido 0115"}]},{"@type":"WebSite","@id":"https:\/\/apublica.org\/impeachment-bolsonaro\/#website","url":"https:\/\/apublica.org\/impeachment-bolsonaro\/","name":"Os pedidos de impeachment de Bolsonaro","description":"","potentialAction":[{"@type":"SearchAction","target":{"@type":"EntryPoint","urlTemplate":"https:\/\/apublica.org\/impeachment-bolsonaro\/?s={search_term_string}"},"query-input":{"@type":"PropertyValueSpecification","valueRequired":true,"valueName":"search_term_string"}}],"inLanguage":"pt-BR"},{"@type":"Person","@id":"https:\/\/apublica.org\/impeachment-bolsonaro\/#\/schema\/person\/16aad31613529a99d0796d173eb2b2f7","name":"Laura Scofield","image":{"@type":"ImageObject","inLanguage":"pt-BR","@id":"https:\/\/secure.gravatar.com\/avatar\/d1b96b430079847bc46acd129c4c10a79b053ccd4da6177e0ac83288aba8f24a?s=96&d=mm&r=g9a4c765220b5e2dfef2f7002b37fa836","url":"https:\/\/secure.gravatar.com\/avatar\/d1b96b430079847bc46acd129c4c10a79b053ccd4da6177e0ac83288aba8f24a?s=96&d=mm&r=g","contentUrl":"https:\/\/secure.gravatar.com\/avatar\/d1b96b430079847bc46acd129c4c10a79b053ccd4da6177e0ac83288aba8f24a?s=96&d=mm&r=g","caption":"Laura Scofield"},"description":"Jornalista formada pela Escola de Comunica\u00e7\u00f5es e Artes da Universidade de S\u00e3o Paulo (ECA-USP) com pesquisa sobre migra\u00e7\u00e3o indocumentada de brasileiros para os Estados Unidos. Colabora com a OBOR\u00c9 Projetos Especiais e \u00e9 ex-diretora de cultura da Jornalismo J\u00fanior. Come\u00e7ou na Ag\u00eancia P\u00fablica em mar\u00e7o de 2020 como estagi\u00e1ria de reda\u00e7\u00e3o do n\u00facleo de pol\u00edtica e redes sociais e desde janeiro de 2022 \u00e9 rep\u00f3rter do n\u00facleo de clima. Trabalhos premiados pelo Pr\u00eamio Intercom Sudeste 2021 e 12\u00ba Pr\u00eamio Jovem Jornalista Fernando Pacheco Jord\u00e3o 2020.","url":"https:\/\/apublica.org\/impeachment-bolsonaro\/author\/laurascofield\/"}]}},"jetpack_featured_media_url":"https:\/\/i0.wp.com\/apublica.org\/impeachment-bolsonaro\/wp-content\/uploads\/2021\/04\/pedido-impeachment-1604-1.jpg?fit=1204%2C678&ssl=1","jetpack_sharing_enabled":true,"_links":{"self":[{"href":"https:\/\/apublica.org\/impeachment-bolsonaro\/wp-json\/wp\/v2\/posts\/2839","targetHints":{"allow":["GET"]}}],"collection":[{"href":"https:\/\/apublica.org\/impeachment-bolsonaro\/wp-json\/wp\/v2\/posts"}],"about":[{"href":"https:\/\/apublica.org\/impeachment-bolsonaro\/wp-json\/wp\/v2\/types\/post"}],"author":[{"embeddable":true,"href":"https:\/\/apublica.org\/impeachment-bolsonaro\/wp-json\/wp\/v2\/users\/29"}],"replies":[{"embeddable":true,"href":"https:\/\/apublica.org\/impeachment-bolsonaro\/wp-json\/wp\/v2\/comments?post=2839"}],"version-history":[{"count":1,"href":"https:\/\/apublica.org\/impeachment-bolsonaro\/wp-json\/wp\/v2\/posts\/2839\/revisions"}],"predecessor-version":[{"id":3346,"href":"https:\/\/apublica.org\/impeachment-bolsonaro\/wp-json\/wp\/v2\/posts\/2839\/revisions\/3346"}],"wp:featuredmedia":[{"embeddable":true,"href":"https:\/\/apublica.org\/impeachment-bolsonaro\/wp-json\/wp\/v2\/media\/2071"}],"wp:attachment":[{"href":"https:\/\/apublica.org\/impeachment-bolsonaro\/wp-json\/wp\/v2\/media?parent=2839"}],"wp:term":[{"taxonomy":"category","embeddable":true,"href":"https:\/\/apublica.org\/impeachment-bolsonaro\/wp-json\/wp\/v2\/categories?post=2839"},{"taxonomy":"post_tag","embeddable":true,"href":"https:\/\/apublica.org\/impeachment-bolsonaro\/wp-json\/wp\/v2\/tags?post=2839"},{"taxonomy":"author","embeddable":true,"href":"https:\/\/apublica.org\/impeachment-bolsonaro\/wp-json\/wp\/v2\/coauthors?post=2839"}],"curies":[{"name":"wp","href":"https:\/\/api.w.org\/{rel}","templated":true}]}}