{"id":2844,"date":"2021-05-25T15:00:00","date_gmt":"2021-05-25T18:00:00","guid":{"rendered":"https:\/\/apublica.org\/impeachment-bolsonaro.new\/pedido-0120\/"},"modified":"2022-05-27T23:05:40","modified_gmt":"2022-05-28T02:05:40","slug":"pedido-0120","status":"publish","type":"post","link":"https:\/\/apublica.org\/impeachment-bolsonaro\/pedido-0120\/","title":{"rendered":"Pedido 0120"},"content":{"rendered":"\n<p>O pedido apresentado no dia 25 de maio \u00e9 assinado pelo <a href=\"https:\/\/www.vidasbrasileiras.com\/assinaturas\/\">Movimento Vidas Brasileiras<\/a>, que re\u00fane artistas como a apresentadora Xuxa Meneghel e o youtuber Felipe Neto, al\u00e9m de personalidades, a exemplo do padre J\u00falio Lancelotti e o ativista Ailton Krenak. O documento enviado \u00e0 C\u00e2mara dos Deputados aborda a condu\u00e7\u00e3o da pandemia de Covid-19 pelo presidente Jair Bolsonaro, que teria adotado \u201cposturas pessoais que colaboraram diretamente para o agravamento da crise\u201d, com a \u201cconsistente e consciente inten\u00e7\u00e3o de prejudicar e tornar ineficazes medidas de sa\u00fade p\u00fablica que t\u00eam o objetivo de proteger a sa\u00fade da popula\u00e7\u00e3o\u201d.&nbsp;<\/p>\n\n\n\n<p>Para os autores, o presidente deve ser retirado do governo por ter cometido crimes de responsabilidade como \u201cpropagar informa\u00e7\u00f5es falsas com rela\u00e7\u00e3o \u00e0s vacinas e aos riscos da pandemia; atrasar o processo de imuniza\u00e7\u00e3o; provocar aglomera\u00e7\u00e3o; desestimular uso de m\u00e1scaras; e determinar a produ\u00e7\u00e3o de hidroxicloroquina, <a href=\"https:\/\/apublica.org\/2020\/10\/era-uma-vez-no-pais-da-cloroquina\/\">medicamento sem efic\u00e1cia contra o v\u00edrus<\/a>.\u201d Os delitos supostamente cometidos por Bolsonaro se encaixariam nos artigos 7\u00ba, 8\u00ba e 9\u00ba da Lei do Impeachment, que versam, respectivamente, sobre \u201co livre exerc\u00edcio dos direitos pol\u00edticos, individuais e sociais\u201d; \u201ca seguran\u00e7a interna do pa\u00eds\u201d; e \u201cprobidade na administra\u00e7\u00e3o\u201d.<\/p>\n\n\n\n<p>O pedido cita como exemplo o Amazonas, que sofreu colapso no sistema de sa\u00fade em janeiro. A pe\u00e7a argumenta que <a href=\"https:\/\/apublica.org\/2021\/01\/governo-bolsonaro-sabia-10-dias-antes-de-colapso-em-manaus-e-necessidade-de-transferir-pacientes\/\">o governo havia sido avisado antecipadamente<\/a> sobre a situa\u00e7\u00e3o cr\u00edtica no estado, mas atuou com \u201cneglig\u00eancia e lentid\u00e3o\u201d. Tamb\u00e9m destaca que Jair Bolsonaro promoveu aglomera\u00e7\u00f5es ao participar de atos que teriam como objetivo \u201cpromover a subvers\u00e3o da ordem constitucional\u201d, com elogios \u00e0 Ditadura Militar e amea\u00e7as \u00e0s institui\u00e7\u00f5es democr\u00e1ticas.&nbsp;<\/p>\n\n\n\n<p>\u201c\u00c9 premente que o Brasil deixe de ser liderado por um presidente que nega a gravidade da crise e, mais do que isso, contribui para o seu agravamento\u201d, finaliza o documento. O pedido de impeachment elenca como testemunhas o ministro da Defesa, Fernando Azevedo e Silva; al\u00e9m de Luiz Henrique Mandetta e Nelson Teich, ex-ministros da Sa\u00fade.<\/p>\n","protected":false},"excerpt":{"rendered":"<p>O pedido apresentado no dia 25 de maio \u00e9 assinado pelo Movimento Vidas Brasileiras, que re\u00fane artistas como a apresentadora Xuxa Meneghel e o youtuber Felipe Neto, al\u00e9m de personalidades, a exemplo do padre J\u00falio Lancelotti e o ativista Ailton Krenak. O documento enviado \u00e0 C\u00e2mara dos Deputados aborda a condu\u00e7\u00e3o da pandemia de Covid-19<\/p>\n","protected":false},"author":29,"featured_media":2164,"comment_status":"closed","ping_status":"closed","sticky":false,"template":"","format":"standard","meta":{"_acf_changed":false,"_jetpack_memberships_contains_paid_content":false,"footnotes":""},"categories":[1],"tags":[12,42,13,9,5,37,43],"coauthors":[],"class_list":["post-2844","post","type-post","status-publish","format-standard","has-post-thumbnail","hentry","category-sem-categoria","tag-coronavirus","tag-direitos-humanos","tag-improbidade-administrativa","tag-povos-indigenas","tag-quebra-de-decoro","tag-saude","tag-vacina"],"acf":[],"yoast_head":"<!-- This site is optimized with the Yoast SEO plugin v27.4 - https:\/\/yoast.com\/product\/yoast-seo-wordpress\/ -->\n<title>Pedido 0120 - Os pedidos de impeachment de Bolsonaro<\/title>\n<meta name=\"description\" content=\"O pedido 0120 \u00e9 assinado pelo Movimento Vidas Brasileiras e focaliza a gest\u00e3o de Jair Bolsonaro da pandemia de Covid-19.\" \/>\n<meta name=\"robots\" content=\"index, follow, max-snippet:-1, max-image-preview:large, max-video-preview:-1\" \/>\n<link rel=\"canonical\" href=\"https:\/\/apublica.org\/impeachment-bolsonaro\/pedido-0120\/\" \/>\n<meta property=\"og:locale\" content=\"pt_BR\" \/>\n<meta property=\"og:type\" content=\"article\" \/>\n<meta property=\"og:title\" content=\"Xuxa, Felipe Neto, Porchat e padre J\u00falio Lancelotti se unem para pedir impeachment Pedido 0120\" \/>\n<meta property=\"og:description\" content=\"O pedido 0120 \u00e9 assinado pelo Movimento Vidas Brasileiras e focaliza a gest\u00e3o de Jair Bolsonaro da pandemia de Covid-19.\" \/>\n<meta property=\"og:url\" content=\"https:\/\/apublica.org\/impeachment-bolsonaro\/pedido-0120\/\" \/>\n<meta property=\"og:site_name\" content=\"Os pedidos de impeachment de Bolsonaro\" \/>\n<meta property=\"article:published_time\" content=\"2021-05-25T18:00:00+00:00\" \/>\n<meta property=\"article:modified_time\" content=\"2022-05-28T02:05:40+00:00\" \/>\n<meta property=\"og:image\" content=\"https:\/\/apublica.org\/impeachment-bolsonaro\/wp-content\/uploads\/2021\/05\/pedido120-capa-alan-santos-pr.jpg\" \/>\n\t<meta property=\"og:image:width\" content=\"1024\" \/>\n\t<meta property=\"og:image:height\" content=\"768\" \/>\n\t<meta property=\"og:image:type\" content=\"image\/jpeg\" \/>\n<meta name=\"author\" content=\"Laura Scofield\" \/>\n<meta name=\"twitter:card\" content=\"summary_large_image\" \/>\n<meta name=\"twitter:title\" content=\"Xuxa, Felipe Neto, Porchat e padre J\u00falio Lancelotti se unem para pedir impeachment Pedido 0120 Os pedidos de impeachment de Bolsonaro\" \/>\n<meta name=\"twitter:label1\" content=\"Escrito por\" \/>\n\t<meta name=\"twitter:data1\" content=\"Laura Scofield\" \/>\n\t<meta name=\"twitter:label2\" content=\"Est. tempo de leitura\" \/>\n\t<meta name=\"twitter:data2\" content=\"2 minutos\" \/>\n\t<meta name=\"twitter:label3\" content=\"Written by\" \/>\n\t<meta name=\"twitter:data3\" content=\"Laura Scofield\" \/>\n<script type=\"application\/ld+json\" class=\"yoast-schema-graph\">{\"@context\":\"https:\\\/\\\/schema.org\",\"@graph\":[{\"@type\":\"Article\",\"@id\":\"https:\\\/\\\/apublica.org\\\/impeachment-bolsonaro\\\/pedido-0120\\\/#article\",\"isPartOf\":{\"@id\":\"https:\\\/\\\/apublica.org\\\/impeachment-bolsonaro\\\/pedido-0120\\\/\"},\"author\":{\"name\":\"Laura Scofield\",\"@id\":\"https:\\\/\\\/apublica.org\\\/impeachment-bolsonaro\\\/#\\\/schema\\\/person\\\/16aad31613529a99d0796d173eb2b2f7\"},\"headline\":\"Pedido 0120\",\"datePublished\":\"2021-05-25T18:00:00+00:00\",\"dateModified\":\"2022-05-28T02:05:40+00:00\",\"mainEntityOfPage\":{\"@id\":\"https:\\\/\\\/apublica.org\\\/impeachment-bolsonaro\\\/pedido-0120\\\/\"},\"wordCount\":348,\"image\":{\"@id\":\"https:\\\/\\\/apublica.org\\\/impeachment-bolsonaro\\\/pedido-0120\\\/#primaryimage\"},\"thumbnailUrl\":\"https:\\\/\\\/i0.wp.com\\\/apublica.org\\\/impeachment-bolsonaro\\\/wp-content\\\/uploads\\\/2021\\\/05\\\/pedido120-capa-alan-santos-pr.jpg?fit=1024%2C768&ssl=1\",\"keywords\":[\"coronav\u00edrus\",\"direitos humanos\",\"improbidade administrativa\",\"povos ind\u00edgenas\",\"quebra de decoro\",\"sa\u00fade\",\"vacina\"],\"inLanguage\":\"pt-BR\"},{\"@type\":\"WebPage\",\"@id\":\"https:\\\/\\\/apublica.org\\\/impeachment-bolsonaro\\\/pedido-0120\\\/\",\"url\":\"https:\\\/\\\/apublica.org\\\/impeachment-bolsonaro\\\/pedido-0120\\\/\",\"name\":\"Pedido 0120 - Os pedidos de impeachment de Bolsonaro\",\"isPartOf\":{\"@id\":\"https:\\\/\\\/apublica.org\\\/impeachment-bolsonaro\\\/#website\"},\"primaryImageOfPage\":{\"@id\":\"https:\\\/\\\/apublica.org\\\/impeachment-bolsonaro\\\/pedido-0120\\\/#primaryimage\"},\"image\":{\"@id\":\"https:\\\/\\\/apublica.org\\\/impeachment-bolsonaro\\\/pedido-0120\\\/#primaryimage\"},\"thumbnailUrl\":\"https:\\\/\\\/i0.wp.com\\\/apublica.org\\\/impeachment-bolsonaro\\\/wp-content\\\/uploads\\\/2021\\\/05\\\/pedido120-capa-alan-santos-pr.jpg?fit=1024%2C768&ssl=1\",\"datePublished\":\"2021-05-25T18:00:00+00:00\",\"dateModified\":\"2022-05-28T02:05:40+00:00\",\"author\":{\"@id\":\"https:\\\/\\\/apublica.org\\\/impeachment-bolsonaro\\\/#\\\/schema\\\/person\\\/16aad31613529a99d0796d173eb2b2f7\"},\"description\":\"O pedido 0120 \u00e9 assinado pelo Movimento Vidas Brasileiras e focaliza a gest\u00e3o de Jair Bolsonaro da pandemia de Covid-19.\",\"breadcrumb\":{\"@id\":\"https:\\\/\\\/apublica.org\\\/impeachment-bolsonaro\\\/pedido-0120\\\/#breadcrumb\"},\"inLanguage\":\"pt-BR\",\"potentialAction\":[{\"@type\":\"ReadAction\",\"target\":[\"https:\\\/\\\/apublica.org\\\/impeachment-bolsonaro\\\/pedido-0120\\\/\"]}]},{\"@type\":\"ImageObject\",\"inLanguage\":\"pt-BR\",\"@id\":\"https:\\\/\\\/apublica.org\\\/impeachment-bolsonaro\\\/pedido-0120\\\/#primaryimage\",\"url\":\"https:\\\/\\\/i0.wp.com\\\/apublica.org\\\/impeachment-bolsonaro\\\/wp-content\\\/uploads\\\/2021\\\/05\\\/pedido120-capa-alan-santos-pr.jpg?fit=1024%2C768&ssl=1\",\"contentUrl\":\"https:\\\/\\\/i0.wp.com\\\/apublica.org\\\/impeachment-bolsonaro\\\/wp-content\\\/uploads\\\/2021\\\/05\\\/pedido120-capa-alan-santos-pr.jpg?fit=1024%2C768&ssl=1\",\"width\":1024,\"height\":768},{\"@type\":\"BreadcrumbList\",\"@id\":\"https:\\\/\\\/apublica.org\\\/impeachment-bolsonaro\\\/pedido-0120\\\/#breadcrumb\",\"itemListElement\":[{\"@type\":\"ListItem\",\"position\":1,\"name\":\"In\u00edcio\",\"item\":\"https:\\\/\\\/apublica.org\\\/impeachment-bolsonaro\\\/\"},{\"@type\":\"ListItem\",\"position\":2,\"name\":\"Pedido 0120\"}]},{\"@type\":\"WebSite\",\"@id\":\"https:\\\/\\\/apublica.org\\\/impeachment-bolsonaro\\\/#website\",\"url\":\"https:\\\/\\\/apublica.org\\\/impeachment-bolsonaro\\\/\",\"name\":\"Os pedidos de impeachment de Bolsonaro\",\"description\":\"\",\"potentialAction\":[{\"@type\":\"SearchAction\",\"target\":{\"@type\":\"EntryPoint\",\"urlTemplate\":\"https:\\\/\\\/apublica.org\\\/impeachment-bolsonaro\\\/?s={search_term_string}\"},\"query-input\":{\"@type\":\"PropertyValueSpecification\",\"valueRequired\":true,\"valueName\":\"search_term_string\"}}],\"inLanguage\":\"pt-BR\"},{\"@type\":\"Person\",\"@id\":\"https:\\\/\\\/apublica.org\\\/impeachment-bolsonaro\\\/#\\\/schema\\\/person\\\/16aad31613529a99d0796d173eb2b2f7\",\"name\":\"Laura Scofield\",\"image\":{\"@type\":\"ImageObject\",\"inLanguage\":\"pt-BR\",\"@id\":\"https:\\\/\\\/secure.gravatar.com\\\/avatar\\\/d1b96b430079847bc46acd129c4c10a79b053ccd4da6177e0ac83288aba8f24a?s=96&d=mm&r=g9a4c765220b5e2dfef2f7002b37fa836\",\"url\":\"https:\\\/\\\/secure.gravatar.com\\\/avatar\\\/d1b96b430079847bc46acd129c4c10a79b053ccd4da6177e0ac83288aba8f24a?s=96&d=mm&r=g\",\"contentUrl\":\"https:\\\/\\\/secure.gravatar.com\\\/avatar\\\/d1b96b430079847bc46acd129c4c10a79b053ccd4da6177e0ac83288aba8f24a?s=96&d=mm&r=g\",\"caption\":\"Laura Scofield\"},\"description\":\"Jornalista formada pela Escola de Comunica\u00e7\u00f5es e Artes da Universidade de S\u00e3o Paulo (ECA-USP) com pesquisa sobre migra\u00e7\u00e3o indocumentada de brasileiros para os Estados Unidos. Colabora com a OBOR\u00c9 Projetos Especiais e \u00e9 ex-diretora de cultura da Jornalismo J\u00fanior. Come\u00e7ou na Ag\u00eancia P\u00fablica em mar\u00e7o de 2020 como estagi\u00e1ria de reda\u00e7\u00e3o do n\u00facleo de pol\u00edtica e redes sociais e desde janeiro de 2022 \u00e9 rep\u00f3rter do n\u00facleo de clima. Trabalhos premiados pelo Pr\u00eamio Intercom Sudeste 2021 e 12\u00ba Pr\u00eamio Jovem Jornalista Fernando Pacheco Jord\u00e3o 2020.\",\"url\":\"https:\\\/\\\/apublica.org\\\/impeachment-bolsonaro\\\/author\\\/laurascofield\\\/\"}]}<\/script>\n<!-- \/ Yoast SEO plugin. -->","yoast_head_json":{"title":"Pedido 0120 - Os pedidos de impeachment de Bolsonaro","description":"O pedido 0120 \u00e9 assinado pelo Movimento Vidas Brasileiras e focaliza a gest\u00e3o de Jair Bolsonaro da pandemia de Covid-19.","robots":{"index":"index","follow":"follow","max-snippet":"max-snippet:-1","max-image-preview":"max-image-preview:large","max-video-preview":"max-video-preview:-1"},"canonical":"https:\/\/apublica.org\/impeachment-bolsonaro\/pedido-0120\/","og_locale":"pt_BR","og_type":"article","og_title":"Xuxa, Felipe Neto, Porchat e padre J\u00falio Lancelotti se unem para pedir impeachment Pedido 0120","og_description":"O pedido 0120 \u00e9 assinado pelo Movimento Vidas Brasileiras e focaliza a gest\u00e3o de Jair Bolsonaro da pandemia de Covid-19.","og_url":"https:\/\/apublica.org\/impeachment-bolsonaro\/pedido-0120\/","og_site_name":"Os pedidos de impeachment de Bolsonaro","article_published_time":"2021-05-25T18:00:00+00:00","article_modified_time":"2022-05-28T02:05:40+00:00","og_image":[{"width":1024,"height":768,"url":"https:\/\/apublica.org\/impeachment-bolsonaro\/wp-content\/uploads\/2021\/05\/pedido120-capa-alan-santos-pr.jpg","type":"image\/jpeg"}],"author":"Laura Scofield","twitter_card":"summary_large_image","twitter_title":"Xuxa, Felipe Neto, Porchat e padre J\u00falio Lancelotti se unem para pedir impeachment Pedido 0120 Os pedidos de impeachment de Bolsonaro","twitter_misc":{"Escrito por":"Laura Scofield","Est. tempo de leitura":"2 minutos","Written by":"Laura Scofield"},"schema":{"@context":"https:\/\/schema.org","@graph":[{"@type":"Article","@id":"https:\/\/apublica.org\/impeachment-bolsonaro\/pedido-0120\/#article","isPartOf":{"@id":"https:\/\/apublica.org\/impeachment-bolsonaro\/pedido-0120\/"},"author":{"name":"Laura Scofield","@id":"https:\/\/apublica.org\/impeachment-bolsonaro\/#\/schema\/person\/16aad31613529a99d0796d173eb2b2f7"},"headline":"Pedido 0120","datePublished":"2021-05-25T18:00:00+00:00","dateModified":"2022-05-28T02:05:40+00:00","mainEntityOfPage":{"@id":"https:\/\/apublica.org\/impeachment-bolsonaro\/pedido-0120\/"},"wordCount":348,"image":{"@id":"https:\/\/apublica.org\/impeachment-bolsonaro\/pedido-0120\/#primaryimage"},"thumbnailUrl":"https:\/\/i0.wp.com\/apublica.org\/impeachment-bolsonaro\/wp-content\/uploads\/2021\/05\/pedido120-capa-alan-santos-pr.jpg?fit=1024%2C768&ssl=1","keywords":["coronav\u00edrus","direitos humanos","improbidade administrativa","povos ind\u00edgenas","quebra de decoro","sa\u00fade","vacina"],"inLanguage":"pt-BR"},{"@type":"WebPage","@id":"https:\/\/apublica.org\/impeachment-bolsonaro\/pedido-0120\/","url":"https:\/\/apublica.org\/impeachment-bolsonaro\/pedido-0120\/","name":"Pedido 0120 - Os pedidos de impeachment de Bolsonaro","isPartOf":{"@id":"https:\/\/apublica.org\/impeachment-bolsonaro\/#website"},"primaryImageOfPage":{"@id":"https:\/\/apublica.org\/impeachment-bolsonaro\/pedido-0120\/#primaryimage"},"image":{"@id":"https:\/\/apublica.org\/impeachment-bolsonaro\/pedido-0120\/#primaryimage"},"thumbnailUrl":"https:\/\/i0.wp.com\/apublica.org\/impeachment-bolsonaro\/wp-content\/uploads\/2021\/05\/pedido120-capa-alan-santos-pr.jpg?fit=1024%2C768&ssl=1","datePublished":"2021-05-25T18:00:00+00:00","dateModified":"2022-05-28T02:05:40+00:00","author":{"@id":"https:\/\/apublica.org\/impeachment-bolsonaro\/#\/schema\/person\/16aad31613529a99d0796d173eb2b2f7"},"description":"O pedido 0120 \u00e9 assinado pelo Movimento Vidas Brasileiras e focaliza a gest\u00e3o de Jair Bolsonaro da pandemia de Covid-19.","breadcrumb":{"@id":"https:\/\/apublica.org\/impeachment-bolsonaro\/pedido-0120\/#breadcrumb"},"inLanguage":"pt-BR","potentialAction":[{"@type":"ReadAction","target":["https:\/\/apublica.org\/impeachment-bolsonaro\/pedido-0120\/"]}]},{"@type":"ImageObject","inLanguage":"pt-BR","@id":"https:\/\/apublica.org\/impeachment-bolsonaro\/pedido-0120\/#primaryimage","url":"https:\/\/i0.wp.com\/apublica.org\/impeachment-bolsonaro\/wp-content\/uploads\/2021\/05\/pedido120-capa-alan-santos-pr.jpg?fit=1024%2C768&ssl=1","contentUrl":"https:\/\/i0.wp.com\/apublica.org\/impeachment-bolsonaro\/wp-content\/uploads\/2021\/05\/pedido120-capa-alan-santos-pr.jpg?fit=1024%2C768&ssl=1","width":1024,"height":768},{"@type":"BreadcrumbList","@id":"https:\/\/apublica.org\/impeachment-bolsonaro\/pedido-0120\/#breadcrumb","itemListElement":[{"@type":"ListItem","position":1,"name":"In\u00edcio","item":"https:\/\/apublica.org\/impeachment-bolsonaro\/"},{"@type":"ListItem","position":2,"name":"Pedido 0120"}]},{"@type":"WebSite","@id":"https:\/\/apublica.org\/impeachment-bolsonaro\/#website","url":"https:\/\/apublica.org\/impeachment-bolsonaro\/","name":"Os pedidos de impeachment de Bolsonaro","description":"","potentialAction":[{"@type":"SearchAction","target":{"@type":"EntryPoint","urlTemplate":"https:\/\/apublica.org\/impeachment-bolsonaro\/?s={search_term_string}"},"query-input":{"@type":"PropertyValueSpecification","valueRequired":true,"valueName":"search_term_string"}}],"inLanguage":"pt-BR"},{"@type":"Person","@id":"https:\/\/apublica.org\/impeachment-bolsonaro\/#\/schema\/person\/16aad31613529a99d0796d173eb2b2f7","name":"Laura Scofield","image":{"@type":"ImageObject","inLanguage":"pt-BR","@id":"https:\/\/secure.gravatar.com\/avatar\/d1b96b430079847bc46acd129c4c10a79b053ccd4da6177e0ac83288aba8f24a?s=96&d=mm&r=g9a4c765220b5e2dfef2f7002b37fa836","url":"https:\/\/secure.gravatar.com\/avatar\/d1b96b430079847bc46acd129c4c10a79b053ccd4da6177e0ac83288aba8f24a?s=96&d=mm&r=g","contentUrl":"https:\/\/secure.gravatar.com\/avatar\/d1b96b430079847bc46acd129c4c10a79b053ccd4da6177e0ac83288aba8f24a?s=96&d=mm&r=g","caption":"Laura Scofield"},"description":"Jornalista formada pela Escola de Comunica\u00e7\u00f5es e Artes da Universidade de S\u00e3o Paulo (ECA-USP) com pesquisa sobre migra\u00e7\u00e3o indocumentada de brasileiros para os Estados Unidos. Colabora com a OBOR\u00c9 Projetos Especiais e \u00e9 ex-diretora de cultura da Jornalismo J\u00fanior. Come\u00e7ou na Ag\u00eancia P\u00fablica em mar\u00e7o de 2020 como estagi\u00e1ria de reda\u00e7\u00e3o do n\u00facleo de pol\u00edtica e redes sociais e desde janeiro de 2022 \u00e9 rep\u00f3rter do n\u00facleo de clima. Trabalhos premiados pelo Pr\u00eamio Intercom Sudeste 2021 e 12\u00ba Pr\u00eamio Jovem Jornalista Fernando Pacheco Jord\u00e3o 2020.","url":"https:\/\/apublica.org\/impeachment-bolsonaro\/author\/laurascofield\/"}]}},"jetpack_featured_media_url":"https:\/\/i0.wp.com\/apublica.org\/impeachment-bolsonaro\/wp-content\/uploads\/2021\/05\/pedido120-capa-alan-santos-pr.jpg?fit=1024%2C768&ssl=1","jetpack_sharing_enabled":true,"_links":{"self":[{"href":"https:\/\/apublica.org\/impeachment-bolsonaro\/wp-json\/wp\/v2\/posts\/2844","targetHints":{"allow":["GET"]}}],"collection":[{"href":"https:\/\/apublica.org\/impeachment-bolsonaro\/wp-json\/wp\/v2\/posts"}],"about":[{"href":"https:\/\/apublica.org\/impeachment-bolsonaro\/wp-json\/wp\/v2\/types\/post"}],"author":[{"embeddable":true,"href":"https:\/\/apublica.org\/impeachment-bolsonaro\/wp-json\/wp\/v2\/users\/29"}],"replies":[{"embeddable":true,"href":"https:\/\/apublica.org\/impeachment-bolsonaro\/wp-json\/wp\/v2\/comments?post=2844"}],"version-history":[{"count":1,"href":"https:\/\/apublica.org\/impeachment-bolsonaro\/wp-json\/wp\/v2\/posts\/2844\/revisions"}],"predecessor-version":[{"id":3341,"href":"https:\/\/apublica.org\/impeachment-bolsonaro\/wp-json\/wp\/v2\/posts\/2844\/revisions\/3341"}],"wp:featuredmedia":[{"embeddable":true,"href":"https:\/\/apublica.org\/impeachment-bolsonaro\/wp-json\/wp\/v2\/media\/2164"}],"wp:attachment":[{"href":"https:\/\/apublica.org\/impeachment-bolsonaro\/wp-json\/wp\/v2\/media?parent=2844"}],"wp:term":[{"taxonomy":"category","embeddable":true,"href":"https:\/\/apublica.org\/impeachment-bolsonaro\/wp-json\/wp\/v2\/categories?post=2844"},{"taxonomy":"post_tag","embeddable":true,"href":"https:\/\/apublica.org\/impeachment-bolsonaro\/wp-json\/wp\/v2\/tags?post=2844"},{"taxonomy":"author","embeddable":true,"href":"https:\/\/apublica.org\/impeachment-bolsonaro\/wp-json\/wp\/v2\/coauthors?post=2844"}],"curies":[{"name":"wp","href":"https:\/\/api.w.org\/{rel}","templated":true}]}}