{"id":2858,"date":"2021-08-06T16:39:00","date_gmt":"2021-08-06T19:39:00","guid":{"rendered":"https:\/\/apublica.org\/impeachment-bolsonaro.new\/pedido-0133\/"},"modified":"2022-05-27T23:07:15","modified_gmt":"2022-05-28T02:07:15","slug":"pedido-0133","status":"publish","type":"post","link":"https:\/\/apublica.org\/impeachment-bolsonaro\/pedido-0133\/","title":{"rendered":"Pedido 0133"},"content":{"rendered":"\n<p>O advogado Paulo S\u00e9rgio de Albuquerque Coelho Filho protocolou o 133\u00ba pedido de impeachment contra Jair Bolsonaro no dia 6 de agosto de 2021. Ele denuncia Bolsonaro por amea\u00e7ar o processo eleitoral brasileiro.&nbsp;<\/p>\n\n\n\n<p>A pe\u00e7a elenca tr\u00eas declara\u00e7\u00f5es do presidente nas quais ele sugere que n\u00e3o haver\u00e1 elei\u00e7\u00f5es em 2022. A primeira delas foi no dia 6 de maio de 2021, quando Bolsonaro disse durante live que &#8220;sem voto impresso n\u00e3o haver\u00e1 elei\u00e7\u00f5es&#8221;. A segunda foi no dia 8 de julho de 2021, em discurso na frente do Pal\u00e1cio do Alvorada. Na mais recente, no dia 1\u00ba de agosto, o presidente disse que &#8220;sem elei\u00e7\u00f5es limpas e democr\u00e1ticas n\u00e3o haver\u00e1 elei\u00e7\u00f5es&#8221;. O documento ainda cita declara\u00e7\u00e3o de interlocutor do ministro da defesa, Walter Braga Neto, revelada pelo jornal O Estado de S. Paulo, na qual ele diz que &#8220;n\u00e3o haveria elei\u00e7\u00f5es em 2022 se n\u00e3o houvesse voto impresso e audit\u00e1vel.&#8221;<\/p>\n\n\n\n<p>O proponente ressalta que o artigo 7\u00ba da Lei de Impeachment (1079\/50), em seu item 1, tipifica como crime de responsabilidade &#8220;impedir por viol\u00eancia, amea\u00e7a ou corrup\u00e7\u00e3o o livre exerc\u00edcio do voto&#8221;.&nbsp;<\/p>\n\n\n\n<p>Al\u00e9m disso, apesar de ter apresentado a den\u00fancia \u00e0 C\u00e2mara dos Deputados, o advogado pede que o documento seja apreciado pelo vice-presidente da Casa e n\u00e3o pelo presidente, conforme protocolo. Ele justifica que Arthur Lira (PP), atual presidente, estaria impedido de apreciar o pedido, uma vez que seria testemunha da declara\u00e7\u00e3o proferida por interlocutor do Ministro da Defesa e, por isso, inapto a julgar o processo.\u00a0<\/p>\n\n\n\n<p>Assim, pede pela abertura de processo de impeachment por parte do vice-presidente da C\u00e2mara, deputado Marcelo Ramos (PL\/AM), e elenca como testemunhas o atual presidente, Arthur Lira; o ministro da Defesa, Walter Braga Netto; o chefe de gabinete institucional de seguran\u00e7a do presidente, Augusto Heleno,; e os generais Fernando Azevedo e Silva e Edsol Leal Pujol.&nbsp;<\/p>\n","protected":false},"excerpt":{"rendered":"<p>O advogado Paulo S\u00e9rgio de Albuquerque Coelho Filho protocolou o 133\u00ba pedido de impeachment contra Jair Bolsonaro no dia 6 de agosto de 2021. Ele denuncia Bolsonaro por amea\u00e7ar o processo eleitoral brasileiro.&nbsp; A pe\u00e7a elenca tr\u00eas declara\u00e7\u00f5es do presidente nas quais ele sugere que n\u00e3o haver\u00e1 elei\u00e7\u00f5es em 2022. A primeira delas foi no<\/p>\n","protected":false},"author":22,"featured_media":2464,"comment_status":"closed","ping_status":"closed","sticky":false,"template":"","format":"standard","meta":{"_acf_changed":false,"_jetpack_memberships_contains_paid_content":false,"footnotes":""},"categories":[1],"tags":[50,51],"coauthors":[],"class_list":["post-2858","post","type-post","status-publish","format-standard","has-post-thumbnail","hentry","category-sem-categoria","tag-eleicoes","tag-voto-impresso"],"acf":[],"yoast_head":"<!-- This site is optimized with the Yoast SEO plugin v27.4 - https:\/\/yoast.com\/product\/yoast-seo-wordpress\/ -->\n<title>Pedido 0133 - Os pedidos de impeachment de Bolsonaro<\/title>\n<meta name=\"robots\" content=\"index, follow, max-snippet:-1, max-image-preview:large, max-video-preview:-1\" \/>\n<link rel=\"canonical\" href=\"https:\/\/apublica.org\/impeachment-bolsonaro\/pedido-0133\/\" \/>\n<meta property=\"og:locale\" content=\"pt_BR\" \/>\n<meta property=\"og:type\" content=\"article\" \/>\n<meta property=\"og:title\" content=\"Pedido 0133 - Os pedidos de impeachment de Bolsonaro\" \/>\n<meta property=\"og:description\" content=\"O advogado Paulo S\u00e9rgio de Albuquerque Coelho Filho protocolou o 133\u00ba pedido de impeachment contra Jair Bolsonaro no dia 6 de agosto de 2021. Ele denuncia Bolsonaro por amea\u00e7ar o processo eleitoral brasileiro.&nbsp; A pe\u00e7a elenca tr\u00eas declara\u00e7\u00f5es do presidente nas quais ele sugere que n\u00e3o haver\u00e1 elei\u00e7\u00f5es em 2022. A primeira delas foi no\" \/>\n<meta property=\"og:url\" content=\"https:\/\/apublica.org\/impeachment-bolsonaro\/pedido-0133\/\" \/>\n<meta property=\"og:site_name\" content=\"Os pedidos de impeachment de Bolsonaro\" \/>\n<meta property=\"article:published_time\" content=\"2021-08-06T19:39:00+00:00\" \/>\n<meta property=\"article:modified_time\" content=\"2022-05-28T02:07:15+00:00\" \/>\n<meta property=\"og:image\" content=\"https:\/\/apublica.org\/impeachment-bolsonaro\/wp-content\/uploads\/2021\/08\/urna.jpg\" \/>\n\t<meta property=\"og:image:width\" content=\"860\" \/>\n\t<meta property=\"og:image:height\" content=\"460\" \/>\n\t<meta property=\"og:image:type\" content=\"image\/jpeg\" \/>\n<meta name=\"author\" content=\"Ethel Rudnitzki\" \/>\n<meta name=\"twitter:card\" content=\"summary_large_image\" \/>\n<meta name=\"twitter:title\" content=\"Advogado pede impeachment de Bolsonaro por amea\u00e7as \u00e0s elei\u00e7\u00f5es Pedido 0133\" \/>\n<meta name=\"twitter:label1\" content=\"Escrito por\" \/>\n\t<meta name=\"twitter:data1\" content=\"Ethel Rudnitzki\" \/>\n\t<meta name=\"twitter:label2\" content=\"Est. tempo de leitura\" \/>\n\t<meta name=\"twitter:data2\" content=\"2 minutos\" \/>\n\t<meta name=\"twitter:label3\" content=\"Written by\" \/>\n\t<meta name=\"twitter:data3\" content=\"Ethel Rudnitzki\" \/>\n<script type=\"application\/ld+json\" class=\"yoast-schema-graph\">{\"@context\":\"https:\\\/\\\/schema.org\",\"@graph\":[{\"@type\":\"Article\",\"@id\":\"https:\\\/\\\/apublica.org\\\/impeachment-bolsonaro\\\/pedido-0133\\\/#article\",\"isPartOf\":{\"@id\":\"https:\\\/\\\/apublica.org\\\/impeachment-bolsonaro\\\/pedido-0133\\\/\"},\"author\":{\"name\":\"Ethel Rudnitzki\",\"@id\":\"https:\\\/\\\/apublica.org\\\/impeachment-bolsonaro\\\/#\\\/schema\\\/person\\\/f28bcddd48c7d8a349d50b07e1af0146\"},\"headline\":\"Pedido 0133\",\"datePublished\":\"2021-08-06T19:39:00+00:00\",\"dateModified\":\"2022-05-28T02:07:15+00:00\",\"mainEntityOfPage\":{\"@id\":\"https:\\\/\\\/apublica.org\\\/impeachment-bolsonaro\\\/pedido-0133\\\/\"},\"wordCount\":325,\"image\":{\"@id\":\"https:\\\/\\\/apublica.org\\\/impeachment-bolsonaro\\\/pedido-0133\\\/#primaryimage\"},\"thumbnailUrl\":\"https:\\\/\\\/i0.wp.com\\\/apublica.org\\\/impeachment-bolsonaro\\\/wp-content\\\/uploads\\\/2021\\\/08\\\/urna.jpg?fit=860%2C460&ssl=1\",\"keywords\":[\"elei\u00e7\u00f5es\",\"voto impresso\"],\"inLanguage\":\"pt-BR\"},{\"@type\":\"WebPage\",\"@id\":\"https:\\\/\\\/apublica.org\\\/impeachment-bolsonaro\\\/pedido-0133\\\/\",\"url\":\"https:\\\/\\\/apublica.org\\\/impeachment-bolsonaro\\\/pedido-0133\\\/\",\"name\":\"Pedido 0133 - Os pedidos de impeachment de Bolsonaro\",\"isPartOf\":{\"@id\":\"https:\\\/\\\/apublica.org\\\/impeachment-bolsonaro\\\/#website\"},\"primaryImageOfPage\":{\"@id\":\"https:\\\/\\\/apublica.org\\\/impeachment-bolsonaro\\\/pedido-0133\\\/#primaryimage\"},\"image\":{\"@id\":\"https:\\\/\\\/apublica.org\\\/impeachment-bolsonaro\\\/pedido-0133\\\/#primaryimage\"},\"thumbnailUrl\":\"https:\\\/\\\/i0.wp.com\\\/apublica.org\\\/impeachment-bolsonaro\\\/wp-content\\\/uploads\\\/2021\\\/08\\\/urna.jpg?fit=860%2C460&ssl=1\",\"datePublished\":\"2021-08-06T19:39:00+00:00\",\"dateModified\":\"2022-05-28T02:07:15+00:00\",\"author\":{\"@id\":\"https:\\\/\\\/apublica.org\\\/impeachment-bolsonaro\\\/#\\\/schema\\\/person\\\/f28bcddd48c7d8a349d50b07e1af0146\"},\"breadcrumb\":{\"@id\":\"https:\\\/\\\/apublica.org\\\/impeachment-bolsonaro\\\/pedido-0133\\\/#breadcrumb\"},\"inLanguage\":\"pt-BR\",\"potentialAction\":[{\"@type\":\"ReadAction\",\"target\":[\"https:\\\/\\\/apublica.org\\\/impeachment-bolsonaro\\\/pedido-0133\\\/\"]}]},{\"@type\":\"ImageObject\",\"inLanguage\":\"pt-BR\",\"@id\":\"https:\\\/\\\/apublica.org\\\/impeachment-bolsonaro\\\/pedido-0133\\\/#primaryimage\",\"url\":\"https:\\\/\\\/i0.wp.com\\\/apublica.org\\\/impeachment-bolsonaro\\\/wp-content\\\/uploads\\\/2021\\\/08\\\/urna.jpg?fit=860%2C460&ssl=1\",\"contentUrl\":\"https:\\\/\\\/i0.wp.com\\\/apublica.org\\\/impeachment-bolsonaro\\\/wp-content\\\/uploads\\\/2021\\\/08\\\/urna.jpg?fit=860%2C460&ssl=1\",\"width\":860,\"height\":460,\"caption\":\"urna eletr\u00f4nica\"},{\"@type\":\"BreadcrumbList\",\"@id\":\"https:\\\/\\\/apublica.org\\\/impeachment-bolsonaro\\\/pedido-0133\\\/#breadcrumb\",\"itemListElement\":[{\"@type\":\"ListItem\",\"position\":1,\"name\":\"In\u00edcio\",\"item\":\"https:\\\/\\\/apublica.org\\\/impeachment-bolsonaro\\\/\"},{\"@type\":\"ListItem\",\"position\":2,\"name\":\"Pedido 0133\"}]},{\"@type\":\"WebSite\",\"@id\":\"https:\\\/\\\/apublica.org\\\/impeachment-bolsonaro\\\/#website\",\"url\":\"https:\\\/\\\/apublica.org\\\/impeachment-bolsonaro\\\/\",\"name\":\"Os pedidos de impeachment de Bolsonaro\",\"description\":\"\",\"potentialAction\":[{\"@type\":\"SearchAction\",\"target\":{\"@type\":\"EntryPoint\",\"urlTemplate\":\"https:\\\/\\\/apublica.org\\\/impeachment-bolsonaro\\\/?s={search_term_string}\"},\"query-input\":{\"@type\":\"PropertyValueSpecification\",\"valueRequired\":true,\"valueName\":\"search_term_string\"}}],\"inLanguage\":\"pt-BR\"},{\"@type\":\"Person\",\"@id\":\"https:\\\/\\\/apublica.org\\\/impeachment-bolsonaro\\\/#\\\/schema\\\/person\\\/f28bcddd48c7d8a349d50b07e1af0146\",\"name\":\"Ethel Rudnitzki\",\"image\":{\"@type\":\"ImageObject\",\"inLanguage\":\"pt-BR\",\"@id\":\"https:\\\/\\\/secure.gravatar.com\\\/avatar\\\/6a4ef2ec842268bf117c7866158f15821e46c42d2debc46677ad776e794ab786?s=96&d=mm&r=g64b25c309118ef2f9c2b642ad1ff43e5\",\"url\":\"https:\\\/\\\/secure.gravatar.com\\\/avatar\\\/6a4ef2ec842268bf117c7866158f15821e46c42d2debc46677ad776e794ab786?s=96&d=mm&r=g\",\"contentUrl\":\"https:\\\/\\\/secure.gravatar.com\\\/avatar\\\/6a4ef2ec842268bf117c7866158f15821e46c42d2debc46677ad776e794ab786?s=96&d=mm&r=g\",\"caption\":\"Ethel Rudnitzki\"},\"description\":\"Formada em jornalismo pela Escola de Comunica\u00e7\u00f5es e Artes da USP. Realizou interc\u00e2mbio acad\u00eamico na Universidade de Coimbra em Portugal, onde estudou jornalismo com especializa\u00e7\u00e3o em Estudos Europeus. Trabalhou tamb\u00e9m como editora e rep\u00f3rter da Revista Vira\u00e7\u00e3o e do portal Ag\u00eancia Jovem de Not\u00edcias, participando de coberturas e eventos internacionais como a Terceira Confer\u00eancia das Na\u00e7\u00f5es Unidas sobre Moradia e Desenvolvimento Urbano Sustent\u00e1vel e a 22\u00aa Confer\u00eancia das Partes sobre Mudan\u00e7a do Clima. Na P\u00fablica, fez parte do Truco \u2013 projeto de fact-checking \u2013 durante as elei\u00e7\u00f5es de 2018, e produz reportagens sobre redes sociais e desinforma\u00e7\u00e3o.\",\"url\":\"https:\\\/\\\/apublica.org\\\/impeachment-bolsonaro\\\/author\\\/ethelrudnitzki\\\/\"}]}<\/script>\n<!-- \/ Yoast SEO plugin. -->","yoast_head_json":{"title":"Pedido 0133 - Os pedidos de impeachment de Bolsonaro","robots":{"index":"index","follow":"follow","max-snippet":"max-snippet:-1","max-image-preview":"max-image-preview:large","max-video-preview":"max-video-preview:-1"},"canonical":"https:\/\/apublica.org\/impeachment-bolsonaro\/pedido-0133\/","og_locale":"pt_BR","og_type":"article","og_title":"Pedido 0133 - Os pedidos de impeachment de Bolsonaro","og_description":"O advogado Paulo S\u00e9rgio de Albuquerque Coelho Filho protocolou o 133\u00ba pedido de impeachment contra Jair Bolsonaro no dia 6 de agosto de 2021. Ele denuncia Bolsonaro por amea\u00e7ar o processo eleitoral brasileiro.&nbsp; A pe\u00e7a elenca tr\u00eas declara\u00e7\u00f5es do presidente nas quais ele sugere que n\u00e3o haver\u00e1 elei\u00e7\u00f5es em 2022. A primeira delas foi no","og_url":"https:\/\/apublica.org\/impeachment-bolsonaro\/pedido-0133\/","og_site_name":"Os pedidos de impeachment de Bolsonaro","article_published_time":"2021-08-06T19:39:00+00:00","article_modified_time":"2022-05-28T02:07:15+00:00","og_image":[{"width":860,"height":460,"url":"https:\/\/apublica.org\/impeachment-bolsonaro\/wp-content\/uploads\/2021\/08\/urna.jpg","type":"image\/jpeg"}],"author":"Ethel Rudnitzki","twitter_card":"summary_large_image","twitter_title":"Advogado pede impeachment de Bolsonaro por amea\u00e7as \u00e0s elei\u00e7\u00f5es Pedido 0133","twitter_misc":{"Escrito por":"Ethel Rudnitzki","Est. tempo de leitura":"2 minutos","Written by":"Ethel Rudnitzki"},"schema":{"@context":"https:\/\/schema.org","@graph":[{"@type":"Article","@id":"https:\/\/apublica.org\/impeachment-bolsonaro\/pedido-0133\/#article","isPartOf":{"@id":"https:\/\/apublica.org\/impeachment-bolsonaro\/pedido-0133\/"},"author":{"name":"Ethel Rudnitzki","@id":"https:\/\/apublica.org\/impeachment-bolsonaro\/#\/schema\/person\/f28bcddd48c7d8a349d50b07e1af0146"},"headline":"Pedido 0133","datePublished":"2021-08-06T19:39:00+00:00","dateModified":"2022-05-28T02:07:15+00:00","mainEntityOfPage":{"@id":"https:\/\/apublica.org\/impeachment-bolsonaro\/pedido-0133\/"},"wordCount":325,"image":{"@id":"https:\/\/apublica.org\/impeachment-bolsonaro\/pedido-0133\/#primaryimage"},"thumbnailUrl":"https:\/\/i0.wp.com\/apublica.org\/impeachment-bolsonaro\/wp-content\/uploads\/2021\/08\/urna.jpg?fit=860%2C460&ssl=1","keywords":["elei\u00e7\u00f5es","voto impresso"],"inLanguage":"pt-BR"},{"@type":"WebPage","@id":"https:\/\/apublica.org\/impeachment-bolsonaro\/pedido-0133\/","url":"https:\/\/apublica.org\/impeachment-bolsonaro\/pedido-0133\/","name":"Pedido 0133 - Os pedidos de impeachment de Bolsonaro","isPartOf":{"@id":"https:\/\/apublica.org\/impeachment-bolsonaro\/#website"},"primaryImageOfPage":{"@id":"https:\/\/apublica.org\/impeachment-bolsonaro\/pedido-0133\/#primaryimage"},"image":{"@id":"https:\/\/apublica.org\/impeachment-bolsonaro\/pedido-0133\/#primaryimage"},"thumbnailUrl":"https:\/\/i0.wp.com\/apublica.org\/impeachment-bolsonaro\/wp-content\/uploads\/2021\/08\/urna.jpg?fit=860%2C460&ssl=1","datePublished":"2021-08-06T19:39:00+00:00","dateModified":"2022-05-28T02:07:15+00:00","author":{"@id":"https:\/\/apublica.org\/impeachment-bolsonaro\/#\/schema\/person\/f28bcddd48c7d8a349d50b07e1af0146"},"breadcrumb":{"@id":"https:\/\/apublica.org\/impeachment-bolsonaro\/pedido-0133\/#breadcrumb"},"inLanguage":"pt-BR","potentialAction":[{"@type":"ReadAction","target":["https:\/\/apublica.org\/impeachment-bolsonaro\/pedido-0133\/"]}]},{"@type":"ImageObject","inLanguage":"pt-BR","@id":"https:\/\/apublica.org\/impeachment-bolsonaro\/pedido-0133\/#primaryimage","url":"https:\/\/i0.wp.com\/apublica.org\/impeachment-bolsonaro\/wp-content\/uploads\/2021\/08\/urna.jpg?fit=860%2C460&ssl=1","contentUrl":"https:\/\/i0.wp.com\/apublica.org\/impeachment-bolsonaro\/wp-content\/uploads\/2021\/08\/urna.jpg?fit=860%2C460&ssl=1","width":860,"height":460,"caption":"urna eletr\u00f4nica"},{"@type":"BreadcrumbList","@id":"https:\/\/apublica.org\/impeachment-bolsonaro\/pedido-0133\/#breadcrumb","itemListElement":[{"@type":"ListItem","position":1,"name":"In\u00edcio","item":"https:\/\/apublica.org\/impeachment-bolsonaro\/"},{"@type":"ListItem","position":2,"name":"Pedido 0133"}]},{"@type":"WebSite","@id":"https:\/\/apublica.org\/impeachment-bolsonaro\/#website","url":"https:\/\/apublica.org\/impeachment-bolsonaro\/","name":"Os pedidos de impeachment de Bolsonaro","description":"","potentialAction":[{"@type":"SearchAction","target":{"@type":"EntryPoint","urlTemplate":"https:\/\/apublica.org\/impeachment-bolsonaro\/?s={search_term_string}"},"query-input":{"@type":"PropertyValueSpecification","valueRequired":true,"valueName":"search_term_string"}}],"inLanguage":"pt-BR"},{"@type":"Person","@id":"https:\/\/apublica.org\/impeachment-bolsonaro\/#\/schema\/person\/f28bcddd48c7d8a349d50b07e1af0146","name":"Ethel Rudnitzki","image":{"@type":"ImageObject","inLanguage":"pt-BR","@id":"https:\/\/secure.gravatar.com\/avatar\/6a4ef2ec842268bf117c7866158f15821e46c42d2debc46677ad776e794ab786?s=96&d=mm&r=g64b25c309118ef2f9c2b642ad1ff43e5","url":"https:\/\/secure.gravatar.com\/avatar\/6a4ef2ec842268bf117c7866158f15821e46c42d2debc46677ad776e794ab786?s=96&d=mm&r=g","contentUrl":"https:\/\/secure.gravatar.com\/avatar\/6a4ef2ec842268bf117c7866158f15821e46c42d2debc46677ad776e794ab786?s=96&d=mm&r=g","caption":"Ethel Rudnitzki"},"description":"Formada em jornalismo pela Escola de Comunica\u00e7\u00f5es e Artes da USP. Realizou interc\u00e2mbio acad\u00eamico na Universidade de Coimbra em Portugal, onde estudou jornalismo com especializa\u00e7\u00e3o em Estudos Europeus. Trabalhou tamb\u00e9m como editora e rep\u00f3rter da Revista Vira\u00e7\u00e3o e do portal Ag\u00eancia Jovem de Not\u00edcias, participando de coberturas e eventos internacionais como a Terceira Confer\u00eancia das Na\u00e7\u00f5es Unidas sobre Moradia e Desenvolvimento Urbano Sustent\u00e1vel e a 22\u00aa Confer\u00eancia das Partes sobre Mudan\u00e7a do Clima. Na P\u00fablica, fez parte do Truco \u2013 projeto de fact-checking \u2013 durante as elei\u00e7\u00f5es de 2018, e produz reportagens sobre redes sociais e desinforma\u00e7\u00e3o.","url":"https:\/\/apublica.org\/impeachment-bolsonaro\/author\/ethelrudnitzki\/"}]}},"jetpack_featured_media_url":"https:\/\/i0.wp.com\/apublica.org\/impeachment-bolsonaro\/wp-content\/uploads\/2021\/08\/urna.jpg?fit=860%2C460&ssl=1","jetpack_sharing_enabled":true,"_links":{"self":[{"href":"https:\/\/apublica.org\/impeachment-bolsonaro\/wp-json\/wp\/v2\/posts\/2858","targetHints":{"allow":["GET"]}}],"collection":[{"href":"https:\/\/apublica.org\/impeachment-bolsonaro\/wp-json\/wp\/v2\/posts"}],"about":[{"href":"https:\/\/apublica.org\/impeachment-bolsonaro\/wp-json\/wp\/v2\/types\/post"}],"author":[{"embeddable":true,"href":"https:\/\/apublica.org\/impeachment-bolsonaro\/wp-json\/wp\/v2\/users\/22"}],"replies":[{"embeddable":true,"href":"https:\/\/apublica.org\/impeachment-bolsonaro\/wp-json\/wp\/v2\/comments?post=2858"}],"version-history":[{"count":1,"href":"https:\/\/apublica.org\/impeachment-bolsonaro\/wp-json\/wp\/v2\/posts\/2858\/revisions"}],"predecessor-version":[{"id":3328,"href":"https:\/\/apublica.org\/impeachment-bolsonaro\/wp-json\/wp\/v2\/posts\/2858\/revisions\/3328"}],"wp:featuredmedia":[{"embeddable":true,"href":"https:\/\/apublica.org\/impeachment-bolsonaro\/wp-json\/wp\/v2\/media\/2464"}],"wp:attachment":[{"href":"https:\/\/apublica.org\/impeachment-bolsonaro\/wp-json\/wp\/v2\/media?parent=2858"}],"wp:term":[{"taxonomy":"category","embeddable":true,"href":"https:\/\/apublica.org\/impeachment-bolsonaro\/wp-json\/wp\/v2\/categories?post=2858"},{"taxonomy":"post_tag","embeddable":true,"href":"https:\/\/apublica.org\/impeachment-bolsonaro\/wp-json\/wp\/v2\/tags?post=2858"},{"taxonomy":"author","embeddable":true,"href":"https:\/\/apublica.org\/impeachment-bolsonaro\/wp-json\/wp\/v2\/coauthors?post=2858"}],"curies":[{"name":"wp","href":"https:\/\/api.w.org\/{rel}","templated":true}]}}