{"id":2867,"date":"2021-11-23T20:40:19","date_gmt":"2021-11-23T23:40:19","guid":{"rendered":"https:\/\/apublica.org\/impeachment-bolsonaro.new\/pedido-0141\/"},"modified":"2022-05-27T23:08:12","modified_gmt":"2022-05-28T02:08:12","slug":"pedido-0141","status":"publish","type":"post","link":"https:\/\/apublica.org\/impeachment-bolsonaro\/pedido-0141\/","title":{"rendered":"Pedido 0141"},"content":{"rendered":"\n<p>O estudante de direito paulista, Vinicius Alonso Ribeiro, 20 anos, protocolou, em 23 de novembro, o pedido 141 de impeachment contra o presidente Jair Bolsonaro. O documento elenca diversos crimes de responsabilidade que teriam sido cometidos pelo chefe do Executivo, divididos por se\u00e7\u00f5es como \u201cPandemia\u201d, \u201cLobby contra a vacina\u00e7\u00e3o\u201d, \u201cAcusa\u00e7\u00f5es de genoc\u00eddio\u201d, \u201cDegrada\u00e7\u00e3o ambiental\u201d e \u201cAtaques \u00e0 democracia\u201d.&nbsp;<\/p>\n\n\n\n<p>Para exemplificar as acusa\u00e7\u00f5es apontadas nas tr\u00eas primeiras se\u00e7\u00f5es, Ribeiro cita a\u00e7\u00f5es e falas do presidente durante a pandemia, que \u201cauxiliaram na propaga\u00e7\u00e3o da Covid-19, levando o pa\u00eds a um colapso em seu sistema de sa\u00fade e, concomitantemente, o n\u00famero exorbitante de mortes de cidad\u00e3os brasileiros\u201d.&nbsp;<\/p>\n\n\n\n<p>Na quarta se\u00e7\u00e3o, o estudante ressalta que o Brasil sempre foi uma refer\u00eancia mundial na preserva\u00e7\u00e3o do meio ambiente, \u201ctodavia, com a chegada do governo Bolsonaro, as legisla\u00e7\u00f5es existentes foram desconsideradas e averbadas&#8221;, havendo assim um desmonte da \u00e1rea, principalmente durante o \u00faltimo ano.&nbsp;<\/p>\n\n\n\n<p>Ribeiro tamb\u00e9m afirma no documento que, em meio \u00e0 situa\u00e7\u00e3o ca\u00f3tica provocada pela Covid-19, o presidente ainda teria atacado as institui\u00e7\u00f5es nacionais, demonstrando o \u201ctotal desrespeito com a democracia brasileira\u201d.<\/p>\n","protected":false},"excerpt":{"rendered":"<p>O estudante de direito paulista, Vinicius Alonso Ribeiro, 20 anos, protocolou, em 23 de novembro, o pedido 141 de impeachment contra o presidente Jair Bolsonaro. O documento elenca diversos crimes de responsabilidade que teriam sido cometidos pelo chefe do Executivo, divididos por se\u00e7\u00f5es como \u201cPandemia\u201d, \u201cLobby contra a vacina\u00e7\u00e3o\u201d, \u201cAcusa\u00e7\u00f5es de genoc\u00eddio\u201d, \u201cDegrada\u00e7\u00e3o ambiental\u201d e<\/p>\n","protected":false},"author":25,"featured_media":2599,"comment_status":"closed","ping_status":"closed","sticky":false,"template":"","format":"standard","meta":{"_acf_changed":false,"_jetpack_memberships_contains_paid_content":false,"footnotes":""},"categories":[1],"tags":[12,18,37,43],"coauthors":[],"class_list":["post-2867","post","type-post","status-publish","format-standard","has-post-thumbnail","hentry","category-sem-categoria","tag-coronavirus","tag-meio-ambiente","tag-saude","tag-vacina"],"acf":[],"yoast_head":"<!-- This site is optimized with the Yoast SEO plugin v27.4 - https:\/\/yoast.com\/product\/yoast-seo-wordpress\/ -->\n<title>Pedido 0141 - Os pedidos de impeachment de Bolsonaro<\/title>\n<meta name=\"robots\" content=\"index, follow, max-snippet:-1, max-image-preview:large, max-video-preview:-1\" \/>\n<link rel=\"canonical\" href=\"https:\/\/apublica.org\/impeachment-bolsonaro\/pedido-0141\/\" \/>\n<meta property=\"og:locale\" content=\"pt_BR\" \/>\n<meta property=\"og:type\" content=\"article\" \/>\n<meta property=\"og:title\" content=\"Pedido 0141 - Os pedidos de impeachment de Bolsonaro\" \/>\n<meta property=\"og:description\" content=\"O estudante de direito paulista, Vinicius Alonso Ribeiro, 20 anos, protocolou, em 23 de novembro, o pedido 141 de impeachment contra o presidente Jair Bolsonaro. O documento elenca diversos crimes de responsabilidade que teriam sido cometidos pelo chefe do Executivo, divididos por se\u00e7\u00f5es como \u201cPandemia\u201d, \u201cLobby contra a vacina\u00e7\u00e3o\u201d, \u201cAcusa\u00e7\u00f5es de genoc\u00eddio\u201d, \u201cDegrada\u00e7\u00e3o ambiental\u201d e\" \/>\n<meta property=\"og:url\" content=\"https:\/\/apublica.org\/impeachment-bolsonaro\/pedido-0141\/\" \/>\n<meta property=\"og:site_name\" content=\"Os pedidos de impeachment de Bolsonaro\" \/>\n<meta property=\"article:published_time\" content=\"2021-11-23T23:40:19+00:00\" \/>\n<meta property=\"article:modified_time\" content=\"2022-05-28T02:08:12+00:00\" \/>\n<meta property=\"og:image\" content=\"https:\/\/apublica.org\/impeachment-bolsonaro\/wp-content\/uploads\/2021\/11\/pedido-140-capa.jpg\" \/>\n\t<meta property=\"og:image:width\" content=\"1024\" \/>\n\t<meta property=\"og:image:height\" content=\"768\" \/>\n\t<meta property=\"og:image:type\" content=\"image\/jpeg\" \/>\n<meta name=\"author\" content=\"Raphaela Ribeiro\" \/>\n<meta name=\"twitter:card\" content=\"summary_large_image\" \/>\n<meta name=\"twitter:label1\" content=\"Escrito por\" \/>\n\t<meta name=\"twitter:data1\" content=\"Raphaela Ribeiro\" \/>\n\t<meta name=\"twitter:label2\" content=\"Est. tempo de leitura\" \/>\n\t<meta name=\"twitter:data2\" content=\"1 minuto\" \/>\n\t<meta name=\"twitter:label3\" content=\"Written by\" \/>\n\t<meta name=\"twitter:data3\" content=\"Raphaela Ribeiro\" \/>\n<script type=\"application\/ld+json\" class=\"yoast-schema-graph\">{\"@context\":\"https:\\\/\\\/schema.org\",\"@graph\":[{\"@type\":\"Article\",\"@id\":\"https:\\\/\\\/apublica.org\\\/impeachment-bolsonaro\\\/pedido-0141\\\/#article\",\"isPartOf\":{\"@id\":\"https:\\\/\\\/apublica.org\\\/impeachment-bolsonaro\\\/pedido-0141\\\/\"},\"author\":{\"name\":\"Raphaela Ribeiro\",\"@id\":\"https:\\\/\\\/apublica.org\\\/impeachment-bolsonaro\\\/#\\\/schema\\\/person\\\/447f2e09e528135f8f74e277a4b21ab6\"},\"headline\":\"Pedido 0141\",\"datePublished\":\"2021-11-23T23:40:19+00:00\",\"dateModified\":\"2022-05-28T02:08:12+00:00\",\"mainEntityOfPage\":{\"@id\":\"https:\\\/\\\/apublica.org\\\/impeachment-bolsonaro\\\/pedido-0141\\\/\"},\"wordCount\":199,\"image\":{\"@id\":\"https:\\\/\\\/apublica.org\\\/impeachment-bolsonaro\\\/pedido-0141\\\/#primaryimage\"},\"thumbnailUrl\":\"https:\\\/\\\/i0.wp.com\\\/apublica.org\\\/impeachment-bolsonaro\\\/wp-content\\\/uploads\\\/2021\\\/11\\\/pedido-140-capa.jpg?fit=1024%2C768&ssl=1\",\"keywords\":[\"coronav\u00edrus\",\"meio ambiente\",\"sa\u00fade\",\"vacina\"],\"inLanguage\":\"pt-BR\"},{\"@type\":\"WebPage\",\"@id\":\"https:\\\/\\\/apublica.org\\\/impeachment-bolsonaro\\\/pedido-0141\\\/\",\"url\":\"https:\\\/\\\/apublica.org\\\/impeachment-bolsonaro\\\/pedido-0141\\\/\",\"name\":\"Pedido 0141 - Os pedidos de impeachment de Bolsonaro\",\"isPartOf\":{\"@id\":\"https:\\\/\\\/apublica.org\\\/impeachment-bolsonaro\\\/#website\"},\"primaryImageOfPage\":{\"@id\":\"https:\\\/\\\/apublica.org\\\/impeachment-bolsonaro\\\/pedido-0141\\\/#primaryimage\"},\"image\":{\"@id\":\"https:\\\/\\\/apublica.org\\\/impeachment-bolsonaro\\\/pedido-0141\\\/#primaryimage\"},\"thumbnailUrl\":\"https:\\\/\\\/i0.wp.com\\\/apublica.org\\\/impeachment-bolsonaro\\\/wp-content\\\/uploads\\\/2021\\\/11\\\/pedido-140-capa.jpg?fit=1024%2C768&ssl=1\",\"datePublished\":\"2021-11-23T23:40:19+00:00\",\"dateModified\":\"2022-05-28T02:08:12+00:00\",\"author\":{\"@id\":\"https:\\\/\\\/apublica.org\\\/impeachment-bolsonaro\\\/#\\\/schema\\\/person\\\/447f2e09e528135f8f74e277a4b21ab6\"},\"breadcrumb\":{\"@id\":\"https:\\\/\\\/apublica.org\\\/impeachment-bolsonaro\\\/pedido-0141\\\/#breadcrumb\"},\"inLanguage\":\"pt-BR\",\"potentialAction\":[{\"@type\":\"ReadAction\",\"target\":[\"https:\\\/\\\/apublica.org\\\/impeachment-bolsonaro\\\/pedido-0141\\\/\"]}]},{\"@type\":\"ImageObject\",\"inLanguage\":\"pt-BR\",\"@id\":\"https:\\\/\\\/apublica.org\\\/impeachment-bolsonaro\\\/pedido-0141\\\/#primaryimage\",\"url\":\"https:\\\/\\\/i0.wp.com\\\/apublica.org\\\/impeachment-bolsonaro\\\/wp-content\\\/uploads\\\/2021\\\/11\\\/pedido-140-capa.jpg?fit=1024%2C768&ssl=1\",\"contentUrl\":\"https:\\\/\\\/i0.wp.com\\\/apublica.org\\\/impeachment-bolsonaro\\\/wp-content\\\/uploads\\\/2021\\\/11\\\/pedido-140-capa.jpg?fit=1024%2C768&ssl=1\",\"width\":1024,\"height\":768},{\"@type\":\"BreadcrumbList\",\"@id\":\"https:\\\/\\\/apublica.org\\\/impeachment-bolsonaro\\\/pedido-0141\\\/#breadcrumb\",\"itemListElement\":[{\"@type\":\"ListItem\",\"position\":1,\"name\":\"In\u00edcio\",\"item\":\"https:\\\/\\\/apublica.org\\\/impeachment-bolsonaro\\\/\"},{\"@type\":\"ListItem\",\"position\":2,\"name\":\"Pedido 0141\"}]},{\"@type\":\"WebSite\",\"@id\":\"https:\\\/\\\/apublica.org\\\/impeachment-bolsonaro\\\/#website\",\"url\":\"https:\\\/\\\/apublica.org\\\/impeachment-bolsonaro\\\/\",\"name\":\"Os pedidos de impeachment de Bolsonaro\",\"description\":\"\",\"potentialAction\":[{\"@type\":\"SearchAction\",\"target\":{\"@type\":\"EntryPoint\",\"urlTemplate\":\"https:\\\/\\\/apublica.org\\\/impeachment-bolsonaro\\\/?s={search_term_string}\"},\"query-input\":{\"@type\":\"PropertyValueSpecification\",\"valueRequired\":true,\"valueName\":\"search_term_string\"}}],\"inLanguage\":\"pt-BR\"},{\"@type\":\"Person\",\"@id\":\"https:\\\/\\\/apublica.org\\\/impeachment-bolsonaro\\\/#\\\/schema\\\/person\\\/447f2e09e528135f8f74e277a4b21ab6\",\"name\":\"Raphaela Ribeiro\",\"image\":{\"@type\":\"ImageObject\",\"inLanguage\":\"pt-BR\",\"@id\":\"https:\\\/\\\/secure.gravatar.com\\\/avatar\\\/0f1388e71e41b3748e7a585af729e5a61272509d68d1380dba3193a2f847f585?s=96&d=mm&r=ga4b2ab01403aa0df356a7c395d1d605c\",\"url\":\"https:\\\/\\\/secure.gravatar.com\\\/avatar\\\/0f1388e71e41b3748e7a585af729e5a61272509d68d1380dba3193a2f847f585?s=96&d=mm&r=g\",\"contentUrl\":\"https:\\\/\\\/secure.gravatar.com\\\/avatar\\\/0f1388e71e41b3748e7a585af729e5a61272509d68d1380dba3193a2f847f585?s=96&d=mm&r=g\",\"caption\":\"Raphaela Ribeiro\"},\"description\":\"Jornalista formada pela Escola de Jornalismo \u00c9nois, laborat\u00f3rio de jornalismo c\u00edvico que trabalha pela equidade e diversidade na m\u00eddia. J\u00e1 teve reportagens focadas em territ\u00f3rio e g\u00eanero publicadas na Folha, HuffPost Brasil, The Intercept e Revista AzMina. Foi rep\u00f3rter tamb\u00e9m do ChecaZap \u2013 projeto de checagem de informa\u00e7\u00e3o \u2013 nas elei\u00e7\u00f5es de 2018. Al\u00e9m de co-autora da webs\u00e9rie \\\"Comida de Quebrada\\\", adapta\u00e7\u00e3o em audiovisual do \\\"Prato Firmeza\\\", obra finalista do Pr\u00eamio Jabuti 2016. Na P\u00fablica desde 2019, \u00e9 secret\u00e1ria de reda\u00e7\u00e3o. Antes, foi estagi\u00e1ria de reportagem e chegou a participar de coberturas reconhecidas pelo Pr\u00eamio Roche de Jornalismo em Sa\u00fade.\u00a0\",\"url\":\"https:\\\/\\\/apublica.org\\\/impeachment-bolsonaro\\\/author\\\/raphaelaribeiro\\\/\"}]}<\/script>\n<!-- \/ Yoast SEO plugin. -->","yoast_head_json":{"title":"Pedido 0141 - Os pedidos de impeachment de Bolsonaro","robots":{"index":"index","follow":"follow","max-snippet":"max-snippet:-1","max-image-preview":"max-image-preview:large","max-video-preview":"max-video-preview:-1"},"canonical":"https:\/\/apublica.org\/impeachment-bolsonaro\/pedido-0141\/","og_locale":"pt_BR","og_type":"article","og_title":"Pedido 0141 - Os pedidos de impeachment de Bolsonaro","og_description":"O estudante de direito paulista, Vinicius Alonso Ribeiro, 20 anos, protocolou, em 23 de novembro, o pedido 141 de impeachment contra o presidente Jair Bolsonaro. O documento elenca diversos crimes de responsabilidade que teriam sido cometidos pelo chefe do Executivo, divididos por se\u00e7\u00f5es como \u201cPandemia\u201d, \u201cLobby contra a vacina\u00e7\u00e3o\u201d, \u201cAcusa\u00e7\u00f5es de genoc\u00eddio\u201d, \u201cDegrada\u00e7\u00e3o ambiental\u201d e","og_url":"https:\/\/apublica.org\/impeachment-bolsonaro\/pedido-0141\/","og_site_name":"Os pedidos de impeachment de Bolsonaro","article_published_time":"2021-11-23T23:40:19+00:00","article_modified_time":"2022-05-28T02:08:12+00:00","og_image":[{"width":1024,"height":768,"url":"https:\/\/apublica.org\/impeachment-bolsonaro\/wp-content\/uploads\/2021\/11\/pedido-140-capa.jpg","type":"image\/jpeg"}],"author":"Raphaela Ribeiro","twitter_card":"summary_large_image","twitter_misc":{"Escrito por":"Raphaela Ribeiro","Est. tempo de leitura":"1 minuto","Written by":"Raphaela Ribeiro"},"schema":{"@context":"https:\/\/schema.org","@graph":[{"@type":"Article","@id":"https:\/\/apublica.org\/impeachment-bolsonaro\/pedido-0141\/#article","isPartOf":{"@id":"https:\/\/apublica.org\/impeachment-bolsonaro\/pedido-0141\/"},"author":{"name":"Raphaela Ribeiro","@id":"https:\/\/apublica.org\/impeachment-bolsonaro\/#\/schema\/person\/447f2e09e528135f8f74e277a4b21ab6"},"headline":"Pedido 0141","datePublished":"2021-11-23T23:40:19+00:00","dateModified":"2022-05-28T02:08:12+00:00","mainEntityOfPage":{"@id":"https:\/\/apublica.org\/impeachment-bolsonaro\/pedido-0141\/"},"wordCount":199,"image":{"@id":"https:\/\/apublica.org\/impeachment-bolsonaro\/pedido-0141\/#primaryimage"},"thumbnailUrl":"https:\/\/i0.wp.com\/apublica.org\/impeachment-bolsonaro\/wp-content\/uploads\/2021\/11\/pedido-140-capa.jpg?fit=1024%2C768&ssl=1","keywords":["coronav\u00edrus","meio ambiente","sa\u00fade","vacina"],"inLanguage":"pt-BR"},{"@type":"WebPage","@id":"https:\/\/apublica.org\/impeachment-bolsonaro\/pedido-0141\/","url":"https:\/\/apublica.org\/impeachment-bolsonaro\/pedido-0141\/","name":"Pedido 0141 - Os pedidos de impeachment de Bolsonaro","isPartOf":{"@id":"https:\/\/apublica.org\/impeachment-bolsonaro\/#website"},"primaryImageOfPage":{"@id":"https:\/\/apublica.org\/impeachment-bolsonaro\/pedido-0141\/#primaryimage"},"image":{"@id":"https:\/\/apublica.org\/impeachment-bolsonaro\/pedido-0141\/#primaryimage"},"thumbnailUrl":"https:\/\/i0.wp.com\/apublica.org\/impeachment-bolsonaro\/wp-content\/uploads\/2021\/11\/pedido-140-capa.jpg?fit=1024%2C768&ssl=1","datePublished":"2021-11-23T23:40:19+00:00","dateModified":"2022-05-28T02:08:12+00:00","author":{"@id":"https:\/\/apublica.org\/impeachment-bolsonaro\/#\/schema\/person\/447f2e09e528135f8f74e277a4b21ab6"},"breadcrumb":{"@id":"https:\/\/apublica.org\/impeachment-bolsonaro\/pedido-0141\/#breadcrumb"},"inLanguage":"pt-BR","potentialAction":[{"@type":"ReadAction","target":["https:\/\/apublica.org\/impeachment-bolsonaro\/pedido-0141\/"]}]},{"@type":"ImageObject","inLanguage":"pt-BR","@id":"https:\/\/apublica.org\/impeachment-bolsonaro\/pedido-0141\/#primaryimage","url":"https:\/\/i0.wp.com\/apublica.org\/impeachment-bolsonaro\/wp-content\/uploads\/2021\/11\/pedido-140-capa.jpg?fit=1024%2C768&ssl=1","contentUrl":"https:\/\/i0.wp.com\/apublica.org\/impeachment-bolsonaro\/wp-content\/uploads\/2021\/11\/pedido-140-capa.jpg?fit=1024%2C768&ssl=1","width":1024,"height":768},{"@type":"BreadcrumbList","@id":"https:\/\/apublica.org\/impeachment-bolsonaro\/pedido-0141\/#breadcrumb","itemListElement":[{"@type":"ListItem","position":1,"name":"In\u00edcio","item":"https:\/\/apublica.org\/impeachment-bolsonaro\/"},{"@type":"ListItem","position":2,"name":"Pedido 0141"}]},{"@type":"WebSite","@id":"https:\/\/apublica.org\/impeachment-bolsonaro\/#website","url":"https:\/\/apublica.org\/impeachment-bolsonaro\/","name":"Os pedidos de impeachment de Bolsonaro","description":"","potentialAction":[{"@type":"SearchAction","target":{"@type":"EntryPoint","urlTemplate":"https:\/\/apublica.org\/impeachment-bolsonaro\/?s={search_term_string}"},"query-input":{"@type":"PropertyValueSpecification","valueRequired":true,"valueName":"search_term_string"}}],"inLanguage":"pt-BR"},{"@type":"Person","@id":"https:\/\/apublica.org\/impeachment-bolsonaro\/#\/schema\/person\/447f2e09e528135f8f74e277a4b21ab6","name":"Raphaela Ribeiro","image":{"@type":"ImageObject","inLanguage":"pt-BR","@id":"https:\/\/secure.gravatar.com\/avatar\/0f1388e71e41b3748e7a585af729e5a61272509d68d1380dba3193a2f847f585?s=96&d=mm&r=ga4b2ab01403aa0df356a7c395d1d605c","url":"https:\/\/secure.gravatar.com\/avatar\/0f1388e71e41b3748e7a585af729e5a61272509d68d1380dba3193a2f847f585?s=96&d=mm&r=g","contentUrl":"https:\/\/secure.gravatar.com\/avatar\/0f1388e71e41b3748e7a585af729e5a61272509d68d1380dba3193a2f847f585?s=96&d=mm&r=g","caption":"Raphaela Ribeiro"},"description":"Jornalista formada pela Escola de Jornalismo \u00c9nois, laborat\u00f3rio de jornalismo c\u00edvico que trabalha pela equidade e diversidade na m\u00eddia. J\u00e1 teve reportagens focadas em territ\u00f3rio e g\u00eanero publicadas na Folha, HuffPost Brasil, The Intercept e Revista AzMina. Foi rep\u00f3rter tamb\u00e9m do ChecaZap \u2013 projeto de checagem de informa\u00e7\u00e3o \u2013 nas elei\u00e7\u00f5es de 2018. Al\u00e9m de co-autora da webs\u00e9rie \"Comida de Quebrada\", adapta\u00e7\u00e3o em audiovisual do \"Prato Firmeza\", obra finalista do Pr\u00eamio Jabuti 2016. Na P\u00fablica desde 2019, \u00e9 secret\u00e1ria de reda\u00e7\u00e3o. Antes, foi estagi\u00e1ria de reportagem e chegou a participar de coberturas reconhecidas pelo Pr\u00eamio Roche de Jornalismo em Sa\u00fade.\u00a0","url":"https:\/\/apublica.org\/impeachment-bolsonaro\/author\/raphaelaribeiro\/"}]}},"jetpack_featured_media_url":"https:\/\/i0.wp.com\/apublica.org\/impeachment-bolsonaro\/wp-content\/uploads\/2021\/11\/pedido-140-capa.jpg?fit=1024%2C768&ssl=1","jetpack_sharing_enabled":true,"_links":{"self":[{"href":"https:\/\/apublica.org\/impeachment-bolsonaro\/wp-json\/wp\/v2\/posts\/2867","targetHints":{"allow":["GET"]}}],"collection":[{"href":"https:\/\/apublica.org\/impeachment-bolsonaro\/wp-json\/wp\/v2\/posts"}],"about":[{"href":"https:\/\/apublica.org\/impeachment-bolsonaro\/wp-json\/wp\/v2\/types\/post"}],"author":[{"embeddable":true,"href":"https:\/\/apublica.org\/impeachment-bolsonaro\/wp-json\/wp\/v2\/users\/25"}],"replies":[{"embeddable":true,"href":"https:\/\/apublica.org\/impeachment-bolsonaro\/wp-json\/wp\/v2\/comments?post=2867"}],"version-history":[{"count":1,"href":"https:\/\/apublica.org\/impeachment-bolsonaro\/wp-json\/wp\/v2\/posts\/2867\/revisions"}],"predecessor-version":[{"id":3320,"href":"https:\/\/apublica.org\/impeachment-bolsonaro\/wp-json\/wp\/v2\/posts\/2867\/revisions\/3320"}],"wp:featuredmedia":[{"embeddable":true,"href":"https:\/\/apublica.org\/impeachment-bolsonaro\/wp-json\/wp\/v2\/media\/2599"}],"wp:attachment":[{"href":"https:\/\/apublica.org\/impeachment-bolsonaro\/wp-json\/wp\/v2\/media?parent=2867"}],"wp:term":[{"taxonomy":"category","embeddable":true,"href":"https:\/\/apublica.org\/impeachment-bolsonaro\/wp-json\/wp\/v2\/categories?post=2867"},{"taxonomy":"post_tag","embeddable":true,"href":"https:\/\/apublica.org\/impeachment-bolsonaro\/wp-json\/wp\/v2\/tags?post=2867"},{"taxonomy":"author","embeddable":true,"href":"https:\/\/apublica.org\/impeachment-bolsonaro\/wp-json\/wp\/v2\/coauthors?post=2867"}],"curies":[{"name":"wp","href":"https:\/\/api.w.org\/{rel}","templated":true}]}}